{"id":7441,"date":"2026-01-29T13:15:15","date_gmt":"2026-01-29T12:15:15","guid":{"rendered":"https:\/\/vinkovackejeseni.hr\/?p=7441"},"modified":"2026-01-30T07:53:48","modified_gmt":"2026-01-30T06:53:48","slug":"organizacijski-odbor-odao-pocast-i-zahvalu-preminulom-bozi-galicu","status":"publish","type":"post","link":"https:\/\/vinkovackejeseni.hr\/en\/organizacijski-odbor-odao-pocast-i-zahvalu-preminulom-bozi-galicu\/","title":{"rendered":"Organizacijski odbor odao po\u010dast i zahvalu preminulom Bo\u017ei Gali\u0107u"},"content":{"rendered":"<p align=\"justify\">Na po\u010detku prve sjednice Organizacijskog odbora za 61. Vinkova\u010dke jeseni minutom \u0161utnje organizatori Vinkova\u010dkih jeseni odali su po\u010dast i zahvalu preminulom <strong>Bo\u017ei Gali\u0107u<\/strong>, dugogodi\u0161njem vukovarsko-srijemskom \u017eupanu.<\/p>\n<p align=\"justify\"><em><strong>&#8220;Bo\u017eo je dao velik doprinos ne samo Vukovarsko-srijemskoj \u017eupaniji nego i manifestaciji Vinkova\u010dke jeseni. Upravo na tragu tog zajedni\u0161tva te o\u010duvanja tradicijske kulture i bogate ba\u0161tine zapo\u010dinjemo pripreme za 61. Vinkova\u010dke jeseni\u201c,<\/strong><\/em> kratko je rekao gradona\u010delnik Josip Romi\u0107.<\/p>\n<p align=\"justify\">\u017dupan Ivan Bosan\u010di\u0107 istaknuo kako je Bo\u017eo Gali\u0107 bio veliki zaljubljenik u tradicijsku kulturu.<\/p>\n<p align=\"justify\"><em><strong>\u201e\u017delio bih izraziti veliku zahvalnost na\u0161em Bo\u017ei za sve \u0161to je u\u010dinio. Iako je imao veliko hercegova\u010dko srce, imao je i sna\u017enu slavonsku du\u0161u, volio je na\u0161u tradiciju, pjesmu i cijeli slavonski kraj. Svojim sudjelovanjem na Vinkova\u010dkim jesenima dao nam je najbolji primjer kako se voli i \u010duva tradicijska kultura\u201c<\/strong><\/em>, poru\u010dio je \u017eupan Bosan\u010di\u0107.<\/p>","protected":false},"excerpt":{"rendered":"<p>Na po\u010detku prve sjednice Organizacijskog odbora za 61. Vinkova\u010dke jeseni minutom \u0161utnje organizatori Vinkova\u010dkih jeseni odali su po\u010dast i zahvalu preminulom Bo\u017ei Gali\u0107u, dugogodi\u0161njem vukovarsko-srijemskom \u017eupanu. &#8220;Bo\u017eo je dao velik doprinos ne samo Vukovarsko-srijemskoj \u017eupaniji nego i manifestaciji Vinkova\u010dke jeseni. Upravo na tragu tog zajedni\u0161tva te o\u010duvanja tradicijske kulture i bogate ba\u0161tine zapo\u010dinjemo pripreme za [&hellip;]<\/p>","protected":false},"author":1,"featured_media":7442,"comment_status":"closed","ping_status":"closed","sticky":false,"template":"","format":"standard","meta":{"_et_pb_use_builder":"","_et_pb_old_content":"","_et_gb_content_width":"","footnotes":""},"categories":[6],"tags":[13],"class_list":["post-7441","post","type-post","status-publish","format-standard","has-post-thumbnail","hentry","category-vijesti","tag-bozo-galic"],"_links":{"self":[{"href":"https:\/\/vinkovackejeseni.hr\/en\/wp-json\/wp\/v2\/posts\/7441","targetHints":{"allow":["GET"]}}],"collection":[{"href":"https:\/\/vinkovackejeseni.hr\/en\/wp-json\/wp\/v2\/posts"}],"about":[{"href":"https:\/\/vinkovackejeseni.hr\/en\/wp-json\/wp\/v2\/types\/post"}],"author":[{"embeddable":true,"href":"https:\/\/vinkovackejeseni.hr\/en\/wp-json\/wp\/v2\/users\/1"}],"replies":[{"embeddable":true,"href":"https:\/\/vinkovackejeseni.hr\/en\/wp-json\/wp\/v2\/comments?post=7441"}],"version-history":[{"count":2,"href":"https:\/\/vinkovackejeseni.hr\/en\/wp-json\/wp\/v2\/posts\/7441\/revisions"}],"predecessor-version":[{"id":7444,"href":"https:\/\/vinkovackejeseni.hr\/en\/wp-json\/wp\/v2\/posts\/7441\/revisions\/7444"}],"wp:featuredmedia":[{"embeddable":true,"href":"https:\/\/vinkovackejeseni.hr\/en\/wp-json\/wp\/v2\/media\/7442"}],"wp:attachment":[{"href":"https:\/\/vinkovackejeseni.hr\/en\/wp-json\/wp\/v2\/media?parent=7441"}],"wp:term":[{"taxonomy":"category","embeddable":true,"href":"https:\/\/vinkovackejeseni.hr\/en\/wp-json\/wp\/v2\/categories?post=7441"},{"taxonomy":"post_tag","embeddable":true,"href":"https:\/\/vinkovackejeseni.hr\/en\/wp-json\/wp\/v2\/tags?post=7441"}],"curies":[{"name":"wp","href":"https:\/\/api.w.org\/{rel}","templated":true}]}}