{"id":7417,"date":"2026-01-29T12:48:24","date_gmt":"2026-01-29T11:48:24","guid":{"rendered":"https:\/\/vinkovackejeseni.hr\/?p=7417"},"modified":"2026-01-29T12:50:56","modified_gmt":"2026-01-29T11:50:56","slug":"ovogodisnje-vinkovacke-jeseni-pod-sloganom-vlak-slavonske-ravnice","status":"publish","type":"post","link":"https:\/\/vinkovackejeseni.hr\/en\/ovogodisnje-vinkovacke-jeseni-pod-sloganom-vlak-slavonske-ravnice\/","title":{"rendered":"Ovogodi\u0161nje Vinkova\u010dke jeseni pod sloganom &#8220;Vlak slavonske ravnice&#8221;"},"content":{"rendered":"<p align=\"justify\">Po\u010detak godine donio je i po\u010detak organizacije <strong>61. Vinkova\u010dkih jeseni<\/strong> i tim povodom je u maloj gradskoj vije\u0107nici odr\u017eana prva sjednica Organizacijskog odbora. Istaknuto je kako \u0107e kako \u0107e najve\u0107a manifestacija tradicijske kulture u Hrvatskoj biti odr\u017eana <strong>od 11. do 20. rujna<\/strong> pod sloganom <strong>\u201eVlak slavonske ravnice\u201d.<\/strong><\/p>\n<p align=\"justify\"><a href=\"https:\/\/vinkovackejeseni.hr\/wp-content\/uploads\/2026\/01\/Plakat_INSTAGRAM-OBJAVA-scaled.png\"><img loading=\"lazy\" decoding=\"async\" class=\"alignnone size-full wp-image-7418\" src=\"https:\/\/vinkovackejeseni.hr\/wp-content\/uploads\/2026\/01\/Plakat_INSTAGRAM-OBJAVA-scaled.png\" alt=\"\" width=\"2049\" height=\"2560\" \/><\/a><\/p>\n<p align=\"justify\">Uz gradona\u010delnika <strong>Josipa Romi\u0107a<\/strong> i njegovu zamjenicu <strong>Katarinu Vu\u010di\u0107<\/strong> te \u017eupana Vukovarsko-srijemske \u017eupanije <strong>Ivana Bosan\u010di\u0107a<\/strong>, sjednici su nazo\u010dili i gradska pro\u010delnica Upravnog odjela za kulturu i turizam <strong>Marija Li\u0161\u010di\u0107 Drmi\u0107<\/strong>, \u017eupanijska pro\u010delnica Upravnog odjela za kulturu i turizam <strong>Tamara Kalistovi\u0107<\/strong>, predsjednica ZAKUD-a Vukovarsko-srijemske \u017eupanije <strong>Martina Kelava<\/strong> i <strong>Marko Sabljakovi\u0107,<\/strong> autor scenarija i redatelj sve\u010danosti otvorenja.<\/p>\n<p align=\"justify\"><em><strong>\u201eVjerujem da \u0107e i 61. Vinkova\u010dke jeseni biti bogate na\u0161om tradicijskom kulturom, ljepotom narodnih no\u0161nji, plesom i pjesmom. Ovogodi\u0161nja tema govori o nekada\u0161njim vremenima, povezuju\u0107i pro\u0161lost i sada\u0161njost kroz \u017eivotne pri\u010de ljudi koji su doselili i zavoljeli Slavoniju kao svoju rodnu grudu. Progovara i o zajedni\u0161tvu, osobito u trenucima kada je ono bilo najpotrebnije. Ovo je manifestacija koja nas okuplja i kroz koju \u010duvamo slavonski identitet, gdje god bili\u201d,<\/strong><\/em> istaknuo je gradona\u010delnik Romi\u0107.<\/p>\n<p align=\"justify\"><a href=\"https:\/\/vinkovackejeseni.hr\/wp-content\/uploads\/2026\/01\/IMG_7459-scaled.jpg\"><img loading=\"lazy\" decoding=\"async\" class=\"alignnone size-full wp-image-7419\" src=\"https:\/\/vinkovackejeseni.hr\/wp-content\/uploads\/2026\/01\/IMG_7459-scaled.jpg\" alt=\"\" width=\"2560\" height=\"1707\" \/><\/a><\/p>\n<p align=\"justify\">\u017dupan Ivan Bosan\u010di\u0107 uputio je \u010destitke organizacijskom odboru te istaknuo kako \u0107e \u017dupanija kao institucija i dalje nastaviti pru\u017eati podr\u0161ku Vinkova\u010dkim jesenima. <em><strong>\u201eOvo je ve\u0107 61 godina tradicije u koju su utkani slavonska ljubav i du\u0161a, a upravo je to razlog zbog kojeg su Vinkova\u010dke jeseni izrasle u najve\u0107u manifestaciju u Hrvata. Posebno mi je drago istaknuti kako iz godine u godinu kontinuirano rastu i napreduju. Siguran sam da \u0107e ovogodi\u0161nje izdanje biti najbolje do sada!\u201d,<\/strong> <\/em>poru\u010dio je \u017eupan.<\/p>\n<p align=\"justify\">ZAKUD je i ove godine odgovoran za tradicijski dio Jeseni, uklju\u010duju\u0107i temeljne folklorne priredbe. Jubilarne, 60. Vinkova\u010dke jeseni osvojile su niz priznanja i nagrada, jo\u0161 jednom potvrdiv\u0161i posebno mjesto u kulturnoj tradiciji.<\/p>\n<p align=\"justify\"><em><strong>\u201eMoramo se prisjetiti i svih priznanja koja smo tijekom pro\u0161le godine dobili od struke, povodom 60 godina trajanja ove kulturno-turisti\u010dke manifestacije. Me\u0111u njima se isti\u010de \u0161ampionska titula Zlatni veliki suncokret, dodijeljena za najbolji turisti\u010dki doga\u0111aj na otvorenom. Uvr\u0161teni smo i me\u0111u tri najbolja doga\u0111anja u kategoriji Turisti\u010dki doga\u0111aj godine na Danima hrvatskog turizma. Tako\u0111er smo dobitnici posebnog priznanja Marco Polo za o\u010duvanje identiteta i ba\u0161tine hrvatskog naroda u njezinu izvornom obliku, kao i prve nagrade za najbolju najavu manifestacije u kategoriji etnografski film za tematski naslovljen uradak \u201eJesen rumeni\u2019 jabuka\u201d. Nastavljaju\u0107i se na ovogodi\u0161nju temu Vinkova\u010dkih jeseni, svi \u0107e putovi voditi u Vinkovce, sredi\u0161te hrvatske tradicijske kulture, gdje \u0107emo se okupiti oko vrijednosti koje smo naslijedili od na\u0161ih prethodnika\u201d,<\/strong><\/em> kazala je predsjednica ZAKUD-a Vukovarsko-srijemske \u017eupanije Martina Kelava.<\/p>\n<p><a href=\"https:\/\/vinkovackejeseni.hr\/wp-content\/uploads\/2026\/01\/621937658_1492129482921491_8935718356619349151_n.jpg\"><img loading=\"lazy\" decoding=\"async\" class=\"alignnone size-full wp-image-7426\" src=\"https:\/\/vinkovackejeseni.hr\/wp-content\/uploads\/2026\/01\/621937658_1492129482921491_8935718356619349151_n.jpg\" alt=\"\" width=\"2048\" height=\"1226\" \/><\/a><\/p>\n<p align=\"justify\">Priredba sve\u010danog otvorenja jedan je od va\u017enijih dijelova Vinkova\u010dkih jeseni jer nam prikazuje temu manifestacije. Temu ovogodi\u0161njeg otvorenja \u201eVlak slavonske ravnice\u201d predstavio je Marko Sabljakovi\u0107. Prema njegovim rije\u010dima, mnogi su se, odlaze\u0107i iz krajeva Like, Korduna, Dalmacije, Dalmatinske zagore i drugih podru\u010dja, nastanili na slavonskoj grudi. Slavonska ravnica postala im je vje\u010dnim po\u010divali\u0161tem, a njihovim potomcima i danas je mjesto obitavanja te se generacijama unazad prenosi zahvalnost plodnoj zemlji crnici i slavonskom narodu.<\/p>\n<p align=\"justify\"><em><strong>\u201eNekada je vlak bio jedino prijevozno sredstvo kojim se putovalo kopnom na udaljene relacije, pa su ve\u0107 po\u010detkom 20. stolje\u0107a Vinkovci postali zna\u010dajno \u017eeljezni\u010dko \u010dvori\u0161te, a u narednim desetlje\u0107ima i jedno od najve\u0107ih europskih \u010dvori\u0161ta. To je omogu\u0107ilo naseljavanje stanovnika iz drugih krajeva, pa se koncem Prvog svjetskog rata spominje jedna od najve\u0107ih humanitarnih akcija u povijesti. Izme\u0111u 17 i 18 tisu\u0107a hercegova\u010dke djece njihov spasitelj, njihov Mojsije, kako ga nazivamo, fra Didak Bunti\u0107, spa\u0161ava od gladi te ih vlakom, u organiziranoj akciji, \u0161alje u Slavoniju, gdje su im udomiteljske obitelji i usvojitelji omogu\u0107ili \u017eivot i rad, u ku\u0107ama i na poljima, a \u017eito koje su tijekom \u017eetve ubirali postajalo je njihov kruh svagda\u0161nji. Mnogi se nikada nisu vratili biolo\u0161kim roditeljima jer ne bi pre\u017eivjeli, a njihovi potomci danas su ponosni Slavonci i Srijemci\u201d,<\/strong><\/em> pojasnio je Sabljakovi\u0107. Dodao je kako \u0107e po\u010detna scena ovogodi\u0161nje predstave na sve\u010danom otvorenju Vinkova\u010dkih jeseni, kroz simboliku tra\u010dnica i pojavu djece, biti sna\u017ean uvod u dramatur\u0161ku okosnicu pri\u010de u kojoj \u0107e za\u017eivjeti brojni likovi, kao i \u017eivotne pri\u010de nekih od doseljenika u Slavoniju.<\/p>\n<p align=\"justify\"><a href=\"https:\/\/vinkovackejeseni.hr\/wp-content\/uploads\/2026\/01\/IMG_7471-scaled.jpg\"><img loading=\"lazy\" decoding=\"async\" class=\"alignnone size-full wp-image-7422\" src=\"https:\/\/vinkovackejeseni.hr\/wp-content\/uploads\/2026\/01\/IMG_7471-scaled.jpg\" alt=\"\" width=\"2560\" height=\"1707\" \/><\/a><\/p>\n<p align=\"justify\">Odlazak iz rodnog kraja, po\u010detak novog \u017eivota, mno\u0161tvo duhovitosti, a potom i prihva\u0107anje doseljenika samo su dio onoga \u0161to \u0107e za\u017eivjeti kroz sadr\u017eaj teme na ovogodi\u0161njoj pozornici tradicionalne manifestacije, zahvaljuju\u0107i kojoj su Vinkovci unazad \u0161est desetlje\u0107a mjesto susreta, mjesto okupljanja razli\u010ditih obi\u010daja, pjesme i kola svih hrvatskih krajeva te Hrvata izvan domovine.<\/p>","protected":false},"excerpt":{"rendered":"<p>Po\u010detak godine donio je i po\u010detak organizacije 61. Vinkova\u010dkih jeseni i tim povodom je u maloj gradskoj vije\u0107nici odr\u017eana prva sjednica Organizacijskog odbora. Istaknuto je kako \u0107e kako \u0107e najve\u0107a manifestacija tradicijske kulture u Hrvatskoj biti odr\u017eana od 11. do 20. rujna pod sloganom \u201eVlak slavonske ravnice\u201d. Uz gradona\u010delnika Josipa Romi\u0107a i njegovu zamjenicu Katarinu [&hellip;]<\/p>","protected":false},"author":1,"featured_media":7423,"comment_status":"closed","ping_status":"closed","sticky":false,"template":"","format":"standard","meta":{"_et_pb_use_builder":"","_et_pb_old_content":"","_et_gb_content_width":"","footnotes":""},"categories":[34,6],"tags":[332,333,334],"class_list":["post-7417","post","type-post","status-publish","format-standard","has-post-thumbnail","hentry","category-najave","category-vijesti","tag-61-vinkovacke-jeseni","tag-slogan","tag-vlak-slavonske-ravnice"],"_links":{"self":[{"href":"https:\/\/vinkovackejeseni.hr\/en\/wp-json\/wp\/v2\/posts\/7417","targetHints":{"allow":["GET"]}}],"collection":[{"href":"https:\/\/vinkovackejeseni.hr\/en\/wp-json\/wp\/v2\/posts"}],"about":[{"href":"https:\/\/vinkovackejeseni.hr\/en\/wp-json\/wp\/v2\/types\/post"}],"author":[{"embeddable":true,"href":"https:\/\/vinkovackejeseni.hr\/en\/wp-json\/wp\/v2\/users\/1"}],"replies":[{"embeddable":true,"href":"https:\/\/vinkovackejeseni.hr\/en\/wp-json\/wp\/v2\/comments?post=7417"}],"version-history":[{"count":3,"href":"https:\/\/vinkovackejeseni.hr\/en\/wp-json\/wp\/v2\/posts\/7417\/revisions"}],"predecessor-version":[{"id":7427,"href":"https:\/\/vinkovackejeseni.hr\/en\/wp-json\/wp\/v2\/posts\/7417\/revisions\/7427"}],"wp:featuredmedia":[{"embeddable":true,"href":"https:\/\/vinkovackejeseni.hr\/en\/wp-json\/wp\/v2\/media\/7423"}],"wp:attachment":[{"href":"https:\/\/vinkovackejeseni.hr\/en\/wp-json\/wp\/v2\/media?parent=7417"}],"wp:term":[{"taxonomy":"category","embeddable":true,"href":"https:\/\/vinkovackejeseni.hr\/en\/wp-json\/wp\/v2\/categories?post=7417"},{"taxonomy":"post_tag","embeddable":true,"href":"https:\/\/vinkovackejeseni.hr\/en\/wp-json\/wp\/v2\/tags?post=7417"}],"curies":[{"name":"wp","href":"https:\/\/api.w.org\/{rel}","templated":true}]}}