{"id":7279,"date":"2025-09-20T08:00:33","date_gmt":"2025-09-20T06:00:33","guid":{"rendered":"https:\/\/vinkovackejeseni.hr\/?p=7279"},"modified":"2025-09-20T08:12:51","modified_gmt":"2025-09-20T06:12:51","slug":"pretposljednji-dan-u-znaku-drzavne-smotre-izvornog-hrvatskog-folklora-i-koncerta-zvonka-bodgana","status":"publish","type":"post","link":"https:\/\/vinkovackejeseni.hr\/en\/pretposljednji-dan-u-znaku-drzavne-smotre-izvornog-hrvatskog-folklora-i-koncerta-zvonka-bodgana\/","title":{"rendered":"Pretposljednji dan u znaku Dr\u017eavne smotre izvornog hrvatskog folklora i koncerta Zvonka Bogdana"},"content":{"rendered":"<p style=\"text-align: justify;\"><strong>Nakon sve\u010danog otvorenja ju\u010der i uzbu\u0111enja koje se \u0161iri gradom, Vinkova\u010dke jeseni ulaze u svoj pretposljednji dan. Subota je u znaku djece, folklora, starih obi\u010daja i nezaboravne pjesme, dok se u isto vrijeme odbrojava do vrhunca manifestacije &#8211; Sve\u010danog mimohoda, koji nas \u010deka u nedjelju.<\/strong><\/p>\n<p><a href=\"https:\/\/vinkovackejeseni.hr\/wp-content\/uploads\/2025\/09\/IMG_8989.jpeg\"><img loading=\"lazy\" decoding=\"async\" class=\"alignnone size-full wp-image-7281\" src=\"https:\/\/vinkovackejeseni.hr\/wp-content\/uploads\/2025\/09\/IMG_8989.jpeg\" alt=\"\" width=\"2048\" height=\"1365\" \/><\/a> <a href=\"https:\/\/vinkovackejeseni.hr\/wp-content\/uploads\/2025\/09\/IMG_8988.jpeg\"><img loading=\"lazy\" decoding=\"async\" class=\"alignnone size-full wp-image-7282\" src=\"https:\/\/vinkovackejeseni.hr\/wp-content\/uploads\/2025\/09\/IMG_8988.jpeg\" alt=\"\" width=\"2048\" height=\"1365\" \/><\/a><\/p>\n<p style=\"text-align: justify;\"><strong>Dvori\u0161te ideja<\/strong> posljedni put otvara svoja vrata u ovoj manifestaciji. Ve\u0107 od 10 sati najmla\u0111e o\u010dekuje <em>storytelling<\/em> <strong>&#8220;Pri\u010dam ti pri\u010du&#8221;<\/strong>, a potom i <strong>predstava &#8220;Dnevnik uspomena moje bake&#8221;<\/strong>.<\/p>\n<p style=\"text-align: justify;\">U isto vrijeme, grad o\u017eivljava u retro duhu &#8211; od 11 sati kre\u0107e <strong>defile oldtimera &#8220;Stari sjaj Vinkovci&#8221;<\/strong>, a svi znati\u017eeljni imat \u0107e priliku provozati se povijesnim ljepoticama na \u010detiri kota\u010da. Kazali\u0161te Joza Ivaki\u0107 donosi novu radost za djecu &#8211; <strong>premijeru predstave &#8220;P\u010delice&#8221;<\/strong>, i to u dva termina: u 11 te ponovno u 18 sati.<\/p>\n<p style=\"text-align: justify;\">Ve\u010der na Trgu Vinkova\u010dkih jeseni u znaku je tradicije uljep\u0161ane na poseban na\u010din. Od 18 sati posjetitelji mogu vidjeti izradu <strong>Etno frizure svijeta<\/strong>, a od 21 sat slijedi i modna revija u istom tonu. Glavna pozornica od 19:30 do 22 sata bit \u0107e rezervirana za <strong>Dr\u017eavnu smotru izvornog hrvatskog folklora<\/strong>, gdje \u0107e se predstaviti:<\/p>\n<ul>\n<li>HKUD \u201eFala\u201c \u2013 Schaffhausen (\u0160vicarska)<\/li>\n<li>Zajedni\u0161tvo Hrvata iz Rumunjske \u2013 KUD \u201eKara\u0161evska zora\u201c \u2013 Kara\u0161evo (Rumunjska)<\/li>\n<li>KUD \u201eCroatia\u201c \u2013 St. P\u00f6lten (Austrija)<\/li>\n<li>KUD \u201eSelja\u010dka sloga\u201c \u2013 Bogdanovci (Vukovarsko-srijemska)<\/li>\n<li>FD \u201eKumpanija\u201c \u2013 Vela Luka (Dubrova\u010dko-neretvanska)<\/li>\n<li>KUD \u201eIve Jurjevi\u0107\u201c \u2013 Omi\u0161alj (Primorsko-goranska)<\/li>\n<li>KUD \u201eSv. Jeronim\u201c \u2013 \u0160trigova (Me\u0111imurska)<\/li>\n<li>KUD \u201eTuranj\u201c \u2013 Karlovac (Karlova\u010dka)<\/li>\n<li>KUD \u201eVinac\u201c \u2013 Stankovci (Zadarska)<\/li>\n<li>KUU \u201eGacka\u201c \u2013 Li\u010dko Le\u0161\u0107e (Li\u010dko-senjska)<\/li>\n<li>KUD \u201eDikova\u010da\u201c \u2013 Zmijavci (Splitsko-dalmatinska)<\/li>\n<li>KUD \u201eBarban\u201c \u2013 Barban (Istarska)<\/li>\n<li>UGOP \u201eKr\u010d\u201c \u2013 Primo\u0161ten (\u0160ibensko-kninska)<\/li>\n<\/ul>\n<p><a href=\"https:\/\/vinkovackejeseni.hr\/wp-content\/uploads\/2025\/09\/IMG_8987.jpeg\"><img loading=\"lazy\" decoding=\"async\" class=\"alignnone size-full wp-image-7283\" src=\"https:\/\/vinkovackejeseni.hr\/wp-content\/uploads\/2025\/09\/IMG_8987.jpeg\" alt=\"\" width=\"2048\" height=\"1365\" \/><\/a><\/p>\n<p style=\"text-align: justify;\">Za gurmane &#8211; sti\u017ee i <strong>posljednja podjela \u010dobanca<\/strong> ove godine! Ispred Lova\u010dkog saveza u 19 sati dijeli se novih 400 porcija slavonskog specijaliteta.<\/p>\n<p style=\"text-align: justify;\"><strong>Urbane jeseni<\/strong> i ovog puta donose odli\u010dnu atmosferu &#8211; u 20 sati nastupaju <strong>Alen i Karlo<\/strong>, dok \u0107e na <strong>Sokaku<\/strong> tambura\u0161kih duh \u010duvati <strong>TS Birta\u0161i<\/strong>.<\/p>\n<p style=\"text-align: justify;\">A onda glazbeni vrhunac ve\u010deri. Od 22 sata u \u0161atoru nastupa <strong>legendarni Zvonko Bogdan<\/strong>, \u010dije \u0107e pjesme uveseliti sve generacije i zaokru\u017eiti subotnji program.<\/p>\n<p style=\"text-align: justify;\">Sitno brojimo &#8211; <strong>jo\u0161 samo 24 sata dijele nas od Sve\u010danog mimohoda<\/strong>, u kojem \u0107e ove godine sudjelovati 69 KUD-ova iz Hrvatske i inozemstva, a nakon vi\u0161e godina zavr\u0161nica Vinkova\u010dkih jesni ponovno se vra\u0107a na stadion <strong>HNK Cibalia<\/strong> gdje \u0107e se igrati najve\u0107e \u0161oka\u010dko kolo.<\/p>\n<p><a href=\"https:\/\/vinkovackejeseni.hr\/wp-content\/uploads\/2017\/09\/kolo2.jpg\"><img loading=\"lazy\" decoding=\"async\" class=\"alignnone size-full wp-image-2603\" src=\"https:\/\/vinkovackejeseni.hr\/wp-content\/uploads\/2017\/09\/kolo2.jpg\" alt=\"\" width=\"1200\" height=\"675\" \/><\/a><\/p>\n<p><a href=\"https:\/\/vinkovackejeseni.hr\/wp-content\/uploads\/2025\/09\/IMG_8986.jpeg\"><img loading=\"lazy\" decoding=\"async\" class=\"alignnone size-full wp-image-7284\" src=\"https:\/\/vinkovackejeseni.hr\/wp-content\/uploads\/2025\/09\/IMG_8986.jpeg\" alt=\"\" width=\"2048\" height=\"1365\" \/><\/a><\/p>","protected":false},"excerpt":{"rendered":"<p>Nakon sve\u010danog otvorenja ju\u010der i uzbu\u0111enja koje se \u0161iri gradom, Vinkova\u010dke jeseni ulaze u svoj pretposljednji dan. Subota je u znaku djece, folklora, starih obi\u010daja i nezaboravne pjesme, dok se u isto vrijeme odbrojava do vrhunca manifestacije &#8211; Sve\u010danog mimohoda, koji nas \u010deka u nedjelju. Dvori\u0161te ideja posljedni put otvara svoja vrata u ovoj manifestaciji. [&hellip;]<\/p>","protected":false},"author":1,"featured_media":7280,"comment_status":"closed","ping_status":"closed","sticky":false,"template":"","format":"standard","meta":{"_et_pb_use_builder":"","_et_pb_old_content":"","_et_gb_content_width":"","footnotes":""},"categories":[34,31,6],"tags":[272,312,41],"class_list":["post-7279","post","type-post","status-publish","format-standard","has-post-thumbnail","hentry","category-najave","category-novosti","category-vijesti","tag-60-vinkovacke-jeseni","tag-deveti-dan","tag-najava"],"_links":{"self":[{"href":"https:\/\/vinkovackejeseni.hr\/en\/wp-json\/wp\/v2\/posts\/7279","targetHints":{"allow":["GET"]}}],"collection":[{"href":"https:\/\/vinkovackejeseni.hr\/en\/wp-json\/wp\/v2\/posts"}],"about":[{"href":"https:\/\/vinkovackejeseni.hr\/en\/wp-json\/wp\/v2\/types\/post"}],"author":[{"embeddable":true,"href":"https:\/\/vinkovackejeseni.hr\/en\/wp-json\/wp\/v2\/users\/1"}],"replies":[{"embeddable":true,"href":"https:\/\/vinkovackejeseni.hr\/en\/wp-json\/wp\/v2\/comments?post=7279"}],"version-history":[{"count":2,"href":"https:\/\/vinkovackejeseni.hr\/en\/wp-json\/wp\/v2\/posts\/7279\/revisions"}],"predecessor-version":[{"id":7286,"href":"https:\/\/vinkovackejeseni.hr\/en\/wp-json\/wp\/v2\/posts\/7279\/revisions\/7286"}],"wp:featuredmedia":[{"embeddable":true,"href":"https:\/\/vinkovackejeseni.hr\/en\/wp-json\/wp\/v2\/media\/7280"}],"wp:attachment":[{"href":"https:\/\/vinkovackejeseni.hr\/en\/wp-json\/wp\/v2\/media?parent=7279"}],"wp:term":[{"taxonomy":"category","embeddable":true,"href":"https:\/\/vinkovackejeseni.hr\/en\/wp-json\/wp\/v2\/categories?post=7279"},{"taxonomy":"post_tag","embeddable":true,"href":"https:\/\/vinkovackejeseni.hr\/en\/wp-json\/wp\/v2\/tags?post=7279"}],"curies":[{"name":"wp","href":"https:\/\/api.w.org\/{rel}","templated":true}]}}