{"id":6773,"date":"2025-09-08T08:15:59","date_gmt":"2025-09-08T06:15:59","guid":{"rendered":"https:\/\/vinkovackejeseni.hr\/?p=6773"},"modified":"2025-09-08T08:15:59","modified_gmt":"2025-09-08T06:15:59","slug":"zavrsetak-svecanog-mimohoda-vraca-se-na-stadion","status":"publish","type":"post","link":"https:\/\/vinkovackejeseni.hr\/en\/zavrsetak-svecanog-mimohoda-vraca-se-na-stadion\/","title":{"rendered":"Zavr\u0161etak Sve\u010danog mimohoda vra\u0107a se na stadion"},"content":{"rendered":"<p>Nakon vi\u0161e godina, zavr\u0161nica Vinkova\u010dkih jeseni ponovno se vra\u0107a na stadion HNK Cibalia.<strong> Mimohod,<\/strong> koji \u0107e pro\u0107i sredi\u0161tem grada i Genscherovom ulicom, zavr\u0161it \u0107e na stadionu gdje \u0107e se <strong>igrati najve\u0107e \u0161oka\u010dko kolo<\/strong> \u2013 prizor koji je nekad bio prepoznatljiva razglednica grada poslana u svijet.<\/p>\n<p><em><strong>\u201eDrago mi je \u0161to je Organizacijski odbor Vinkova\u010dkih jeseni jo\u0161 po\u010detkom godine prihvatio prijedlog da se zavr\u0161etak sve\u010danog mimohoda ponovno vrati na stadion. Ono \u0161to je stadion \u010dinilo posebnim to je bila ta slika koja je obilazila Hrvatsku i svijet\u201c<\/strong><\/em>, kazao je Marko Sabljakovi\u0107, tajnik ZAKUD-a.<\/p>\n<div id=\"attachment_6776\" style=\"width: 730px\" class=\"wp-caption alignnone\"><img loading=\"lazy\" decoding=\"async\" aria-describedby=\"caption-attachment-6776\" class=\"size-full wp-image-6776\" src=\"https:\/\/vinkovackejeseni.hr\/wp-content\/uploads\/2025\/09\/stadion3.jpg\" alt=\"\" width=\"720\" height=\"960\" \/><p id=\"caption-attachment-6776\" class=\"wp-caption-text\">Arhiva<\/p><\/div>\n<p>Za organizatore, Jeseni traju cijele godine. \u010cim jedne zavr\u0161e, po\u010dinju pripreme za sljede\u0107e. Mjesecima obilaze kulturno-umjetni\u010dka dru\u0161tva u \u017eupaniji, razgovaraju s njima i bilje\u017ee njihove prijedloge, kritike i komentare, a sve s ciljem da ove godine jubilarne 60. Vinkova\u010dke jeseni budu \u0161to bolje. <strong>Predsjednica ZAKUD-a Martina Kelava<\/strong> istaknula je kako je upravo sve\u010dani mimohod bio jedna od najva\u017enijih tema razgovora.<\/p>\n<p><img loading=\"lazy\" decoding=\"async\" class=\"alignnone size-large wp-image-6779\" src=\"https:\/\/vinkovackejeseni.hr\/wp-content\/uploads\/2025\/09\/kelava-1024x629.png\" alt=\"\" width=\"1024\" height=\"629\" \/><\/p>\n<p><em><strong>\u201eDivno nam je bilo u obilasku dru\u0161tava. Dobili smo od njih iskrenu interakciju, sugestije, komentare, kritike i gotovo svi su se slo\u017eili da \u017eele jedan smisleni zavr\u0161etak mimohoda. Na kraju bismo napravili ono \u0161to nas najvi\u0161e ve\u017ee, zaigrali zajedni\u010dko \u0161oka\u010dko kolo\u201c,<\/strong><\/em> rekla je<strong> Marija Maslov,<\/strong> stru\u010dna suradnica za sve\u010dani mimohod.<\/p>\n<p><img loading=\"lazy\" decoding=\"async\" class=\"alignnone size-large wp-image-6777\" src=\"https:\/\/vinkovackejeseni.hr\/wp-content\/uploads\/2025\/09\/maslov-1024x519.png\" alt=\"\" width=\"1024\" height=\"519\" \/><\/p>\n<p><em><strong>\u201eUpravo smo na njihov prijedlog, slu\u0161aju\u0107i njihova razmi\u0161ljanja, odlu\u010dili ove godine ponovno se vratiti na stadion\u201c<\/strong><\/em>, dodala je predsjednica ZAKUD-a. Podsjetila je kako su u ranim godinama mimohodi zavr\u0161avali na pomo\u0107nom igrali\u0161tu, poznatom kao Lokomotivino igrali\u0161te.<\/p>\n<p>Kako je to izgledalo nekada, prisjetili su se dugogodi\u0161nji voditelji programa <strong>Zvonko Petri\u010devi\u0107, Milka Vida i Biljana Pavlovi\u0107.<\/strong><\/p>\n<p><em><strong>\u201ePrije nego \u0161to \u0107e jedne godine nastupiti prva folklorna skupina, zamolio sam gledateljstvo da se dignu oni koji su gosti na Vinkova\u010dkim jesenima. Diglo se oko 70 %. Tada sam zamolio doma\u0107ine za jedan veliki aplauz, kako bismo im po\u017eeljeli dobrodo\u0161licu\u201c<\/strong><\/em>, pamti Petri\u010devi\u0107.<\/p>\n<p><img loading=\"lazy\" decoding=\"async\" class=\"alignnone size-large wp-image-6775\" src=\"https:\/\/vinkovackejeseni.hr\/wp-content\/uploads\/2025\/09\/sabljakovic-petricevic-1024x504.png\" alt=\"\" width=\"1024\" height=\"504\" \/><\/p>\n<p><em><strong>\u201eVrhunac je bio oko podneva kada smo trebali biti u punom krugu. Ki\u0161a je po\u010dela padati. Stadion je izgledao kao da smo prosuli kokice. Folklora\u0161i su se rastr\u010dali poku\u0161avaju\u0107i sa\u010duvati no\u0161nje. Sav trud nestao je u trenutku, ali ki\u0161a nije dugo trajala i svi smo se vratili na po\u010detnu poziciju\u201c<\/strong><\/em>, prisjetila se <strong>Biljana Pavlovi\u0107<\/strong> nezaboravne epizode koja \u0107e uz Petri\u010devi\u0107a i ove godine voditi program na stadionu.<\/p>\n<p>Svoj doprinos dala je i Milka Vida. <em><strong>\u201eGodine 1994., na 29. Vinkova\u010dkim jesenima, na stadionu je odr\u017eana Smotra izvornog hrvatskog folklora. Scenarij smo radile Ksenija Urli\u010di\u0107 i ja, a ona je bila i redateljica. Nastupile su skupine iz cijele dr\u017eave, a Organizacijski odbor i Turisti\u010dka zajednica nagra\u0111ivali su najmla\u0111eg i najstarijeg sudionika. To mi se jako svidjelo. Smotra je zapo\u010dela slavonskom himnom \u201ePjevat \u0107e Slavonija\u201c u izvedbi Dragutina Zeljkovi\u0107a &#8211; Caneta\u201c<\/strong><\/em>, prisje\u0107a se ova dugogodi\u0161nja spikerica Radio Vinkovaca.<\/p>\n<p><img loading=\"lazy\" decoding=\"async\" class=\"alignnone size-large wp-image-6599\" src=\"https:\/\/vinkovackejeseni.hr\/wp-content\/uploads\/2025\/08\/DSC01298-1024x683.jpg\" alt=\"\" width=\"1024\" height=\"683\" \/><\/p>\n<p>Na jednom mjestu ponovno \u0107e se okupiti svi sudionici u velikom kolu, \u0161to \u0107e, ka\u017eu organizatori, svakom ljubitelju hrvatske tradicije ispuniti srce ponosom, kao i do sada. <em><strong>\u201eNa prvim godinama, umjesto barjaka, KUD-ovi su nosili stilizirane jabuke s ispisanim nazivom i mjestom iz kojeg dolaze. I to \u0107emo vratiti\u201c<\/strong><\/em>, otkrila je Maslov. Novost je i da KUD-ovi ne\u0107e odlaziti na prijem kod gradona\u010delnika. On \u0107e do\u0107i k njima na stadion gdje \u0107e im uru\u010diti zahvalnice i proglasiti najuspje\u0161nija dru\u0161tva folklornih ve\u010deri.<\/p>\n<div id=\"attachment_6778\" style=\"width: 1034px\" class=\"wp-caption alignnone\"><img loading=\"lazy\" decoding=\"async\" aria-describedby=\"caption-attachment-6778\" class=\"size-large wp-image-6778\" src=\"https:\/\/vinkovackejeseni.hr\/wp-content\/uploads\/2025\/09\/stadon4-1024x683.jpg\" alt=\"\" width=\"1024\" height=\"683\" \/><p id=\"caption-attachment-6778\" class=\"wp-caption-text\">Arhiva<\/p><\/div>\n<p>Kako nagla\u0161avaju organizatori, upravo KUD-ovi, koji od samih po\u010detaka nose Vinkova\u010dke jeseni na svojim le\u0111ima, svojim mi\u0161ljenjem doprinijeli su povratku starih simbola. A zavr\u0161na to\u010dka ove godine bit \u0107e stadion.<\/p>\n<p>Cijelu videopri\u010du pogledajte<a href=\"https:\/\/www.youtube.com\/watch?v=CBTpDdGtYYs\" target=\"_blank\" rel=\"noopener\"> <span style=\"text-decoration: underline;\"><strong>ovdje<\/strong><\/span>.<\/a><\/p>","protected":false},"excerpt":{"rendered":"<p>Nakon vi\u0161e godina, zavr\u0161nica Vinkova\u010dkih jeseni ponovno se vra\u0107a na stadion HNK Cibalia. Mimohod, koji \u0107e pro\u0107i sredi\u0161tem grada i Genscherovom ulicom, zavr\u0161it \u0107e na stadionu gdje \u0107e se igrati najve\u0107e \u0161oka\u010dko kolo \u2013 prizor koji je nekad bio prepoznatljiva razglednica grada poslana u svijet. \u201eDrago mi je \u0161to je Organizacijski odbor Vinkova\u010dkih jeseni jo\u0161 [&hellip;]<\/p>","protected":false},"author":1,"featured_media":6774,"comment_status":"closed","ping_status":"closed","sticky":false,"template":"","format":"standard","meta":{"_et_pb_use_builder":"","_et_pb_old_content":"","_et_gb_content_width":"","footnotes":""},"categories":[1],"tags":[],"class_list":["post-6773","post","type-post","status-publish","format-standard","has-post-thumbnail","hentry","category-uncategorized"],"_links":{"self":[{"href":"https:\/\/vinkovackejeseni.hr\/en\/wp-json\/wp\/v2\/posts\/6773","targetHints":{"allow":["GET"]}}],"collection":[{"href":"https:\/\/vinkovackejeseni.hr\/en\/wp-json\/wp\/v2\/posts"}],"about":[{"href":"https:\/\/vinkovackejeseni.hr\/en\/wp-json\/wp\/v2\/types\/post"}],"author":[{"embeddable":true,"href":"https:\/\/vinkovackejeseni.hr\/en\/wp-json\/wp\/v2\/users\/1"}],"replies":[{"embeddable":true,"href":"https:\/\/vinkovackejeseni.hr\/en\/wp-json\/wp\/v2\/comments?post=6773"}],"version-history":[{"count":2,"href":"https:\/\/vinkovackejeseni.hr\/en\/wp-json\/wp\/v2\/posts\/6773\/revisions"}],"predecessor-version":[{"id":6781,"href":"https:\/\/vinkovackejeseni.hr\/en\/wp-json\/wp\/v2\/posts\/6773\/revisions\/6781"}],"wp:featuredmedia":[{"embeddable":true,"href":"https:\/\/vinkovackejeseni.hr\/en\/wp-json\/wp\/v2\/media\/6774"}],"wp:attachment":[{"href":"https:\/\/vinkovackejeseni.hr\/en\/wp-json\/wp\/v2\/media?parent=6773"}],"wp:term":[{"taxonomy":"category","embeddable":true,"href":"https:\/\/vinkovackejeseni.hr\/en\/wp-json\/wp\/v2\/categories?post=6773"},{"taxonomy":"post_tag","embeddable":true,"href":"https:\/\/vinkovackejeseni.hr\/en\/wp-json\/wp\/v2\/tags?post=6773"}],"curies":[{"name":"wp","href":"https:\/\/api.w.org\/{rel}","templated":true}]}}