{"id":6699,"date":"2025-08-28T19:02:49","date_gmt":"2025-08-28T17:02:49","guid":{"rendered":"https:\/\/vinkovackejeseni.hr\/?p=6699"},"modified":"2025-08-28T19:02:49","modified_gmt":"2025-08-28T17:02:49","slug":"nevenka-ferinac-preko-30-godina-jesenima-je-davala-cijelu-sebe","status":"publish","type":"post","link":"https:\/\/vinkovackejeseni.hr\/en\/nevenka-ferinac-preko-30-godina-jesenima-je-davala-cijelu-sebe\/","title":{"rendered":"NEVENKA FERINAC Preko 30 godina Jesenima je davala cijelu sebe"},"content":{"rendered":"<p>Vi\u0161e od tri desetlje\u0107a utkala je u Jeseni, a u vukovarsko-srijemskom ZAKUD-u bila je prava \u201eKatica za sve\u201c \u2013 od tajnice, blagajnice pa sve do administratorice. <strong>Nevenka Ferinac<\/strong>, u folklornim krugovima poznata kao teta Nena, gotovo cijeli svoj radni vijek posvetila je najljep\u0161oj vinkova\u010dkoj manifestaciji. Radila je sve \u2013\u00a0 Divane, sajam rukotvorina i brojne druge priredbe.<\/p>\n<p><img loading=\"lazy\" decoding=\"async\" class=\"alignnone size-large wp-image-6706\" src=\"https:\/\/vinkovackejeseni.hr\/wp-content\/uploads\/2025\/08\/DSC02928-1024x683.jpg\" alt=\"\" width=\"1024\" height=\"683\" \/><\/p>\n<p>Svaka pri\u010da ima po\u010detak, a Nenin se ve\u017ee uz ranijeg voditelja Jeseni, <strong>Marcela Lon\u010dara<\/strong>. <em><strong>\u201eZahtjevan i strog, ali krasan i dobar \u010dovjek. Znao je \u0161to radi jer je neke vje\u0161tine stekao i u radu u Op\u0107ini\u201c<\/strong><\/em>, prisje\u0107a se Nena. Sa smije\u0161kom govori i o tada\u0161njem tajniku <strong>Gr\u0161i Matakovi\u0107u<\/strong> i njegovoj vrhunski opremljenoj prostoriji pod klju\u010dem. Posebno isti\u010de kolegicu <strong>Danicu Batini\u0107<\/strong>\u00a0koja je tako\u0111er ostavila dubok trag, kao i <strong>tajnika Branka Popovi\u0107a<\/strong>. <em><strong>\u201eBranko je znao raditi. Sve je odra\u0111eno kako treba i znalo se tko \u0161to radi, ali svi smo sve radili i svi smo o svemu sve znali. Okupljao je mlade\u017e, dovodio je sponzore pa nitko nije bio gladan. \u0160oka\u010dki divani su zahtjevni jer je na njima bilo po 2000 ljudi, a on je vladao situacijom\u201c<\/strong><\/em>, govori.<\/p>\n<p><img loading=\"lazy\" decoding=\"async\" class=\"alignnone size-large wp-image-6703\" src=\"https:\/\/vinkovackejeseni.hr\/wp-content\/uploads\/2025\/08\/Snimka-zaslona-64-1024x546.png\" alt=\"\" width=\"1024\" height=\"546\" \/><\/p>\n<p>Bez volontera u organizaciji, dodaje, ni\u0161ta ne bi bilo mogu\u0107e. Me\u0111u njima pamti i <strong>Ivanu Vidu<\/strong>, a popis je, ka\u017ee, poduga\u010dak jer raditi na Jesenima je i \u010dast. <em><strong>\u201eLi\u0161\u010di\u0107i koji su vodili konjogojske zaprege, \u0110uka Smol\u010di\u0107, Petri\u010devi\u0107i, Nikola Juki\u0107, Pavo Martinovi\u0107, Marijan Mandi\u0107, Mati\u010di\u0107i, Bu\u0161i\u0107i. Svima valja zahvaliti\u201c<\/strong><\/em>, dodaje. Od dragih ljudi izdvaja i scenaristicu <strong>Anu Cveni\u0107<\/strong> koja joj je bila poput majke te prijateljice Ilijanu Pal\u010dec i Laticu Ivani\u0161evi\u0107.<\/p>\n<p><img loading=\"lazy\" decoding=\"async\" class=\"alignnone size-large wp-image-6707\" src=\"https:\/\/vinkovackejeseni.hr\/wp-content\/uploads\/2025\/08\/DSC02925-1024x683.jpg\" alt=\"\" width=\"1024\" height=\"683\" \/><\/p>\n<p>Posebnu je vezu uvijek imala s <strong>KUD-ovima<\/strong>. <em><strong>\u201eNe\u0107u se hvaliti da su oni mene svi voljeli, ali ja sam njih jako voljela\u201c<\/strong><\/em>, ka\u017ee kroz osmijeh. Na svako je pitanje imala odgovor i \u010dinila sve \u0161to je mogla da im iza\u0111e ususret jer, kako nagla\u0161ava, tradicija pripada upravo njima.<\/p>\n<p><img loading=\"lazy\" decoding=\"async\" class=\"alignnone size-large wp-image-6704\" src=\"https:\/\/vinkovackejeseni.hr\/wp-content\/uploads\/2025\/08\/DSC02931a-1024x844.jpg\" alt=\"\" width=\"1024\" height=\"844\" \/><\/p>\n<p>Brojne su i anegdote koje \u0107e, najavljuje, uskoro na\u0107i svoje mjesto u knjizi \u2013 autobiografiji na kojoj radi. Neke od njih \u0107e ipak ostaviti za sebe, dodaje. <em><strong>\u201eIzlaga\u010di na sajmu rukotvorina, dana\u0161njem Sokaku, dolazili su s tikvicima, kaktusima koje nisu smjeli izlagati. Ga\u0111ali su me tim kaktusima, psovali mi. Ali osoba sam koja se nikad nije naljutila\u201c<\/strong><\/em>, prisje\u0107a se uz smijeh.<\/p>\n<p>Od svih priredbi, Divani su joj bili najdra\u017ei. <em><strong>\u201eJako su bili dobri dida Kri\u017ee i baka Mare u Starim Mikanovcima, u Andrija\u0161evcima, Otoku i Komletincima. Tih se posebno sje\u0107am\u201c<\/strong><\/em>, ka\u017ee. Radno vrijeme tada nije imalo po\u010detka ni kraja, osobito u desetak dana kada Jeseni \u017eive punim sjajem. Takav tempo, priznaje, ponekad je znao ostaviti traga i na obiteljskom \u017eivotu jer se do ranih jutarnjih sati slagalo i pripremalo sve potrebno.<\/p>\n<p><img loading=\"lazy\" decoding=\"async\" class=\"alignnone size-large wp-image-6705\" src=\"https:\/\/vinkovackejeseni.hr\/wp-content\/uploads\/2025\/08\/DSC02931b-1024x877.jpg\" alt=\"\" width=\"1024\" height=\"877\" \/><\/p>\n<p>Iako je danas u mirovini, i dalje ostaje va\u017ena kockica u organizacijskom mozaiku. <em><strong>\u201e\u017dao mi je \u0161to sam oti\u0161la u mirovinu. Ja bih jo\u0161 mogla raditi. Ali dobro. Na mla\u0111ima svijet ostaje i oni trebaju imati svoje ideje i donositi promjene. Pozvali su me opet da radim i jedva \u010dekam po\u010deti\u201c<\/strong><\/em>, iskreno priznaje ova dobro poznata \u201ejesenska\u201c dama. Za svoj je posao \u017eivjela, a to su prepoznali i Vinkovci, nagradiv\u0161i je Zlatnom plaketom \u201eGrb grada Vinkovaca\u201c, potvrdom neumornog truda i predanosti.<\/p>\n<p><img loading=\"lazy\" decoding=\"async\" class=\"alignnone size-large wp-image-6701\" src=\"https:\/\/vinkovackejeseni.hr\/wp-content\/uploads\/2025\/08\/DSC02917-1024x683.jpg\" alt=\"\" width=\"1024\" height=\"683\" \/><\/p>\n<p>Umjesto zaklju\u010dka, ostaje zahvaliti. Hvala za svaki dan proveden u stvaranju Jeseni, za sate bez sna i trenutke u kojima je tradicija bila va\u017enija od umora. Hvala za osmijeh, toplu rije\u010d i podr\u0161ku svakome tko se na\u0161ao na putu organizacije. Hvala za ruke koje su pomagale, za ideje koje su oboga\u0107ivale i za srce koje je uvijek kucalo za folklor. Hvala \u0161to je svojim radom i \u017eivotom utkala nit u veliku \u0161arenicu Jeseni koja ve\u0107 60 godina ponosno pripovijeda pri\u010du o Slavoniji.<\/p>\n<p><img loading=\"lazy\" decoding=\"async\" class=\"alignnone size-large wp-image-6702\" src=\"https:\/\/vinkovackejeseni.hr\/wp-content\/uploads\/2025\/08\/DSC02929-1024x683.jpg\" alt=\"\" width=\"1024\" height=\"683\" \/><\/p>","protected":false},"excerpt":{"rendered":"<p>Vi\u0161e od tri desetlje\u0107a utkala je u Jeseni, a u vukovarsko-srijemskom ZAKUD-u bila je prava \u201eKatica za sve\u201c \u2013 od tajnice, blagajnice pa sve do administratorice. Nevenka Ferinac, u folklornim krugovima poznata kao teta Nena, gotovo cijeli svoj radni vijek posvetila je najljep\u0161oj vinkova\u010dkoj manifestaciji. Radila je sve \u2013\u00a0 Divane, sajam rukotvorina i brojne druge [&hellip;]<\/p>","protected":false},"author":1,"featured_media":6700,"comment_status":"closed","ping_status":"closed","sticky":false,"template":"","format":"standard","meta":{"_et_pb_use_builder":"","_et_pb_old_content":"","_et_gb_content_width":"","footnotes":""},"categories":[31,6],"tags":[265,264,266],"class_list":["post-6699","post","type-post","status-publish","format-standard","has-post-thumbnail","hentry","category-novosti","category-vijesti","tag-marcel-loncar","tag-nevenka-ferinac","tag-zakud"],"_links":{"self":[{"href":"https:\/\/vinkovackejeseni.hr\/en\/wp-json\/wp\/v2\/posts\/6699","targetHints":{"allow":["GET"]}}],"collection":[{"href":"https:\/\/vinkovackejeseni.hr\/en\/wp-json\/wp\/v2\/posts"}],"about":[{"href":"https:\/\/vinkovackejeseni.hr\/en\/wp-json\/wp\/v2\/types\/post"}],"author":[{"embeddable":true,"href":"https:\/\/vinkovackejeseni.hr\/en\/wp-json\/wp\/v2\/users\/1"}],"replies":[{"embeddable":true,"href":"https:\/\/vinkovackejeseni.hr\/en\/wp-json\/wp\/v2\/comments?post=6699"}],"version-history":[{"count":1,"href":"https:\/\/vinkovackejeseni.hr\/en\/wp-json\/wp\/v2\/posts\/6699\/revisions"}],"predecessor-version":[{"id":6708,"href":"https:\/\/vinkovackejeseni.hr\/en\/wp-json\/wp\/v2\/posts\/6699\/revisions\/6708"}],"wp:featuredmedia":[{"embeddable":true,"href":"https:\/\/vinkovackejeseni.hr\/en\/wp-json\/wp\/v2\/media\/6700"}],"wp:attachment":[{"href":"https:\/\/vinkovackejeseni.hr\/en\/wp-json\/wp\/v2\/media?parent=6699"}],"wp:term":[{"taxonomy":"category","embeddable":true,"href":"https:\/\/vinkovackejeseni.hr\/en\/wp-json\/wp\/v2\/categories?post=6699"},{"taxonomy":"post_tag","embeddable":true,"href":"https:\/\/vinkovackejeseni.hr\/en\/wp-json\/wp\/v2\/tags?post=6699"}],"curies":[{"name":"wp","href":"https:\/\/api.w.org\/{rel}","templated":true}]}}