{"id":6623,"date":"2025-08-11T16:00:33","date_gmt":"2025-08-11T14:00:33","guid":{"rendered":"https:\/\/vinkovackejeseni.hr\/?p=6623"},"modified":"2025-08-11T15:05:13","modified_gmt":"2025-08-11T13:05:13","slug":"sjecanja-na-prve-vinkovacke-jeseni-price-filipovcica-iz-komletinaca","status":"publish","type":"post","link":"https:\/\/vinkovackejeseni.hr\/en\/sjecanja-na-prve-vinkovacke-jeseni-price-filipovcica-iz-komletinaca\/","title":{"rendered":"SJE\u0106ANJA NA PRVE VINKOVA\u010cKE JESENI Pri\u010de \u201eFilipov\u010dica\u201c iz Komletinaca"},"content":{"rendered":"<p>Bila je 1966. godina kad su u Vinkovcima po prvi put zazvonile tambure i zapjevala Slavonija u onome \u0161to \u0107e kasnije postati simbol jeseni &#8211; velika smotra folklora, pjesme i obi\u010daja. Me\u0111u prvima koji su ponosno stupili u mimohodu bili su i \u010dlanovi <strong>KUD-a \u201eFilipov\u010dice\u201c iz Komletinaca<\/strong>, dru\u0161tva osnovanog dvije godine ranije, ve\u0107 tada s vi\u0161e od 70 \u010dlanova i bogatom ba\u0161tinom.<\/p>\n<p><img loading=\"lazy\" decoding=\"async\" class=\"alignnone size-large wp-image-6626\" src=\"https:\/\/vinkovackejeseni.hr\/wp-content\/uploads\/2025\/08\/DSC01529-1024x683.jpg\" alt=\"\" width=\"1024\" height=\"683\" \/><\/p>\n<p>Tih dana u selu se osje\u0107alo posebno uzbu\u0111enje. Probe su bile \u010deste, tambura\u0161i i pjeva\u010di dolazili su gotovo svakodnevno, a razgovaralo se samo o Jesenima. <strong>Predsjednica dana\u0161njih \u201eFilipov\u010dica\u201c, Marija \u010cori\u0107<\/strong>, ka\u017ee kako je to bio po\u010detak njihove vi\u0161edesetljetne veze s manifestacijom. <em><strong>&#8220;Od prvih Jeseni do danas nismo propustili nijednu godinu. Uvijek smo i\u0161li s ponosom, pokazuju\u0107i no\u0161nje, govor i obi\u010daje Komletinaca. To je na\u0161e blago<\/strong><\/em>&#8220;, ka\u017ee Marija.<\/p>\n<p><img loading=\"lazy\" decoding=\"async\" class=\"alignnone size-large wp-image-6628\" src=\"https:\/\/vinkovackejeseni.hr\/wp-content\/uploads\/2025\/08\/DSC01553-1024x683.jpg\" alt=\"\" width=\"1024\" height=\"683\" \/><\/p>\n<p>Na prvim Jesenima \u201eFilipov\u010dice\u201c su nastupile s <strong>kraljicama<\/strong>, sve\u010danim obi\u010dajem iz proljetnog ciklusa, kada se djevojke, bogato odjevene, kre\u0107u selom i pjevaju. Bilo je to more boja: svilene marame, dukati \u0161to su se presijavali na suncu, bijele suknje,ople\u010dci, pletenice ukra\u0161ene crvenim, bijelim i plavim vrpcama. Stariji se sje\u0107aju i <strong>orubica<\/strong>, mla\u0111ih djevoj\u010dica koje su pratile kraljice nose\u0107i vjen\u010di\u0107e na glavi.<\/p>\n<p><img loading=\"lazy\" decoding=\"async\" class=\"alignnone size-large wp-image-6631\" src=\"https:\/\/vinkovackejeseni.hr\/wp-content\/uploads\/2025\/08\/DSC01525-1024x683.jpg\" alt=\"\" width=\"1024\" height=\"683\" \/><\/p>\n<p>Tambura\u0161 <strong>Stipo Kolari\u0107<\/strong>, tada 31-godi\u0161njak, pamti kako su se obla\u010dili u \u0161koli, a potom pje\u0161ice i\u0161li do pijace gdje se okupljao mimohod. <em><strong>\u201eKad smo krenuli, bilo je to veselje, cika i pljesak. Ljudi su nas pratili sve do stadiona, a poslije smo svirali ulicama i opet dobijali aplauze\u201c<\/strong><\/em>, pri\u010da Stipo.<\/p>\n<p><img loading=\"lazy\" decoding=\"async\" class=\"alignnone size-large wp-image-6627\" src=\"https:\/\/vinkovackejeseni.hr\/wp-content\/uploads\/2025\/08\/DSC01556-1024x683.jpg\" alt=\"\" width=\"1024\" height=\"683\" \/><\/p>\n<p><strong>Anica Novoselac<\/strong>, tada mlada djevojka u ulozi kraljice, pamti da ih je publika pratila gotovo na svakom koraku, fotografirala i tra\u017eila uspomene. \u201e<em><strong>Do mraka smo bili u Vinkovcima, potpuno u svome svijetu\u201c<\/strong><\/em>, smije se Anica.<\/p>\n<p><img loading=\"lazy\" decoding=\"async\" class=\"alignnone size-large wp-image-6629\" src=\"https:\/\/vinkovackejeseni.hr\/wp-content\/uploads\/2025\/08\/DSC01560-1024x683.jpg\" alt=\"\" width=\"1024\" height=\"683\" \/><\/p>\n<p><img loading=\"lazy\" decoding=\"async\" class=\"alignnone size-large wp-image-6632\" src=\"https:\/\/vinkovackejeseni.hr\/wp-content\/uploads\/2025\/08\/DSC01526-1024x683.jpg\" alt=\"\" width=\"1024\" height=\"683\" \/><\/p>\n<p>Za <strong>Mariju Barto\u0161<\/strong>, tako\u0111er kraljicu, prve Jeseni bile su \u201ekao u snu\u201c. I danas pamti kako je sestra bila orubljica, a ona kao starija nosila krunu kraljice. Tko nije imao vlastite dukate, posu\u0111ivao ih je.<\/p>\n<p><img loading=\"lazy\" decoding=\"async\" class=\"alignnone size-large wp-image-6630\" src=\"https:\/\/vinkovackejeseni.hr\/wp-content\/uploads\/2025\/08\/DSC01561-1024x683.jpg\" alt=\"\" width=\"1024\" height=\"683\" \/><\/p>\n<p><img loading=\"lazy\" decoding=\"async\" class=\"alignnone size-large wp-image-6633\" src=\"https:\/\/vinkovackejeseni.hr\/wp-content\/uploads\/2025\/08\/DSC01534-1024x683.jpg\" alt=\"\" width=\"1024\" height=\"683\" \/><\/p>\n<p>Publika je, pri\u010daju sudionici, odu\u0161evljeno reagirala na be\u0107arce, iako su neki bili, kako ka\u017eu, \u201emalo bezobrazni\u201c. Smijeh i pjesma orili su se gradom, a nakon slu\u017ebenog programa dru\u017eenja su se nastavljala kod organizatora.<\/p>\n<p>Danas, gotovo \u0161est desetlje\u0107a poslije, u Komletincima se <strong>Jeseni i dalje do\u010dekuju s istim \u017earom<\/strong>. Probe po\u010dinju mjesecima unaprijed, no\u0161nje se bri\u017eno pripremaju, a mladi u\u010de korake i pjesme od starijih. \u201eObi\u010daji su ne\u0161to \u0161to ostaje i \u0161to moramo prenijeti na mla\u0111e\u201c, poru\u010duje Marija \u010cori\u0107.<\/p>\n<p><img loading=\"lazy\" decoding=\"async\" class=\"alignnone size-large wp-image-6634\" src=\"https:\/\/vinkovackejeseni.hr\/wp-content\/uploads\/2025\/08\/DSC01535-1024x683.jpg\" alt=\"\" width=\"1024\" height=\"683\" \/><\/p>\n<p>Jer, za \u201eFilipov\u010dice\u201c, Vinkova\u010dke jeseni nisu samo manifestacija, one su dio \u017eivota, pri\u010da koja se svake godine iznova pi\u0161e u ritmu tambura i koraka ponosa.<\/p>\n<p><img loading=\"lazy\" decoding=\"async\" class=\"alignnone size-large wp-image-6635\" src=\"https:\/\/vinkovackejeseni.hr\/wp-content\/uploads\/2025\/08\/DSC01536-1024x683.jpg\" alt=\"\" width=\"1024\" height=\"683\" \/><\/p>","protected":false},"excerpt":{"rendered":"<p>Bila je 1966. godina kad su u Vinkovcima po prvi put zazvonile tambure i zapjevala Slavonija u onome \u0161to \u0107e kasnije postati simbol jeseni &#8211; velika smotra folklora, pjesme i obi\u010daja. Me\u0111u prvima koji su ponosno stupili u mimohodu bili su i \u010dlanovi KUD-a \u201eFilipov\u010dice\u201c iz Komletinaca, dru\u0161tva osnovanog dvije godine ranije, ve\u0107 tada s [&hellip;]<\/p>","protected":false},"author":1,"featured_media":6624,"comment_status":"closed","ping_status":"closed","sticky":false,"template":"","format":"standard","meta":{"_et_pb_use_builder":"","_et_pb_old_content":"","_et_gb_content_width":"","footnotes":""},"categories":[6,31],"tags":[260,256,258,261,257,259],"class_list":["post-6623","post","type-post","status-publish","format-standard","has-post-thumbnail","hentry","category-vijesti","category-novosti","tag-anica-novoselac","tag-kud-filipovcice-komletinci","tag-marija-bratos","tag-marija-coric","tag-prve-vinkovacke-jeseni","tag-stipo-kolaric"],"_links":{"self":[{"href":"https:\/\/vinkovackejeseni.hr\/en\/wp-json\/wp\/v2\/posts\/6623","targetHints":{"allow":["GET"]}}],"collection":[{"href":"https:\/\/vinkovackejeseni.hr\/en\/wp-json\/wp\/v2\/posts"}],"about":[{"href":"https:\/\/vinkovackejeseni.hr\/en\/wp-json\/wp\/v2\/types\/post"}],"author":[{"embeddable":true,"href":"https:\/\/vinkovackejeseni.hr\/en\/wp-json\/wp\/v2\/users\/1"}],"replies":[{"embeddable":true,"href":"https:\/\/vinkovackejeseni.hr\/en\/wp-json\/wp\/v2\/comments?post=6623"}],"version-history":[{"count":2,"href":"https:\/\/vinkovackejeseni.hr\/en\/wp-json\/wp\/v2\/posts\/6623\/revisions"}],"predecessor-version":[{"id":6637,"href":"https:\/\/vinkovackejeseni.hr\/en\/wp-json\/wp\/v2\/posts\/6623\/revisions\/6637"}],"wp:featuredmedia":[{"embeddable":true,"href":"https:\/\/vinkovackejeseni.hr\/en\/wp-json\/wp\/v2\/media\/6624"}],"wp:attachment":[{"href":"https:\/\/vinkovackejeseni.hr\/en\/wp-json\/wp\/v2\/media?parent=6623"}],"wp:term":[{"taxonomy":"category","embeddable":true,"href":"https:\/\/vinkovackejeseni.hr\/en\/wp-json\/wp\/v2\/categories?post=6623"},{"taxonomy":"post_tag","embeddable":true,"href":"https:\/\/vinkovackejeseni.hr\/en\/wp-json\/wp\/v2\/tags?post=6623"}],"curies":[{"name":"wp","href":"https:\/\/api.w.org\/{rel}","templated":true}]}}