{"id":6573,"date":"2025-08-07T15:45:08","date_gmt":"2025-08-07T13:45:08","guid":{"rendered":"https:\/\/vinkovackejeseni.hr\/?p=6573"},"modified":"2025-08-07T15:04:05","modified_gmt":"2025-08-07T13:04:05","slug":"od-reklje-do-mikrofona-legenda-vinkovackih-jeseni-zvonimir-petricevic-uz-njih-je-od-pocetka","status":"publish","type":"post","link":"https:\/\/vinkovackejeseni.hr\/en\/od-reklje-do-mikrofona-legenda-vinkovackih-jeseni-zvonimir-petricevic-uz-njih-je-od-pocetka\/","title":{"rendered":"OD REKLJE DO MIKROFONA Legenda Vinkova\u010dkih jeseni Zvonimir Petri\u010devi\u0107 uz njih je od po\u010detka"},"content":{"rendered":"<p><strong>Zvonimir Petri\u010devi\u0107<\/strong>, svima poznat kao Zvonko, od samih je po\u010detaka neraskidivo vezan uz Vinkova\u010dke jeseni. Jo\u0161 od mladih dana, kao 19-godi\u0161njak, kada je zakora\u010dio na pozornicu tradicije. Potje\u010de iz slakova\u010dke obitelji duboko ukorijenjene u narodnu ba\u0161tinu. <em><strong>\u201eGodine 1966., kada su odr\u017eane prve Vinkova\u010dke jeseni, nastupao sam kao \u010dlan &#8216;Selja\u010dke sloge&#8217; iz Slakovaca\u201c<\/strong><\/em>, prisje\u0107a se Zvonko \u010diji je otac bio predsjednik tamo\u0161njeg kulturno-umjetni\u010dkog dru\u0161tva. Ta godina bila je slobodnija, gotovo buntovna. Bio je to vremenski prostor u kojem su se simboli hrvatstva i Jeseni provukli kroz u\u0161icu igle, no s ponosom i odlu\u010dno\u0161\u0107u. Do 1970. godine, kada se o\u017eenio i preselio u Vinkovce, bio je aktivan \u010dlan KUD-a s kojim je proputovao brojna sela i stigao sve do Jadranske obale.<\/p>\n<p><img loading=\"lazy\" decoding=\"async\" class=\"alignnone size-large wp-image-6598\" src=\"https:\/\/vinkovackejeseni.hr\/wp-content\/uploads\/2025\/08\/DSC01297-1024x683.jpg\" alt=\"\" width=\"1024\" height=\"683\" \/><\/p>\n<p><em><strong>\u201eSje\u0107anja blijede, na\u017ealost. Tra\u017eio sam slike i prisjetio se kako smo u subotu uo\u010di mimohoda plesali na Lokomotivnom igrali\u0161tu. Sutradan smo sudjelovali u mimohodu, bilo nas je \u0161est ili sedam grupa, a bilo je i gostiju izvana\u201c<\/strong><\/em>, govori s nostalgijom. U tim godinama Jeseni su u ti\u0161ini budile slavonski prkos tada\u0161njem re\u017eimu. <em><strong>\u201eNa svaki blagdan nosio sam reklju, a kad do\u0111e jesen, srce je ja\u010de tuklo od ponosa. Nije bilo druge nego se uklju\u010diti. Pridonijeti toj hrvatskoj manifestaciji zna\u010dilo je puno. Bio je to nacionalni naboj. Nisam bio ekstrem, ali volio sam i volim to \u0161to jesam.\u201c<\/strong><\/em> Zvonimir isti\u010de da Vinkova\u010dke jeseni ne bi bile ono \u0161to jesu bez kulturno-umjetni\u010dkih dru\u0161tava s ovih prostora. <em><strong>\u201eTo su Jeseni\u201c<\/strong><\/em>, uvjerljivo ka\u017ee.<\/p>\n<p><img loading=\"lazy\" decoding=\"async\" class=\"size-large wp-image-6593 aligncenter\" src=\"https:\/\/vinkovackejeseni.hr\/wp-content\/uploads\/2025\/08\/DSC01292-scaled-e1754571421240-683x1024.jpg\" alt=\"\" width=\"683\" height=\"1024\" \/><\/p>\n<p>U vrijeme Hrvatskog prolje\u0107a 1971. godine malim koracima uklju\u010duje se i postaje \u010dlan komisije za mimohod. <em><strong>\u201eKolega i ja ispisivali smo brojeve sudionika na gradskoj tr\u017enici u subotnje poslijepodne. Ve\u0107 sljede\u0107e godine bio sam u komisiji za smotru folklora.\u201c<\/strong><\/em> Sve su to bili volonterski anga\u017emani u jednoj od rijetkih manifestacija tog vremena koja je ponosno nosila hrvatski predznak. Pamti Zvonko i ljepotice iz Borinaca koje su brale jabuke, brojne KUD-ove i nezaboravne zabavne programe. Me\u0111u njima i Vera Svoboda, Slakov\u010danin Aca \u0110igunovi\u0107 i Pero Nikolin.<\/p>\n<p>Po\u010detkom 1980-ih zapo\u010dinje nova etapa njegova \u017eivota, a ve\u017ee se uz rad na Radio Vinkovcima. <em><strong>\u201eTajnik Jeseni, pokojni Marcel Lon\u010dar, rekao mi je: \u2018Kad ve\u0107 pri\u010da\u0161 na radiju, za\u0161to to ne bi radio i na folklornim ve\u010derima?\u2019\u201c<\/strong><\/em>, prepri\u010dava Zvonko. Tako po\u010dinje njegova spikerska, odnosno voditeljska karijera na Jesenima. S kolegicom prepoznatljivog glasa, Milkom Vidom, od 1980. godine punih 35 godina vodio je folklorne ve\u010deri predstavljaju\u0107i doma\u0107e i inozemne KUD-ove.<\/p>\n<p><img loading=\"lazy\" decoding=\"async\" class=\"alignnone size-large wp-image-6595\" src=\"https:\/\/vinkovackejeseni.hr\/wp-content\/uploads\/2025\/08\/DSC01294-scaled-e1754571478464-1024x854.jpg\" alt=\"\" width=\"1024\" height=\"854\" \/><\/p>\n<p>Prije nego \u0161to je HRT preuzeo prijenos mimohoda, Zvonkov se glas \u010duo s prozora vinkova\u010dke gimnazije. <em><strong>\u201ePoseban je to osje\u0107aj gledati zaprege, slu\u0161ati pjesmu i vidjeti raznolikost hrvatske tradicije. Mi smo \u0161arolika kultura, razlikujemo se od sela do sela\u201c<\/strong><\/em>, isti\u010de.<\/p>\n<p>Za njega su Vinkova\u010dke jeseni vi\u0161e od obi\u010dne manifestacije, one su duboka emocija. <em><strong>\u201eKroz njih sam njegovao svoje porijeklo, porijeklo svojih roditelja. Di\u010dim se pravim \u0161oka\u0161tvom. To je u meni, u mojoj krvi\u201c<\/strong><\/em>, ka\u017ee Zvonimir \u010dije se prezime Petri\u010devi\u0107 u Slakovcima prvi put spominje jo\u0161 1716. godine. Iako mu je \u017eivotna \u017eelja bila baviti se poljoprivredom, sudbina ga je, poput oca, odvela u slu\u017ebeni\u010dke vode gdje je mo\u017eda mogao biti i bli\u017ee Jesenima. Duh tradicije nikada ga nije napustio.<\/p>\n<p><img loading=\"lazy\" decoding=\"async\" class=\"alignnone size-large wp-image-6594\" src=\"https:\/\/vinkovackejeseni.hr\/wp-content\/uploads\/2025\/08\/DSC01293-1-1024x683.jpg\" alt=\"\" width=\"1024\" height=\"683\" \/><\/p>\n<p>Pro\u0161le godine, na poziv Marka Sabljakovi\u0107a, vratio se na pozornicu Jeseni kao voditelj sve\u010danog otvorenja. <em><strong>\u201eBila mi je \u010dast. Nikad prije nisam vodio otvaranje. Nije to mala stvar\u201c<\/strong><\/em>, priznaje, uz knedlu u grlu i suzu u oku. Iako se bojao mogu\u0107ih pogre\u0161aka, iskustvo i emocija nadja\u010dali su tremu. Lapsusa nije bilo.<\/p>\n<p><img loading=\"lazy\" decoding=\"async\" class=\"alignnone size-large wp-image-6621\" src=\"https:\/\/vinkovackejeseni.hr\/wp-content\/uploads\/2025\/08\/482975192_1052427233589589_7481932836004994976_n-1024x683.jpg\" alt=\"\" width=\"1024\" height=\"683\" \/><\/p>\n<p>Na kraju, Zvonkova poruka ide mladima. <em><strong>\u201eKulturno-umjetni\u010dka dru\u0161tva trebaju vas, osobito momke. Mladi, uklju\u010dite se i to \u0107e trajati vje\u010dno. Vje\u010dna je Slavonija, vje\u010dan je zapadni Srijem. Vje\u010dna je Hrvatska. Sve to treba pokazati u jednom danu na Vinkova\u010dkim jesenima. A kad umrem, pjevat \u0107e Slavonija\u201c<\/strong><\/em>, ka\u017ee kroz suze ovaj Vinkov\u010danin slakova\u010dkih korijena s iskrenom \u017eeljom da ga na posljednjem ispra\u0107aju isprate upravo tim stihovima.<\/p>\n<p><img loading=\"lazy\" decoding=\"async\" class=\"alignnone size-large wp-image-6599\" src=\"https:\/\/vinkovackejeseni.hr\/wp-content\/uploads\/2025\/08\/DSC01298-1024x683.jpg\" alt=\"\" width=\"1024\" height=\"683\" \/><\/p>\n<p>Koliko je zapravo u ovih 60 godina zna\u010dio na\u0161oj manifestaciji svjedo\u010di i to da je za svoj neizmjeran doprinos kulturi i o\u010duvanju tradicije, Zvonimir Petri\u010devi\u0107 dobio zlatnu plaketu \u201eGrb grada Vinkovaca\u201c. Dok ga ima, bit \u0107e Zvonko uz Jeseni, a njegov put nastavit \u0107e neke nove generacije s jednakom ljubavi prema slavonskom \u010dovjeku i tradiciji. I pjevat \u0107e se, ba\u0161 kako i sam \u017eeli. Upravo to je i bit svega.<\/p>\n<p><img loading=\"lazy\" decoding=\"async\" class=\"alignnone size-large wp-image-6613\" src=\"https:\/\/vinkovackejeseni.hr\/wp-content\/uploads\/2025\/08\/DSC01312-1024x683.jpg\" alt=\"\" width=\"1024\" height=\"683\" \/><\/p>","protected":false},"excerpt":{"rendered":"<p>Zvonimir Petri\u010devi\u0107, svima poznat kao Zvonko, od samih je po\u010detaka neraskidivo vezan uz Vinkova\u010dke jeseni. Jo\u0161 od mladih dana, kao 19-godi\u0161njak, kada je zakora\u010dio na pozornicu tradicije. Potje\u010de iz slakova\u010dke obitelji duboko ukorijenjene u narodnu ba\u0161tinu. \u201eGodine 1966., kada su odr\u017eane prve Vinkova\u010dke jeseni, nastupao sam kao \u010dlan &#8216;Selja\u010dke sloge&#8217; iz Slakovaca\u201c, prisje\u0107a se Zvonko [&hellip;]<\/p>","protected":false},"author":1,"featured_media":6583,"comment_status":"closed","ping_status":"closed","sticky":false,"template":"","format":"standard","meta":{"_et_pb_use_builder":"","_et_pb_old_content":"","_et_gb_content_width":"","footnotes":""},"categories":[31,6],"tags":[228,255],"class_list":["post-6573","post","type-post","status-publish","format-standard","has-post-thumbnail","hentry","category-novosti","category-vijesti","tag-voditeljski-par-milka-vida-i-zvonimir-petricevic","tag-zvonimir-petricevic"],"_links":{"self":[{"href":"https:\/\/vinkovackejeseni.hr\/en\/wp-json\/wp\/v2\/posts\/6573","targetHints":{"allow":["GET"]}}],"collection":[{"href":"https:\/\/vinkovackejeseni.hr\/en\/wp-json\/wp\/v2\/posts"}],"about":[{"href":"https:\/\/vinkovackejeseni.hr\/en\/wp-json\/wp\/v2\/types\/post"}],"author":[{"embeddable":true,"href":"https:\/\/vinkovackejeseni.hr\/en\/wp-json\/wp\/v2\/users\/1"}],"replies":[{"embeddable":true,"href":"https:\/\/vinkovackejeseni.hr\/en\/wp-json\/wp\/v2\/comments?post=6573"}],"version-history":[{"count":1,"href":"https:\/\/vinkovackejeseni.hr\/en\/wp-json\/wp\/v2\/posts\/6573\/revisions"}],"predecessor-version":[{"id":6622,"href":"https:\/\/vinkovackejeseni.hr\/en\/wp-json\/wp\/v2\/posts\/6573\/revisions\/6622"}],"wp:featuredmedia":[{"embeddable":true,"href":"https:\/\/vinkovackejeseni.hr\/en\/wp-json\/wp\/v2\/media\/6583"}],"wp:attachment":[{"href":"https:\/\/vinkovackejeseni.hr\/en\/wp-json\/wp\/v2\/media?parent=6573"}],"wp:term":[{"taxonomy":"category","embeddable":true,"href":"https:\/\/vinkovackejeseni.hr\/en\/wp-json\/wp\/v2\/categories?post=6573"},{"taxonomy":"post_tag","embeddable":true,"href":"https:\/\/vinkovackejeseni.hr\/en\/wp-json\/wp\/v2\/tags?post=6573"}],"curies":[{"name":"wp","href":"https:\/\/api.w.org\/{rel}","templated":true}]}}