{"id":6563,"date":"2025-08-03T13:39:28","date_gmt":"2025-08-03T11:39:28","guid":{"rendered":"https:\/\/vinkovackejeseni.hr\/?p=6563"},"modified":"2025-08-03T13:39:28","modified_gmt":"2025-08-03T11:39:28","slug":"kristijan-posavac-za-mene-su-jeseni-svetkovina","status":"publish","type":"post","link":"https:\/\/vinkovackejeseni.hr\/en\/kristijan-posavac-za-mene-su-jeseni-svetkovina\/","title":{"rendered":"KRISTIJAN POSAVAC Za mene su Jeseni svetkovina"},"content":{"rendered":"<p><strong>Poznato nam je da veliki festivali poput Eurosonga imaju svoje fanatike. No jeste li znali da i Vinkova\u010dke jeseni imaju svoga? <\/strong><\/p>\n<p><strong>Kristijan Posavac, 32-godi\u0161nji mladi\u0107 iz Ila\u010de<\/strong>, za sebe ka\u017ee kako je veliki zaljubljenik u ovu, s pravom nazivanu, najve\u0107u folklornu manifestaciju u Hrvatskoj. <em><strong>\u201eTa ljubav potje\u010de jo\u0161 iz mojeg djetinjstva, to\u010dnije od \u0161este godine kada sam prvi put sudjelovao u programu Vinkova\u010dkih jeseni. Za mene je to vi\u0161e od manifestacije \u2013 to je svetkovina tradicijske kulture kada se na jednom mjestu okupljaju \u010duvari ba\u0161tine, obi\u010daja, kako iz Hrvatske, tako i iz dijaspore. Jednostavno obo\u017eavam Vinkova\u010dke jeseni\u201c<\/strong><\/em>, s ponosom isti\u010de Kristijan koji ovu manifestaciju ne propu\u0161ta ni jednu godinu. Za njega su Jeseni ne\u0161to bez \u010dega je \u017eivot te\u0161ko zamisliv.<\/p>\n<p><img loading=\"lazy\" decoding=\"async\" class=\"alignnone size-large wp-image-6566\" src=\"https:\/\/vinkovackejeseni.hr\/wp-content\/uploads\/2025\/08\/DSC01165-1024x683.jpg\" alt=\"\" width=\"1024\" height=\"683\" \/><\/p>\n<p>A kad miris jeseni u rujnu na velika vrata do\u0111e u grad na Bosutu, Kristijan iz Ila\u010de tada seli u ku\u0107u svoje bake u samim Vinkovcima kako bi bio \u0161to bli\u017ee svim doga\u0111anjima. Tih dana \u017eivi za Jeseni i u potpunosti im se predaje. Sigurno \u0107ete ga primijetiti s fotoaparatom u ruci, \u010desto u dru\u0161tvu novinara, \u010dlanova KUD-ova, prijatelja i novih poznanika. Stvara kontakte i prijateljstva s ljudima koji dijele njegovu ljubav prema tradiciji i folkloru. U njegovoj arhivi nalazi se pravo malo blago \u2013 brojni programi, novinski isje\u010dci, i stotine fotografija, od onih najstarijih na kojima pozira kao dje\u010dak u narodnoj no\u0161nji pa sve do najsvje\u017eijih, pro\u0161logodi\u0161njih, koje je<strong> sam zabilje\u017eio objektivom<\/strong>.<\/p>\n<p><img loading=\"lazy\" decoding=\"async\" class=\"alignnone size-large wp-image-6565\" src=\"https:\/\/vinkovackejeseni.hr\/wp-content\/uploads\/2025\/08\/2-1024x661.jpg\" alt=\"\" width=\"1024\" height=\"661\" \/><\/p>\n<p>Posebno mjesto u njegovoj kolekciji zauzima ona iz 1999. godine kada je na sve\u010danom mimohodu sudjelovao i prvi hrvatski predsjednik dr. Franjo Tu\u0111man, samo tri mjeseca prije smrti. Kristijan ure\u0111uje &#8220;\u0160oka\u010dki portal&#8221; pa mnoge njegove fotografije zavr\u0161e upravo ondje kao svjedo\u010danstvo njegove predanosti i rada. Od nedavno je anga\u017eiran i <strong>dio je ekipe otvorenja<\/strong>. Zahvalan je Kristijan za tu priliku i sam tvrdi kako ve\u0107eg zaljubljenika od njega nema. Ljubav prema sceni je neizmjerna.<\/p>\n<p>O sve\u010danosti otvorenja zna gotovo sve, od tematske osnove do scenografskih detalja. \u201e<em><strong>Tu se iz godine u godinu o\u017eivi sredi\u0161nja tema Jeseni, a glumci i \u010dlanovi kulturno-umjetni\u010dkih dru\u0161tava s puno emocije donesu tu pri\u010du na pozornicu\u201c<\/strong><\/em>, govori s odu\u0161evljenjem. Upravo nam je Kristijan otkrio kako svake godine Jeseni dolaze s pomno biranom temom koja u prvi plan stavlja neki simbol Slavonije. Tako je 2000. godine glavna inspiracija bila \u0161uma, a 2008. godine tambura s temom \u201eTamburo, miljenice\u201c. Pro\u0161le su godine dominirali motivi dukata i njihov sjaj, a ranijih godina konji, sna\u0161e, sokaci, rijeke, kola, \u017eito, zemlja i be\u0107ari, sve ono \u0161to \u010dini du\u0161u ovda\u0161njeg \u010dovjeka i slavonske ravnice.<\/p>\n<p><img loading=\"lazy\" decoding=\"async\" class=\"alignnone size-large wp-image-6567\" src=\"https:\/\/vinkovackejeseni.hr\/wp-content\/uploads\/2025\/08\/DSC01167-1024x683.jpg\" alt=\"\" width=\"1024\" height=\"683\" \/><\/p>\n<p><em><strong>&#8220;Otvorenje je predivna slika, a svaka tema nosi duboku poruku\u201c<\/strong><\/em>, ka\u017ee Kristijan. Osobito ga je dirnula tema pedesetog izdanja \u201eJesen sti\u017ee, kukuruzi zlate\u201c gdje se kroz pri\u010du o radu u kukuruzi\u0161tu, ljubavi \u0160okice i \u0160okca te ratnom prekidu njihove sre\u0107e ispri\u010dala povijest kroz emociju. Kukuruzni put, koji je mnogima spasio \u017eivot tijekom proboja iz Vukovara, bio je prikazan s dubokim pijetetom, a zavr\u0161etak, povratak na rodnu grudu i veliko kolo, izazvao je suze kod mnogih u publici.<\/p>\n<p>S pozornice Jeseni pamti mnoge velikane, me\u0111u njima i legendarnog Ivu Gregurevi\u0107a. <em><strong>\u201ePrvi put sam ga vidio te 1999. godine kada je na lipicancu recitirao iz Kozar\u010devog romana &#8216;\u0110uka Begovi\u0107&#8217;. Nezaboravno. Tu je bila i Anja \u0160ovagovi\u0107-Despot, k\u0107i na\u0161eg Slavonca Fabijana \u0160ovagovi\u0107a. Mislim da je upravo tada ro\u0111ena moja trajna ljubav prema Vinkova\u010dkim jesenima\u201c<\/strong><\/em>, zaklju\u010duje Kristijan, \u010dovjek koji \u017eivi za ba\u0161tinu i za Jeseni.<\/p>\n<p><img loading=\"lazy\" decoding=\"async\" class=\"alignnone size-full wp-image-6568\" src=\"https:\/\/vinkovackejeseni.hr\/wp-content\/uploads\/2025\/08\/7.jpg\" alt=\"\" width=\"1022\" height=\"676\" \/><\/p>\n<p>Svake godine iznova pro\u017eivljava emocije koje mu je ova manifestacija usadila jo\u0161 u djetinjstvu. One su njegov osobni praznik, mjesto susreta s ljudima istih vrijednosti i prostora u kojem mo\u017ee izra\u017eavati svoju ljubav prema tradiciji kroz fotografiju i pisanu rije\u010d. Njegova predanost, bilje\u017eenje trenutaka i aktivno sudjelovanje pokazuju koliko je sna\u017ena veza izme\u0111u pojedinca i kulturne ba\u0161tine kroz manifestaciju. U vremenu u kojem se mnoge vrijednosti zaboravljaju, Kristijan ostaje dosljedan \u010duvar Jeseni.<\/p>\n<p><img loading=\"lazy\" decoding=\"async\" class=\"alignnone size-large wp-image-6569\" src=\"https:\/\/vinkovackejeseni.hr\/wp-content\/uploads\/2025\/08\/DSC01170-1024x683.jpg\" alt=\"\" width=\"1024\" height=\"683\" \/><\/p>\n<p><a href=\"https:\/\/www.youtube.com\/watch?v=8XQPtGoMJRw\" target=\"_blank\" rel=\"noopener\">Videopri\u010du<\/a> pogledajte na Youtube kanalu Vinkova\u010dkih jeseni.<\/p>","protected":false},"excerpt":{"rendered":"<p>Poznato nam je da veliki festivali poput Eurosonga imaju svoje fanatike. No jeste li znali da i Vinkova\u010dke jeseni imaju svoga? Kristijan Posavac, 32-godi\u0161nji mladi\u0107 iz Ila\u010de, za sebe ka\u017ee kako je veliki zaljubljenik u ovu, s pravom nazivanu, najve\u0107u folklornu manifestaciju u Hrvatskoj. \u201eTa ljubav potje\u010de jo\u0161 iz mojeg djetinjstva, to\u010dnije od \u0161este godine [&hellip;]<\/p>","protected":false},"author":1,"featured_media":6564,"comment_status":"closed","ping_status":"closed","sticky":false,"template":"","format":"standard","meta":{"_et_pb_use_builder":"","_et_pb_old_content":"","_et_gb_content_width":"","footnotes":""},"categories":[6,31],"tags":[],"class_list":["post-6563","post","type-post","status-publish","format-standard","has-post-thumbnail","hentry","category-vijesti","category-novosti"],"_links":{"self":[{"href":"https:\/\/vinkovackejeseni.hr\/en\/wp-json\/wp\/v2\/posts\/6563","targetHints":{"allow":["GET"]}}],"collection":[{"href":"https:\/\/vinkovackejeseni.hr\/en\/wp-json\/wp\/v2\/posts"}],"about":[{"href":"https:\/\/vinkovackejeseni.hr\/en\/wp-json\/wp\/v2\/types\/post"}],"author":[{"embeddable":true,"href":"https:\/\/vinkovackejeseni.hr\/en\/wp-json\/wp\/v2\/users\/1"}],"replies":[{"embeddable":true,"href":"https:\/\/vinkovackejeseni.hr\/en\/wp-json\/wp\/v2\/comments?post=6563"}],"version-history":[{"count":2,"href":"https:\/\/vinkovackejeseni.hr\/en\/wp-json\/wp\/v2\/posts\/6563\/revisions"}],"predecessor-version":[{"id":6571,"href":"https:\/\/vinkovackejeseni.hr\/en\/wp-json\/wp\/v2\/posts\/6563\/revisions\/6571"}],"wp:featuredmedia":[{"embeddable":true,"href":"https:\/\/vinkovackejeseni.hr\/en\/wp-json\/wp\/v2\/media\/6564"}],"wp:attachment":[{"href":"https:\/\/vinkovackejeseni.hr\/en\/wp-json\/wp\/v2\/media?parent=6563"}],"wp:term":[{"taxonomy":"category","embeddable":true,"href":"https:\/\/vinkovackejeseni.hr\/en\/wp-json\/wp\/v2\/categories?post=6563"},{"taxonomy":"post_tag","embeddable":true,"href":"https:\/\/vinkovackejeseni.hr\/en\/wp-json\/wp\/v2\/tags?post=6563"}],"curies":[{"name":"wp","href":"https:\/\/api.w.org\/{rel}","templated":true}]}}