{"id":6519,"date":"2025-07-14T15:26:17","date_gmt":"2025-07-14T13:26:17","guid":{"rendered":"https:\/\/vinkovackejeseni.hr\/?p=6519"},"modified":"2025-07-15T11:15:51","modified_gmt":"2025-07-15T09:15:51","slug":"slavonska-prica-na-zidu-mural-na-trgu-vinkovackih-jeseni-gotov-do-kraja-tjedna","status":"publish","type":"post","link":"https:\/\/vinkovackejeseni.hr\/en\/slavonska-prica-na-zidu-mural-na-trgu-vinkovackih-jeseni-gotov-do-kraja-tjedna\/","title":{"rendered":"Slavonska pri\u010da na zidu: Mural na Trgu Vinkova\u010dkih jeseni gotov do kraja tjedna"},"content":{"rendered":"<p lang=\"hr-HR\" align=\"justify\">Radovi na izgradnji<strong>\u00a0novog Trga Vinkova\u010dkih jeseni<\/strong>\u00a0odli\u010dno napreduju i mjesto je to koje \u0107e uskoro okupljati brojne Vinkov\u010dane. Neizostavni dio novog kompleksa svakako \u0107e biti veliki mural sa slavonskim motivima kojega je osmislio\u00a0<strong>Vladimir Tomi\u0107 \u2013 Mosk<\/strong>\u00a0iz Rijeke.<\/p>\n<p lang=\"hr-HR\" align=\"justify\">Kako nam je rekao 42-godi\u0161njak, na natje\u010daj kojega je raspisao Grad Vinkovci prijavio se zahvaljuju\u0107i svojoj prijateljici koja mu je poslala link. Svoje djelo nazvao je\u00a0<strong>\u201ePro\u0161lost se \u010dini ve\u0107om u zrcalu\u201d<\/strong>.<\/p>\n<p lang=\"hr-HR\" align=\"justify\"><strong>\u201eIdeja mi je odmah bila interesantna. Svaki put kada imam narud\u017ebu ili radim za neki natje\u010daj potakne me da razmi\u0161ljam na jedan druga\u010diji na\u010din nego kada slikam ne\u0161to svoje. S jedne strane novi mural mi daje izazov, ali i osvje\u017eenje\u201d,<\/strong>\u00a0kazao je Tomi\u0107.<\/p>\n<p lang=\"hr-HR\" align=\"justify\"><img loading=\"lazy\" decoding=\"async\" class=\"aligncenter wp-image-6521 size-full\" src=\"https:\/\/vinkovackejeseni.hr\/wp-content\/uploads\/2025\/07\/DSC00024-scaled.jpg\" alt=\"\" width=\"2560\" height=\"1707\" \/><\/p>\n<p lang=\"hr-HR\" align=\"justify\">U izradi vinkova\u010dkog murala morao je uzeti u obzir odre\u0111ene stvari na koje do sada nikada nije obra\u0107ao pozornost \u2013 to su primjerice polje, \u017eito, uve\u0107ana vo\u0107ka, povijest mjesta i druge razli\u010dite okolnosti. Crtanje prakticira ve\u0107 dugih 27 godina, a u posljednje vrijeme bavi se isklju\u010divo muralima.<\/p>\n<p lang=\"hr-HR\" align=\"justify\"><strong>\u201eMural je velik zbog zida na kojemu se nalazi i prikazuje polje \u017eita, odnosno rije\u010d je o jednom pastoralnom slavonskom prikazu. U centru je crvena jabuka koja stoji na stolnjaku. Njega \u0107e, iako do toga jo\u0161 nismo do\u0161li, pridr\u017eavati nekoliko protagonista. Pitanje je jesu li oni dr\u017eali stolnjak kako bi uhvatili jabuku koja je padala s neba ili se igraju s tom jabukom. To nisam definirao\u201d,<\/strong>\u00a0poru\u010dio je autor murala.<\/p>\n<p lang=\"hr-HR\" align=\"justify\"><img loading=\"lazy\" decoding=\"async\" class=\"aligncenter wp-image-6522 size-full\" src=\"https:\/\/vinkovackejeseni.hr\/wp-content\/uploads\/2025\/07\/DSC00022-scaled.jpg\" alt=\"\" width=\"2560\" height=\"1707\" \/><\/p>\n<p lang=\"hr-HR\" align=\"justify\">Rije\u010danin nije sam na zid prenosio motive, u izradi mu je desna ruka bio\u00a0<strong>Ivo Kosanovi\u0107<\/strong>\u00a0iz Zagreba. Trg Vinkova\u010dkih jeseni bit \u0107e predivan, kazao je, a upravo to donosi jedan ogroman izazov.<\/p>\n<p lang=\"hr-HR\" align=\"justify\"><strong>\u201eImpozantno je \u0161to zid na ovom mjestu stoji sam za sebe, tu \u0107e biti scenografija raznih doga\u0111aja. Za ovakav mural potrebno je ulo\u017eiti dosta truda i zahtjevan je posao, ali ta rutina definitivno dolazi s iskustvom. Vladimir ve\u0107 dugi niz godina ima takvog iskustva i bez problema mo\u017ee prenijeti ideju na zid\u201d,<\/strong>\u00a0ispri\u010dao je 41-godi\u0161njak dodav\u0161i kako su s radovima zapo\u010deli u petak, a cijeli mural trebao bi biti zavr\u0161en do \u010detvrtka.<\/p>\n<p lang=\"hr-HR\" align=\"justify\"><img loading=\"lazy\" decoding=\"async\" class=\"alignnone size-large wp-image-6523\" src=\"https:\/\/vinkovackejeseni.hr\/wp-content\/uploads\/2025\/07\/IMG_7924-1024x768.jpg\" alt=\"\" width=\"1024\" height=\"768\" \/><\/p>\n<p lang=\"hr-HR\" align=\"justify\">Na Javni poziv za izradu murala prijavilo se 14 osoba koji su ukupno predlo\u017eili 21 prijedlog idejnog rje\u0161enja. Dva prijavitelja su iz Vinkovaca, dok je ostatak prijava do\u0161lo iz Osijeka, Zagreba, Vara\u017edina, Rijeke, Kne\u017eevih Vinograda, Sarva\u0161a i Ivankova. Kona\u010dnu odluku donijelo je Povjerenstvo kojeg su \u010dinili vi\u0161i kustos i voditelj Galerije likovnih umjetnosti Slavko Kopa\u010d Vinkovci Zoran \u0160imunovi\u0107, dopredsjednik Hrvatskog foto saveza, predsjednik Foto kluba Vinkovci i predsjednik Kulturnog vije\u0107a Grada Vinkovaca Dra\u017een Bota, ravnatelj Kulturnog centra Vinkovci Marko Sabljakovi\u0107, nastavnica likovne kulture Nikolina Star\u010devi\u0107 i zamjenica pro\u010delnice Upravnog odjela za kulturu i turizam Danijela Rimac.<\/p>\n<p lang=\"hr-HR\" align=\"justify\"><strong>\u201eIzabrani rad najbolje je ispunio sve kriterije natje\u010daja, istovremeno kombiniraju\u0107i vizualnu atraktivnost i duboku povezanost s temom Vinkova\u010dkih jeseni. Mural uspje\u0161no integrira klju\u010dne elemente tradicijske kulture, poput polja \u017eita koje simbolizira bogatstvo slavonske ravnice, te jabuku kao sredi\u0161nji motiv manifestacije. Pejza\u017e Slavonije prikazan je toplim tonovima, \u0161to evocira autenti\u010dnost i emocionalnu povezanost s lokalnim identitetom. Tako\u0111er, tradicijske obiteljske elemente oslikao je s pa\u017enjom prema detaljima, \u010dime je postigao ravnote\u017eu izme\u0111u modernog likovnog izraza i o\u010duvanja folklorne ba\u0161tine\u201d,<\/strong>\u00a0obrazlo\u017eenje je Povjerenstva.<\/p>\n<p lang=\"hr-HR\" align=\"justify\">Tako\u0111er, kako su objasnili, likovni jezik murala odlikuje se preciznom kompozicijom, gdje su elementi me\u0111usobno povezani ritmi\u010dkim rasporedom, stvaraju\u0107i vizualnu pri\u010du koja privla\u010di pogled i ostavlja sna\u017ean dojam. Kori\u0161tenje toplih nijansi \u017eute, zelene i crvene asocira na jesen, dok su figure prikazane realisti\u010dnom formom ne naru\u0161avaju\u0107i cjelokupnu likovnu kompoziciju. Autor je pokazao izuzetnu kreativnost u interpretaciji tradicionalnih motiva kroz suvremeni pristup, \u0161to mural \u010dini relevantnim i za mlade generacije. Povjerenstvo posebno isti\u010de umjetnikovu sposobnost da klasi\u010dne teme preto\u010di u vizualno bogatu i inovativnu cjelinu, \u010dime \u0107e mural postati pravi ambijentalni doprinos gradu.<\/p>\n<p lang=\"hr-HR\" align=\"justify\">Radove na muralu koji \u0107e vrlo brzo punim sjajem ukra\u0161avati novi trg danas je obi\u0161ao gradona\u010delnik Josip Romi\u0107.<\/p>\n<p lang=\"hr-HR\" align=\"justify\"><strong>\u201eNa velikoj pozornici na na\u0161em novom Trgu Vinkova\u010dkih jeseni upravo nastaje ne\u0161to posebno. U izradi je mural koji ne\u0107e biti samo slika, bit \u0107e to pri\u010da o kulturi i ba\u0161tini, o pro\u0161losti i sada\u0161njosti najstarijeg europskog grada i njegove najve\u0107e manifestacije\u201d,<\/strong>\u00a0poru\u010dio je putem svog slu\u017ebenog Facebook profila.<\/p>\n<p lang=\"hr-HR\" align=\"justify\"><img loading=\"lazy\" decoding=\"async\" class=\"aligncenter wp-image-6520 size-full\" src=\"https:\/\/vinkovackejeseni.hr\/wp-content\/uploads\/2025\/07\/518298312_122144418050746840_575542952339990264_n.jpg\" alt=\"\" width=\"2048\" height=\"1536\" \/><\/p>","protected":false},"excerpt":{"rendered":"<p>Radovi na izgradnji\u00a0novog Trga Vinkova\u010dkih jeseni\u00a0odli\u010dno napreduju i mjesto je to koje \u0107e uskoro okupljati brojne Vinkov\u010dane. Neizostavni dio novog kompleksa svakako \u0107e biti veliki mural sa slavonskim motivima kojega je osmislio\u00a0Vladimir Tomi\u0107 \u2013 Mosk\u00a0iz Rijeke. Kako nam je rekao 42-godi\u0161njak, na natje\u010daj kojega je raspisao Grad Vinkovci prijavio se zahvaljuju\u0107i svojoj prijateljici koja mu [&hellip;]<\/p>","protected":false},"author":1,"featured_media":6526,"comment_status":"closed","ping_status":"closed","sticky":false,"template":"","format":"standard","meta":{"_et_pb_use_builder":"","_et_pb_old_content":"","_et_gb_content_width":"","footnotes":""},"categories":[30,31,6],"tags":[241,242,15],"class_list":["post-6519","post","type-post","status-publish","format-standard","has-post-thumbnail","hentry","category-naslovna","category-novosti","category-vijesti","tag-mural","tag-trg","tag-vinkovacke-jeseni"],"_links":{"self":[{"href":"https:\/\/vinkovackejeseni.hr\/en\/wp-json\/wp\/v2\/posts\/6519","targetHints":{"allow":["GET"]}}],"collection":[{"href":"https:\/\/vinkovackejeseni.hr\/en\/wp-json\/wp\/v2\/posts"}],"about":[{"href":"https:\/\/vinkovackejeseni.hr\/en\/wp-json\/wp\/v2\/types\/post"}],"author":[{"embeddable":true,"href":"https:\/\/vinkovackejeseni.hr\/en\/wp-json\/wp\/v2\/users\/1"}],"replies":[{"embeddable":true,"href":"https:\/\/vinkovackejeseni.hr\/en\/wp-json\/wp\/v2\/comments?post=6519"}],"version-history":[{"count":4,"href":"https:\/\/vinkovackejeseni.hr\/en\/wp-json\/wp\/v2\/posts\/6519\/revisions"}],"predecessor-version":[{"id":6528,"href":"https:\/\/vinkovackejeseni.hr\/en\/wp-json\/wp\/v2\/posts\/6519\/revisions\/6528"}],"wp:featuredmedia":[{"embeddable":true,"href":"https:\/\/vinkovackejeseni.hr\/en\/wp-json\/wp\/v2\/media\/6526"}],"wp:attachment":[{"href":"https:\/\/vinkovackejeseni.hr\/en\/wp-json\/wp\/v2\/media?parent=6519"}],"wp:term":[{"taxonomy":"category","embeddable":true,"href":"https:\/\/vinkovackejeseni.hr\/en\/wp-json\/wp\/v2\/categories?post=6519"},{"taxonomy":"post_tag","embeddable":true,"href":"https:\/\/vinkovackejeseni.hr\/en\/wp-json\/wp\/v2\/tags?post=6519"}],"curies":[{"name":"wp","href":"https:\/\/api.w.org\/{rel}","templated":true}]}}