{"id":6508,"date":"2025-07-08T11:58:01","date_gmt":"2025-07-08T09:58:01","guid":{"rendered":"https:\/\/vinkovackejeseni.hr\/?p=6508"},"modified":"2025-07-08T11:58:01","modified_gmt":"2025-07-08T09:58:01","slug":"prijavi-se-na-glumacku-audiciju-i-postani-dio-svecanog-otvorenja-60-vinkovackih-jeseni","status":"publish","type":"post","link":"https:\/\/vinkovackejeseni.hr\/en\/prijavi-se-na-glumacku-audiciju-i-postani-dio-svecanog-otvorenja-60-vinkovackih-jeseni\/","title":{"rendered":"Prijavi se na gluma\u010dku audiciju i postani dio sve\u010danog otvorenja 60. Vinkova\u010dkih jeseni"},"content":{"rendered":"<p>Ako ste jedni od onih koji bi htjeli svojih pet minuta na daskama koje \u017eivot zna\u010de, Vinkova\u010dke jeseni nude priliku.<\/p>\n<p>Naime, ove godine grad na Bosutu obilje\u017eava okrugle\u00a0<strong>60. Vinkova\u010dke jeseni<\/strong>, a za otvorenje ove najve\u0107e smotre folklora u Hrvata \u010dija je ovogodi\u0161nja tema\u00a0<strong>\u201cJesen rumeni\u2019 jabuka\u201d<\/strong>\u00a0potreban je \u010ditav\u00a0<strong>gluma\u010dki ansambl<\/strong>. Bilo da ste profesionalan ili amaterski glumac, jedan bitan uvjet jeste da imate vi\u0161e od 18 godina. Sve\u010dano otvorenje odr\u017eat \u0107e se 19. rujna ove godine.<\/p>\n<p>Zainteresirani\u00a0<strong>do 14. srpnja<\/strong>, kada se zatvaraju prijave na casting, trebaju pripremiti i snimiti\u00a0<strong>kratak monolog na standaradnom ili dijalektnom govoru<\/strong>. To sve uz<a href=\"https:\/\/kcvinkovci.hr\/traze-se-glumci-za-svecanost-otvorenja-60-vinkovackih-jeseni\/\" target=\"_blank\" rel=\"noopener\">\u00a0ispunjeni upitnik<\/a>\u00a0treba poslati na\u00a0<strong>tajnistvo@kcvinkovci<\/strong>\u00a0ili Viberom ili Whatappom na<strong>\u00a0095 369 90 81<\/strong>.<\/p>","protected":false},"excerpt":{"rendered":"<p>Ako ste jedni od onih koji bi htjeli svojih pet minuta na daskama koje \u017eivot zna\u010de, Vinkova\u010dke jeseni nude priliku. Naime, ove godine grad na Bosutu obilje\u017eava okrugle\u00a060. Vinkova\u010dke jeseni, a za otvorenje ove najve\u0107e smotre folklora u Hrvata \u010dija je ovogodi\u0161nja tema\u00a0\u201cJesen rumeni\u2019 jabuka\u201d\u00a0potreban je \u010ditav\u00a0gluma\u010dki ansambl. Bilo da ste profesionalan ili amaterski glumac, [&hellip;]<\/p>","protected":false},"author":1,"featured_media":6509,"comment_status":"closed","ping_status":"closed","sticky":false,"template":"","format":"standard","meta":{"_et_pb_use_builder":"","_et_pb_old_content":"","_et_gb_content_width":"","footnotes":""},"categories":[31,30,6],"tags":[239,240,238],"class_list":["post-6508","post","type-post","status-publish","format-standard","has-post-thumbnail","hentry","category-novosti","category-naslovna","category-vijesti","tag-audicija","tag-casting","tag-gulmci"],"_links":{"self":[{"href":"https:\/\/vinkovackejeseni.hr\/en\/wp-json\/wp\/v2\/posts\/6508","targetHints":{"allow":["GET"]}}],"collection":[{"href":"https:\/\/vinkovackejeseni.hr\/en\/wp-json\/wp\/v2\/posts"}],"about":[{"href":"https:\/\/vinkovackejeseni.hr\/en\/wp-json\/wp\/v2\/types\/post"}],"author":[{"embeddable":true,"href":"https:\/\/vinkovackejeseni.hr\/en\/wp-json\/wp\/v2\/users\/1"}],"replies":[{"embeddable":true,"href":"https:\/\/vinkovackejeseni.hr\/en\/wp-json\/wp\/v2\/comments?post=6508"}],"version-history":[{"count":1,"href":"https:\/\/vinkovackejeseni.hr\/en\/wp-json\/wp\/v2\/posts\/6508\/revisions"}],"predecessor-version":[{"id":6510,"href":"https:\/\/vinkovackejeseni.hr\/en\/wp-json\/wp\/v2\/posts\/6508\/revisions\/6510"}],"wp:featuredmedia":[{"embeddable":true,"href":"https:\/\/vinkovackejeseni.hr\/en\/wp-json\/wp\/v2\/media\/6509"}],"wp:attachment":[{"href":"https:\/\/vinkovackejeseni.hr\/en\/wp-json\/wp\/v2\/media?parent=6508"}],"wp:term":[{"taxonomy":"category","embeddable":true,"href":"https:\/\/vinkovackejeseni.hr\/en\/wp-json\/wp\/v2\/categories?post=6508"},{"taxonomy":"post_tag","embeddable":true,"href":"https:\/\/vinkovackejeseni.hr\/en\/wp-json\/wp\/v2\/tags?post=6508"}],"curies":[{"name":"wp","href":"https:\/\/api.w.org\/{rel}","templated":true}]}}