{"id":6466,"date":"2025-02-14T18:00:12","date_gmt":"2025-02-14T17:00:12","guid":{"rendered":"https:\/\/vinkovackejeseni.hr\/?p=6466"},"modified":"2025-02-14T14:49:15","modified_gmt":"2025-02-14T13:49:15","slug":"raspisan-5-literarni-nagradni-natjecaj-male-vinkovacke-jeseni","status":"publish","type":"post","link":"https:\/\/vinkovackejeseni.hr\/en\/raspisan-5-literarni-nagradni-natjecaj-male-vinkovacke-jeseni\/","title":{"rendered":"Raspisan 5. Literarni nagradni natje\u010daj Male vinkova\u010dke jeseni"},"content":{"rendered":"<p style=\"text-align: justify;\"><strong><span style=\"color: #000000;\"><a style=\"color: #000000;\" href=\"https:\/\/gkvk.hr\/2025\/02\/06\/poziv-za-5-literarni-nagradni-natjecaj-male-vinkovacke-jeseni\/\" target=\"_blank\" rel=\"noopener\">Gradska knji\u017enica i \u010ditaonica Vinkovci<\/a>\u00a0i ove godine otvara vrata mladim talentima raspisivanjem 5. Literarnog nagradnog natje\u010daja Male vinkova\u010dke jeseni. Ovaj natje\u010daj, namijenjen u\u010denicima vi\u0161ih razreda osnovnih i srednjo\u0161kolcima iz cijele Hrvatske, pru\u017ea priliku mladima da kroz knji\u017eevno stvarala\u0161tvo istra\u017ee i izraze svoju povezanost sa zavi\u010dajem.<\/span><\/strong><\/p>\n<p style=\"text-align: justify;\"><span style=\"color: #000000;\">S idejom o\u010duvanja kulturne ba\u0161tine kroz pisanu rije\u010d knji\u017enica ve\u0107 pet godina organizira natje\u010daj koji bilje\u017ei sve ve\u0107i odaziv. U protekle \u010detiri godine pristiglo je vi\u0161e od stotinu radova godi\u0161nje iz svih krajeva Hrvatske, a nagra\u0111eni autori i njihovi mentori imali su priliku sudjelovati u posebnom programu u Vinkovcima, gdje su se ra\u0111ala nova prijateljstva i uspomene. Ove godine, uz jubilarno izdanje natje\u010daja, bit \u0107e\u00a0objavljen\u00a0i\u00a0Zbornik radova\u00a0koji \u0107e obuhvatiti najbolje radove iz svih dosada\u0161njih natje\u010daja.<\/span><\/p>\n<p style=\"text-align: justify;\"><span style=\"color: #000000;\">Natje\u010daj je otvoren za\u00a0literarne radove u obliku poezije, eseja ili kratke pri\u010de do pet kartica teksta, na\u00a0temu Zavi\u010daj. Sudjelovati mogu u\u010denici u\u00a0dvije kategorije\u00a0 \u2013\u00a0stariji osnovno\u0161kolci (5. \u2013 8. razreda)\u00a0i\u00a0srednjo\u0161kolci (1. \u2013 4. razreda). Radovi mogu biti napisani\u00a0na standardnom hrvatskom jeziku ili na dijalektu, uz obavezno prilaganje malog rje\u010dnika manje poznatih izraza.<\/span><\/p>\n<p style=\"text-align: justify;\"><span style=\"color: #000000;\">Prijave<\/span><span style=\"color: #000000;\">\u00a0su otvorene\u00a0<\/span><span style=\"color: #000000;\">do 31. svibnja<\/span><span style=\"color: #000000;\">, a\u00a0<\/span><span style=\"color: #000000;\">rezultati<\/span><span style=\"color: #000000;\">\u00a0\u0107e se objaviti\u00a0<\/span><span style=\"color: #000000;\">21. srpnja<\/span><span style=\"color: #000000;\">\u00a0na mre\u017enim stranicama i dru\u0161tvenim mre\u017eama knji\u017enice.\u00a0<\/span><span style=\"color: #000000;\">Najbolji radovi<\/span><span style=\"color: #000000;\">\u00a0bit \u0107e\u00a0<\/span><span style=\"color: #000000;\">nagra\u0111eni<\/span><span style=\"color: #000000;\">\u00a0nov\u010danim iznosima od\u00a0<\/span><span style=\"color: #000000;\">150, 100 i 70 eura<\/span><span style=\"color: #000000;\">, a\u00a0<\/span><span style=\"color: #000000;\">posebna nagrada svim nagra\u0111enima i njihovim mentorima bit \u0107e dvodnevni boravak u Vinkovcima tijekom Dje\u010djih vinkova\u010dkih jeseni 13. i 14. rujna.<\/span><\/p>\n<p style=\"text-align: justify;\"><span style=\"color: #000000;\">Za dodatne informacije tu su Tija Pa\u017eanin (032 616 423 \/ tija@gkvk.hr) i Sonja \u0160imi\u0107 (032 616 421 \/ sonja@gkvk.hr).<\/span><\/p>\n<p><img loading=\"lazy\" decoding=\"async\" class=\"size-full wp-image-6468 aligncenter\" src=\"https:\/\/vinkovackejeseni.hr\/wp-content\/uploads\/2025\/02\/476316558_1036131661881570_2077053655931589767_n.jpg\" alt=\"\" width=\"940\" height=\"788\" \/><\/p>","protected":false},"excerpt":{"rendered":"<p>Gradska knji\u017enica i \u010ditaonica Vinkovci\u00a0i ove godine otvara vrata mladim talentima raspisivanjem 5. Literarnog nagradnog natje\u010daja Male vinkova\u010dke jeseni. Ovaj natje\u010daj, namijenjen u\u010denicima vi\u0161ih razreda osnovnih i srednjo\u0161kolcima iz cijele Hrvatske, pru\u017ea priliku mladima da kroz knji\u017eevno stvarala\u0161tvo istra\u017ee i izraze svoju povezanost sa zavi\u010dajem. S idejom o\u010duvanja kulturne ba\u0161tine kroz pisanu rije\u010d knji\u017enica ve\u0107 [&hellip;]<\/p>","protected":false},"author":1,"featured_media":6467,"comment_status":"closed","ping_status":"closed","sticky":false,"template":"","format":"standard","meta":{"_et_pb_use_builder":"","_et_pb_old_content":"","_et_gb_content_width":"","footnotes":""},"categories":[30,31,6],"tags":[],"class_list":["post-6466","post","type-post","status-publish","format-standard","has-post-thumbnail","hentry","category-naslovna","category-novosti","category-vijesti"],"_links":{"self":[{"href":"https:\/\/vinkovackejeseni.hr\/en\/wp-json\/wp\/v2\/posts\/6466","targetHints":{"allow":["GET"]}}],"collection":[{"href":"https:\/\/vinkovackejeseni.hr\/en\/wp-json\/wp\/v2\/posts"}],"about":[{"href":"https:\/\/vinkovackejeseni.hr\/en\/wp-json\/wp\/v2\/types\/post"}],"author":[{"embeddable":true,"href":"https:\/\/vinkovackejeseni.hr\/en\/wp-json\/wp\/v2\/users\/1"}],"replies":[{"embeddable":true,"href":"https:\/\/vinkovackejeseni.hr\/en\/wp-json\/wp\/v2\/comments?post=6466"}],"version-history":[{"count":3,"href":"https:\/\/vinkovackejeseni.hr\/en\/wp-json\/wp\/v2\/posts\/6466\/revisions"}],"predecessor-version":[{"id":6471,"href":"https:\/\/vinkovackejeseni.hr\/en\/wp-json\/wp\/v2\/posts\/6466\/revisions\/6471"}],"wp:featuredmedia":[{"embeddable":true,"href":"https:\/\/vinkovackejeseni.hr\/en\/wp-json\/wp\/v2\/media\/6467"}],"wp:attachment":[{"href":"https:\/\/vinkovackejeseni.hr\/en\/wp-json\/wp\/v2\/media?parent=6466"}],"wp:term":[{"taxonomy":"category","embeddable":true,"href":"https:\/\/vinkovackejeseni.hr\/en\/wp-json\/wp\/v2\/categories?post=6466"},{"taxonomy":"post_tag","embeddable":true,"href":"https:\/\/vinkovackejeseni.hr\/en\/wp-json\/wp\/v2\/tags?post=6466"}],"curies":[{"name":"wp","href":"https:\/\/api.w.org\/{rel}","templated":true}]}}