{"id":6391,"date":"2024-10-10T11:59:55","date_gmt":"2024-10-10T09:59:55","guid":{"rendered":"https:\/\/vinkovackejeseni.hr\/?p=6391"},"modified":"2024-10-10T12:01:30","modified_gmt":"2024-10-10T10:01:30","slug":"rekordnih-110-tisuca-posjetitelja-utabalo-put-prema-jubilarnim-60-vinkovackim-jesenima","status":"publish","type":"post","link":"https:\/\/vinkovackejeseni.hr\/en\/rekordnih-110-tisuca-posjetitelja-utabalo-put-prema-jubilarnim-60-vinkovackim-jesenima\/","title":{"rendered":"Rekordnih 110 tisu\u0107a posjetitelja utabalo put prema jubilarnim 60. Vinkova\u010dkim jesenima"},"content":{"rendered":"<p style=\"text-align: justify;\" align=\"justify\"><strong><span style=\"color: #000000;\">Da grad ima vi\u0161e smje\u0161tajnog kapaciteta, bilo bi jo\u0161 vi\u0161e posjetitelja \u2013 ponosan je Organizacijski odbor 59. Vinkova\u010dkih jeseni <span lang=\"hr-HR\">koji jo\u0161 uvijek sla\u017ee dojmove nakon fantasti\u010dnih deset dana za koje \u017eivi najstariji grad u Europi. <\/span><span lang=\"hr-HR\">Brojevi ne la\u017eu, bila je ovo jedna od rekordnih manifestacija, Vinkovci su potvrdili da nemaju konkurenciju u \u010duvanju narodne pjesme, plesa i ruva&#8230;.<\/span><\/span><\/strong><\/p>\n<p style=\"text-align: justify;\" align=\"justify\"><span lang=\"hr-HR\" style=\"color: #000000;\">Predsjednik Organizacijskog odbora, vinkova\u010dki gradona\u010delnik Ivan Bosan\u010di\u0107 ka\u017ee kako su 59. Vinkova\u010dke jeseni ostvarile sve \u017eelje. Odr\u017eane su to\u010dno onako kako su bile zami\u0161ljene.<\/span><\/p>\n<p style=\"text-align: justify;\" align=\"justify\"><span style=\"color: #000000;\"><em><strong>\u201e<span lang=\"hr-HR\">A z<\/span>amislili smo ih tako da budu pravi festival tradicijske kulture, da budu festival na\u0161e gastronomije, na\u0161e gostoljubivosti, Slavonije, Vinkovaca, Vukovarsko-srijemske \u017eupanije. Mislim da smo u tome uspjeli i zato hvala cijeloj ekipi u organizaciji jer su napravili ogroman posao. Velika je to manifestacija \u0161to nekad zna\u010di i puno problema i puno stvari koje je potrebno rije\u0161iti kako bismo ostvarili ovakve fenomenalne brojke\u201d<\/strong><\/em>, gradona\u010delnik ne krije zadovoljstvo.<\/span><\/p>\n<p align=\"justify\"><a href=\"https:\/\/vinkovackejeseni.hr\/wp-content\/uploads\/2024\/10\/IMG_9700-scaled.jpg\"><img loading=\"lazy\" decoding=\"async\" class=\"aligncenter wp-image-6392 size-large\" src=\"https:\/\/vinkovackejeseni.hr\/wp-content\/uploads\/2024\/10\/IMG_9700-1024x655.jpg\" alt=\"\" width=\"1024\" height=\"655\" \/><\/a><\/p>\n<p style=\"text-align: justify;\" align=\"justify\"><span style=\"color: #000000;\">Prostora za napredak, ka\u017ee, ima uvijek, a \u017eelja za time je prisutna u cijelom organizacijskom timu. Vinkov\u010danima i njihovim gostima stoga obe\u0107ava jo\u0161 ljep\u0161e, bolje i rasko\u0161nije jubilarne 60. Vinkova\u010dke jeseni od 12. do 21. rujna.<\/span><\/p>\n<p style=\"text-align: justify;\" align=\"justify\"><span style=\"color: #000000;\"><em><strong>\u201eSiguran sam da \u0107emo sljede\u0107e jeseni donijeti promjene koje \u0107e rezultirati jo\u0161 ve\u0107im brojem posjetitelja i u kona\u010dnici donijeti jo\u0161 bolje rezultate. Pozivam sve da dogodine budu dio Vinkova\u010dkih jeseni, budu u centru svijeta koji se bavi tradicijskom kulturom, najljep\u0161em gradu na svijetu i na najboljoj manifestaciji u Hrvatskoj\u201d,<\/strong> <\/em>poziva Bosan\u010di\u0107 na 60. izdanje tradicijske smotre za koju <span lang=\"hr-HR\">su pripreme ve\u0107 krenule.<\/span><\/span><\/p>\n<p align=\"justify\"><a href=\"https:\/\/vinkovackejeseni.hr\/wp-content\/uploads\/2024\/10\/462544871_938819244950389_6913836121097794756_n.jpg\"><img loading=\"lazy\" decoding=\"async\" class=\"aligncenter wp-image-6396 size-large\" src=\"https:\/\/vinkovackejeseni.hr\/wp-content\/uploads\/2024\/10\/462544871_938819244950389_6913836121097794756_n-724x1024.jpg\" alt=\"\" width=\"724\" height=\"1024\" \/><\/a><\/p>\n<p align=\"justify\"><a href=\"https:\/\/vinkovackejeseni.hr\/wp-content\/uploads\/2024\/10\/IMG_9709-scaled.jpg\"><img loading=\"lazy\" decoding=\"async\" class=\"aligncenter wp-image-6395 size-large\" src=\"https:\/\/vinkovackejeseni.hr\/wp-content\/uploads\/2024\/10\/IMG_9709-1024x683.jpg\" alt=\"\" width=\"1024\" height=\"683\" \/><\/a><\/p>\n<p style=\"text-align: justify;\" align=\"justify\"><span style=\"color: #000000;\">Prvih nekoliko ki\u0161nih i hladnih dana nije utjecalo na posje\u0107enost. \u010cak 110 tisu\u0107a ljudi pro\u0161lo je vinkova\u010dkim ulicama i u\u017eivalo u rasko\u0161i na\u0161e \u0160okadije, podatke je iznijela direktorica Turisti\u010dke zajednice grada Vinkovaca Martina Matkovi\u0107.<\/span><\/p>\n<p style=\"text-align: justify;\" align=\"justify\"><span style=\"color: #000000;\">U Vinkovcima je tih deset dana no\u0107ilo 3.340 ljudi, stranicu Vinkova\u010dke jeseni posjetilo je 110 tisu\u0107a korisnika, a film \u201eRuke \u0161oka\u010dkih uspomena\u201d koji je osvojio nagradu publike na Festivalu turisti\u010dkog i etno filma pogledalo je njih 155 tisu\u0107a. Ugostiteljstvo je uprihodilo vi\u0161e od milijun eura.<\/span><\/p>\n<p style=\"text-align: justify;\" align=\"justify\"><span style=\"color: #000000;\"><em><strong>\u201eOve godine smo prvi put napravili i anketu zadovoljstva posjetitelja. <span lang=\"hr-HR\">Htjeli smo dobiti<\/span> povratnu informaciju, vidjeti \u0161to ih zanima te \u0161to im se \u010dini najzanimljivije i najljep\u0161e. Prema rezultatima, Mimohod je definitivno pokupio sve simpatije\u201d,<\/strong><\/em> istaknula je Martina Matkovi\u0107.<\/span><\/p>\n<p align=\"justify\"><a href=\"https:\/\/vinkovackejeseni.hr\/wp-content\/uploads\/2024\/10\/IMG_9706-scaled.jpg\"><img loading=\"lazy\" decoding=\"async\" class=\"aligncenter wp-image-6393 size-large\" src=\"https:\/\/vinkovackejeseni.hr\/wp-content\/uploads\/2024\/10\/IMG_9706-1024x683.jpg\" alt=\"\" width=\"1024\" height=\"683\" \/><\/a><\/p>\n<p style=\"text-align: justify;\" align=\"justify\"><span style=\"color: #000000;\"><span lang=\"hr-HR\">U najatraktivnijem dijelu manifestacije, Sve\u010danom mimohodu, <\/span>ove je jeseni <span lang=\"hr-HR\">prodefiliralo<\/span> 70 kulturno-umjetni\u010dkih dru\u0161tava. Odu\u0161evljeni gostoljubivo\u0161\u0107u i toplinom Slavonaca, iz svih dijelova Hrvatske, ali i inozemstva, donijeli su blago prekrasnih i raznovrsnih narodnih no\u0161nji i obi\u010daja, zapjevali izvorne pjesme i zasvirali izvorne instrumente, uz pocikivanje i pratnju topota gizdavih lipicanaca. <\/span><\/p>\n<p style=\"text-align: justify;\" align=\"justify\"><span style=\"color: #000000;\"><span lang=\"hr-HR\">U<\/span>mjetni\u010dki tajnik Vinkova\u010dkih jeseni i tajnik ZAKUD-a Vukovarsko-srijemske \u017eupanije, Stjepan \u0110urkovi\u0107, ka\u017ee kako je na svim folklornim priredbama kroz deset dana nastupilo oko 7,5 tisu\u0107a folklora\u0161a.<\/span><\/p>\n<p style=\"text-align: justify;\" align=\"justify\"><span style=\"color: #000000;\"><em><strong>\u201eVrijeme nam na po\u010detku nije bilo naklonjeno, ali kako nam se pribli\u017eavalo finale i lijepo vrijeme napokon smo vidjeli svu ljepotu folklora i ljubavi prema tradiciji i ba\u0161tini. Ponovno smo svjedo\u010dili izvornosti i tradiciji, od po\u010detka do kraja manifestacija je bila prekrasna i mislim da \u0107emo ju jo\u0161 dugo pamtiti&#8230;\u201d<\/strong><\/em>, zaklju\u010dio je \u0110urkovi\u0107.<\/span><\/p>\n<p align=\"justify\"><a href=\"https:\/\/vinkovackejeseni.hr\/wp-content\/uploads\/2024\/10\/462677179_938819258283721_8428630486756298472_n.jpg\"><img loading=\"lazy\" decoding=\"async\" class=\"aligncenter wp-image-6397 size-large\" src=\"https:\/\/vinkovackejeseni.hr\/wp-content\/uploads\/2024\/10\/462677179_938819258283721_8428630486756298472_n-724x1024.jpg\" alt=\"\" width=\"724\" height=\"1024\" \/><\/a><\/p>\n<p align=\"justify\"><a href=\"https:\/\/vinkovackejeseni.hr\/wp-content\/uploads\/2024\/10\/IMG_9707-scaled.jpg\"><img loading=\"lazy\" decoding=\"async\" class=\"aligncenter wp-image-6394 size-large\" src=\"https:\/\/vinkovackejeseni.hr\/wp-content\/uploads\/2024\/10\/IMG_9707-1024x683.jpg\" alt=\"\" width=\"1024\" height=\"683\" \/><\/a><\/p>","protected":false},"excerpt":{"rendered":"<p>Da grad ima vi\u0161e smje\u0161tajnog kapaciteta, bilo bi jo\u0161 vi\u0161e posjetitelja \u2013 ponosan je Organizacijski odbor 59. Vinkova\u010dkih jeseni koji jo\u0161 uvijek sla\u017ee dojmove nakon fantasti\u010dnih deset dana za koje \u017eivi najstariji grad u Europi. Brojevi ne la\u017eu, bila je ovo jedna od rekordnih manifestacija, Vinkovci su potvrdili da nemaju konkurenciju u \u010duvanju narodne pjesme, [&hellip;]<\/p>","protected":false},"author":1,"featured_media":6400,"comment_status":"closed","ping_status":"closed","sticky":false,"template":"","format":"standard","meta":{"_et_pb_use_builder":"","_et_pb_old_content":"","_et_gb_content_width":"","footnotes":""},"categories":[31,30,6],"tags":[],"class_list":["post-6391","post","type-post","status-publish","format-standard","has-post-thumbnail","hentry","category-novosti","category-naslovna","category-vijesti"],"_links":{"self":[{"href":"https:\/\/vinkovackejeseni.hr\/en\/wp-json\/wp\/v2\/posts\/6391","targetHints":{"allow":["GET"]}}],"collection":[{"href":"https:\/\/vinkovackejeseni.hr\/en\/wp-json\/wp\/v2\/posts"}],"about":[{"href":"https:\/\/vinkovackejeseni.hr\/en\/wp-json\/wp\/v2\/types\/post"}],"author":[{"embeddable":true,"href":"https:\/\/vinkovackejeseni.hr\/en\/wp-json\/wp\/v2\/users\/1"}],"replies":[{"embeddable":true,"href":"https:\/\/vinkovackejeseni.hr\/en\/wp-json\/wp\/v2\/comments?post=6391"}],"version-history":[{"count":1,"href":"https:\/\/vinkovackejeseni.hr\/en\/wp-json\/wp\/v2\/posts\/6391\/revisions"}],"predecessor-version":[{"id":6399,"href":"https:\/\/vinkovackejeseni.hr\/en\/wp-json\/wp\/v2\/posts\/6391\/revisions\/6399"}],"wp:featuredmedia":[{"embeddable":true,"href":"https:\/\/vinkovackejeseni.hr\/en\/wp-json\/wp\/v2\/media\/6400"}],"wp:attachment":[{"href":"https:\/\/vinkovackejeseni.hr\/en\/wp-json\/wp\/v2\/media?parent=6391"}],"wp:term":[{"taxonomy":"category","embeddable":true,"href":"https:\/\/vinkovackejeseni.hr\/en\/wp-json\/wp\/v2\/categories?post=6391"},{"taxonomy":"post_tag","embeddable":true,"href":"https:\/\/vinkovackejeseni.hr\/en\/wp-json\/wp\/v2\/tags?post=6391"}],"curies":[{"name":"wp","href":"https:\/\/api.w.org\/{rel}","templated":true}]}}