{"id":6379,"date":"2024-10-03T12:39:51","date_gmt":"2024-10-03T10:39:51","guid":{"rendered":"https:\/\/vinkovackejeseni.hr\/?p=6379"},"modified":"2024-10-03T12:39:51","modified_gmt":"2024-10-03T10:39:51","slug":"poznato-tko-je-najbolje-uredio-prostore-u-sklopu-akcije-volim-vinkovce","status":"publish","type":"post","link":"https:\/\/vinkovackejeseni.hr\/en\/poznato-tko-je-najbolje-uredio-prostore-u-sklopu-akcije-volim-vinkovce\/","title":{"rendered":"Poznato tko je najbolje uredio prostore u sklopu akcije Volim Vinkovce"},"content":{"rendered":"<p style=\"text-align: justify;\" align=\"justify\">U Poduzetni\u010dkom inkubatoru uprili\u010dena je sve\u010dana dodjela nagrada i priznanja u sklopu akcije Turisti\u010dke zajednice grada Vinkovaca <strong>\u201eVolim Vinkovce\u201d<\/strong>.<\/p>\n<p style=\"text-align: justify;\" align=\"justify\">Ovu akciju Turisti\u010dka zajednica, pod razli\u010ditim imenima, provodi ve\u0107 pedesetak godina, a njome se \u017eeljelo potaknuti stanovnike da na\u0161 grad urede \u0161to ljep\u0161e povodom Vinkova\u010dkih jeseni. Da su to u\u010dinili dokazuju nam svakih, pa tako i ovih 59. Vinkova\u010dkih jeseni. Na temu \u201eRuke \u0161oka\u010dkih uspomena\u201d stru\u010dni \u017eiri u sastavu <strong>Mia Sidorov<\/strong>, <strong>Anita Tutek<\/strong> i <strong>Jasna Zeko Stolar<\/strong> ocijenio je preko 20 prijavljenih u 6 kategorija.<\/p>\n<p style=\"text-align: justify;\" align=\"justify\"><strong>U ovu akciju uklju\u010dili su se doslovno svi, od onih najmla\u0111ih vrti\u0107araca do najstarijih korisnika Doma za starije i nemo\u0107ne.<\/strong><\/p>\n<p style=\"text-align: justify;\" align=\"justify\"><em><strong>\u201eZaista smo zadovoljni brojem prijavljenih, a njih je bilo preko 20. Naglasila bih kako to ne zna\u010di da se samo 20 ljudi potrudilo ukrasiti svoje prostore za Vinkova\u010dke jeseni. Vjerujem kako je svima to svojevrsna zabava i mogu re\u0107i da su svi u\u017eivali u prisje\u0107anju na neka pro\u0161la vremena\u201d<\/strong><\/em>, rekla je direktorica TZ grada Vinkovaca Martina Matkovi\u0107.<\/p>\n<p style=\"text-align: justify;\" align=\"justify\">Njihovom odlukom u kategoriji ure\u0111enost <strong>stambenih prostora<\/strong> prvo mjesto osvojila je <strong>Sla\u0111ana Markovi\u0107<\/strong>, za ure\u0111enost <strong>izloga<\/strong> to je <strong>Svijet zabave<\/strong>, ure\u0111enost <strong>odgojno-obrazovnih ustanova<\/strong> <strong>Dom za starije i nemo\u0107ne osobe Vinkovci<\/strong>, ure\u0111enost ostalih <strong>poslovnih prostora pravnih i fizi\u010dkih osoba<\/strong> <strong>Echor Group<\/strong>, ure\u0111enost <strong>ugostiteljskih objekata i obiteljskih poljoprivrednih gospodarstava ugostiteljski objekt Garfield<\/strong> i ure\u0111enost <strong>dru\u0161tvenih i kulturnih ustanova Gradska knji\u017enica i \u010ditaonica Vinkovci<\/strong>.<\/p>\n\n\t\t<style type=\"text\/css\">\n\t\t\t#gallery-1 {\n\t\t\t\tmargin: auto;\n\t\t\t}\n\t\t\t#gallery-1 .gallery-item {\n\t\t\t\tfloat: left;\n\t\t\t\tmargin-top: 10px;\n\t\t\t\ttext-align: center;\n\t\t\t\twidth: 33%;\n\t\t\t}\n\t\t\t#gallery-1 img {\n\t\t\t\tborder: 2px solid #cfcfcf;\n\t\t\t}\n\t\t\t#gallery-1 .gallery-caption {\n\t\t\t\tmargin-left: 0;\n\t\t\t}\n\t\t\t\/* see gallery_shortcode() in wp-includes\/media.php *\/\n\t\t<\/style>\n\t\t<div id='gallery-1' class='gallery galleryid-6379 gallery-columns-3 gallery-size-large'><dl class='gallery-item'>\n\t\t\t<dt class='gallery-icon landscape'>\n\t\t\t\t<a href='https:\/\/vinkovackejeseni.hr\/wp-content\/uploads\/2024\/10\/dom-2.png'><img loading=\"lazy\" decoding=\"async\" width=\"652\" height=\"489\" src=\"https:\/\/vinkovackejeseni.hr\/wp-content\/uploads\/2024\/10\/dom-2.png\" class=\"attachment-large size-large\" alt=\"\" \/><\/a>\n\t\t\t<\/dt><\/dl><dl class='gallery-item'>\n\t\t\t<dt class='gallery-icon landscape'>\n\t\t\t\t<a href='https:\/\/vinkovackejeseni.hr\/wp-content\/uploads\/2024\/10\/dom.png'><img loading=\"lazy\" decoding=\"async\" width=\"525\" height=\"404\" src=\"https:\/\/vinkovackejeseni.hr\/wp-content\/uploads\/2024\/10\/dom.png\" class=\"attachment-large size-large\" alt=\"\" \/><\/a>\n\t\t\t<\/dt><\/dl><dl class='gallery-item'>\n\t\t\t<dt class='gallery-icon landscape'>\n\t\t\t\t<a href='https:\/\/vinkovackejeseni.hr\/wp-content\/uploads\/2024\/10\/sladana.png'><img loading=\"lazy\" decoding=\"async\" width=\"924\" height=\"694\" src=\"https:\/\/vinkovackejeseni.hr\/wp-content\/uploads\/2024\/10\/sladana.png\" class=\"attachment-large size-large\" alt=\"\" \/><\/a>\n\t\t\t<\/dt><\/dl><br style=\"clear: both\" \/>\n\t\t<\/div>\n\n<p style=\"text-align: justify;\" align=\"justify\"><em><strong> \u201eVinkova\u010dke jeseni jesu manifestacija za koju se Vinkovci pripremaju tijekom cijele godine i onda nam tu pomognu i na\u0161i sugra\u0111ani, poka\u017eu svu svoju kreativnost i rasko\u0161 i ba\u0161 na zadanu temu urede svoje prostore, oku\u0107nice, balkone i sve to onda ima dodanu vrijednost. Stoga me veseli dana\u0161nja dodjela nagrada, za mene su svi pobjednici i siguran sam kako stru\u010dni \u017eiri nije imao lak zadatak\u201d<\/strong><\/em>, poru\u010dio je zamjenik gradona\u010delnika Josip Romi\u0107 i dodao kako najvi\u0161e u svemu voli uklju\u010denost na\u0161ih najmla\u0111ih jer onda mo\u017eemo biti sigurni kako je na\u0161a kulturna i tradicijska ba\u0161tina u dobrim rukama.<\/p>\n<p style=\"text-align: justify;\" align=\"justify\">U ime svoje supruge Sla\u0111ane koja je zbog bolesti bila sprije\u010dena do\u0107i na dana\u0161nju dodjelu, a dobitnik je nagrade za najbolje ure\u0111eni stambeni prostor, nagradu je preuzeo Josip Markovi\u0107.<em><strong> \u201eSla\u0111ana je upregnula svoje vrijedne ruke. Ona to voli i \u017eivi za to, bavi se time cijeli \u017eivot i u tome u\u017eiva, a tu sam i ja da joj pomognem\u201d<\/strong><\/em>, rekao je Josip.<\/p>\n\n\t\t<style type=\"text\/css\">\n\t\t\t#gallery-2 {\n\t\t\t\tmargin: auto;\n\t\t\t}\n\t\t\t#gallery-2 .gallery-item {\n\t\t\t\tfloat: left;\n\t\t\t\tmargin-top: 10px;\n\t\t\t\ttext-align: center;\n\t\t\t\twidth: 33%;\n\t\t\t}\n\t\t\t#gallery-2 img {\n\t\t\t\tborder: 2px solid #cfcfcf;\n\t\t\t}\n\t\t\t#gallery-2 .gallery-caption {\n\t\t\t\tmargin-left: 0;\n\t\t\t}\n\t\t\t\/* see gallery_shortcode() in wp-includes\/media.php *\/\n\t\t<\/style>\n\t\t<div id='gallery-2' class='gallery galleryid-6379 gallery-columns-3 gallery-size-large'><dl class='gallery-item'>\n\t\t\t<dt class='gallery-icon landscape'>\n\t\t\t\t<a href='https:\/\/vinkovackejeseni.hr\/wp-content\/uploads\/2024\/10\/svijet-zabave.png'><img loading=\"lazy\" decoding=\"async\" width=\"924\" height=\"694\" src=\"https:\/\/vinkovackejeseni.hr\/wp-content\/uploads\/2024\/10\/svijet-zabave.png\" class=\"attachment-large size-large\" alt=\"\" \/><\/a>\n\t\t\t<\/dt><\/dl><dl class='gallery-item'>\n\t\t\t<dt class='gallery-icon landscape'>\n\t\t\t\t<a href='https:\/\/vinkovackejeseni.hr\/wp-content\/uploads\/2024\/10\/garfield-2.png'><img loading=\"lazy\" decoding=\"async\" width=\"559\" height=\"449\" src=\"https:\/\/vinkovackejeseni.hr\/wp-content\/uploads\/2024\/10\/garfield-2.png\" class=\"attachment-large size-large\" alt=\"\" \/><\/a>\n\t\t\t<\/dt><\/dl><dl class='gallery-item'>\n\t\t\t<dt class='gallery-icon landscape'>\n\t\t\t\t<a href='https:\/\/vinkovackejeseni.hr\/wp-content\/uploads\/2024\/10\/echor.png'><img loading=\"lazy\" decoding=\"async\" width=\"695\" height=\"695\" src=\"https:\/\/vinkovackejeseni.hr\/wp-content\/uploads\/2024\/10\/echor.png\" class=\"attachment-large size-large\" alt=\"\" \/><\/a>\n\t\t\t<\/dt><\/dl><br style=\"clear: both\" \/>\n\t\t<\/div>\n\n<p style=\"text-align: justify;\" align=\"justify\">Jedina ustanova koja u svom prostoru ima doslovno <strong>\u201eruke \u0161oka\u010dkih uspomena\u201d<\/strong> je Dom za starije i nemo\u0107ne osobe Vinkovci koji je osvojio nagradu u kategoriji odgojno-obrazovnih institucija, a u \u010dijim prostorima boravi 220 korisnika, dok se, ka\u017ee nam ravnateljica, u ovu <strong>akciju uklju\u010dilo njih 50<\/strong>. <em><strong>\u201eNagrada nam puno zna\u010di, stvarno smo presretni. Bilo je to ure\u0111enje na\u0161eg doma dijelom na\u0161ih djelatnika, a dobrim dijelom i korisnika koji su danima s ljubavlju sudjelovali u ure\u0111enju same ustanove. Da smo napravili dobru stvar, osim ove nagrade, govore i brojne pohvale i pozitivne reakcije\u201d<\/strong><\/em>, poru\u010dila je ravnateljica Gordana Trifunovi\u0107.<\/p>\n<p style=\"text-align: justify;\" align=\"justify\">Pro\u010delnica Upravnog odjela za kulturu i turizam grada Vinkovaca Marija Li\u0161\u010di\u0107 Drmi\u0107 rekla je kako ljudi vole ovu akciju koja je sastavni dio na\u0161e najve\u0107e manifestacije. <em><strong>\u201eSvake godine sve je ve\u0107i broj onih koji se javljaju na samu akciju i na\u0161a komisija imala je te\u017eak zadatak. Svi volimo Vinkova\u010dke jeseni i svatko iz godine u godinu da odre\u0111eni doprinos na \u010demu im zahvaljujem\u201d<\/strong><\/em>, ka\u017ee Li\u0161\u010di\u0107 Drmi\u0107.<\/p>\n\n\t\t<style type=\"text\/css\">\n\t\t\t#gallery-3 {\n\t\t\t\tmargin: auto;\n\t\t\t}\n\t\t\t#gallery-3 .gallery-item {\n\t\t\t\tfloat: left;\n\t\t\t\tmargin-top: 10px;\n\t\t\t\ttext-align: center;\n\t\t\t\twidth: 50%;\n\t\t\t}\n\t\t\t#gallery-3 img {\n\t\t\t\tborder: 2px solid #cfcfcf;\n\t\t\t}\n\t\t\t#gallery-3 .gallery-caption {\n\t\t\t\tmargin-left: 0;\n\t\t\t}\n\t\t\t\/* see gallery_shortcode() in wp-includes\/media.php *\/\n\t\t<\/style>\n\t\t<div id='gallery-3' class='gallery galleryid-6379 gallery-columns-2 gallery-size-full'><dl class='gallery-item'>\n\t\t\t<dt class='gallery-icon landscape'>\n\t\t\t\t<a href='https:\/\/vinkovackejeseni.hr\/wp-content\/uploads\/2024\/10\/knjiznica-2.png'><img loading=\"lazy\" decoding=\"async\" width=\"924\" height=\"694\" src=\"https:\/\/vinkovackejeseni.hr\/wp-content\/uploads\/2024\/10\/knjiznica-2.png\" class=\"attachment-full size-full\" alt=\"\" \/><\/a>\n\t\t\t<\/dt><\/dl><dl class='gallery-item'>\n\t\t\t<dt class='gallery-icon landscape'>\n\t\t\t\t<a href='https:\/\/vinkovackejeseni.hr\/wp-content\/uploads\/2024\/10\/knjiznica.png'><img loading=\"lazy\" decoding=\"async\" width=\"868\" height=\"868\" src=\"https:\/\/vinkovackejeseni.hr\/wp-content\/uploads\/2024\/10\/knjiznica.png\" class=\"attachment-full size-full\" alt=\"\" \/><\/a>\n\t\t\t<\/dt><\/dl><br style=\"clear: both\" \/>\n\t\t<\/div>","protected":false},"excerpt":{"rendered":"<p>U Poduzetni\u010dkom inkubatoru uprili\u010dena je sve\u010dana dodjela nagrada i priznanja u sklopu akcije Turisti\u010dke zajednice grada Vinkovaca \u201eVolim Vinkovce\u201d. Ovu akciju Turisti\u010dka zajednica, pod razli\u010ditim imenima, provodi ve\u0107 pedesetak godina, a njome se \u017eeljelo potaknuti stanovnike da na\u0161 grad urede \u0161to ljep\u0161e povodom Vinkova\u010dkih jeseni. Da su to u\u010dinili dokazuju nam svakih, pa tako i [&hellip;]<\/p>","protected":false},"author":1,"featured_media":6380,"comment_status":"closed","ping_status":"closed","sticky":false,"template":"","format":"standard","meta":{"_et_pb_use_builder":"","_et_pb_old_content":"","_et_gb_content_width":"","footnotes":""},"categories":[31,30,6],"tags":[234,100],"class_list":["post-6379","post","type-post","status-publish","format-standard","has-post-thumbnail","hentry","category-novosti","category-naslovna","category-vijesti","tag-tz-grada-vinkovaca","tag-volim-vinkovce"],"_links":{"self":[{"href":"https:\/\/vinkovackejeseni.hr\/en\/wp-json\/wp\/v2\/posts\/6379","targetHints":{"allow":["GET"]}}],"collection":[{"href":"https:\/\/vinkovackejeseni.hr\/en\/wp-json\/wp\/v2\/posts"}],"about":[{"href":"https:\/\/vinkovackejeseni.hr\/en\/wp-json\/wp\/v2\/types\/post"}],"author":[{"embeddable":true,"href":"https:\/\/vinkovackejeseni.hr\/en\/wp-json\/wp\/v2\/users\/1"}],"replies":[{"embeddable":true,"href":"https:\/\/vinkovackejeseni.hr\/en\/wp-json\/wp\/v2\/comments?post=6379"}],"version-history":[{"count":2,"href":"https:\/\/vinkovackejeseni.hr\/en\/wp-json\/wp\/v2\/posts\/6379\/revisions"}],"predecessor-version":[{"id":6390,"href":"https:\/\/vinkovackejeseni.hr\/en\/wp-json\/wp\/v2\/posts\/6379\/revisions\/6390"}],"wp:featuredmedia":[{"embeddable":true,"href":"https:\/\/vinkovackejeseni.hr\/en\/wp-json\/wp\/v2\/media\/6380"}],"wp:attachment":[{"href":"https:\/\/vinkovackejeseni.hr\/en\/wp-json\/wp\/v2\/media?parent=6379"}],"wp:term":[{"taxonomy":"category","embeddable":true,"href":"https:\/\/vinkovackejeseni.hr\/en\/wp-json\/wp\/v2\/categories?post=6379"},{"taxonomy":"post_tag","embeddable":true,"href":"https:\/\/vinkovackejeseni.hr\/en\/wp-json\/wp\/v2\/tags?post=6379"}],"curies":[{"name":"wp","href":"https:\/\/api.w.org\/{rel}","templated":true}]}}