{"id":6365,"date":"2024-10-02T17:03:44","date_gmt":"2024-10-02T15:03:44","guid":{"rendered":"https:\/\/vinkovackejeseni.hr\/?p=6365"},"modified":"2024-10-02T17:47:06","modified_gmt":"2024-10-02T15:47:06","slug":"posjetitelji-odlucili-mimohod-je-najbolji-dio-vinkovackih-jeseni","status":"publish","type":"post","link":"https:\/\/vinkovackejeseni.hr\/en\/posjetitelji-odlucili-mimohod-je-najbolji-dio-vinkovackih-jeseni\/","title":{"rendered":"Posjetitelji odlu\u010dili: Mimohod je najbolji dio Vinkova\u010dkih jeseni!"},"content":{"rendered":"<p style=\"text-align: justify;\" align=\"justify\"><span style=\"color: #000000;\"><strong>Jo\u0161 se sla\u017eu i slije\u017eu dojmovi sjajnih 59. Vinkova\u010dkih jeseni. Ljestvica je podignuta visoko, vi\u0161e od 100 tisu\u0107a posjetitelja svjedo\u010dilo je na\u0161em ponosu na ba\u0161tinu i bogatstvo koje \u010duvamo, pri\u010dat \u0107e se jo\u0161 dugo o <em>Rukama \u0161oka\u010dkih uspomena&#8230;<\/em><\/strong><\/span><\/p>\n<p style=\"text-align: justify;\" align=\"justify\"><span style=\"color: #000000;\">Raste iz godine u godinu najve\u0107a tradicijska manifestacija, a osim ponosnih \u010duvara tradicije, za to su zaslu\u017eni i upravo oni koji joj svake jeseni budu dragi gosti. Njihovo mi\u0161ljenje izuzetno je va\u017eno organizatorima pa su u anketi objavljenoj netom nakon zavr\u0161etka ovogodi\u0161njeg izdanja pokazali jesu li i koliko zadovoljni svime \u0161to se doga\u0111a tih deset dana u najstarijem gradu u Europi.<\/span><\/p>\n<p align=\"justify\"><a href=\"https:\/\/vinkovackejeseni.hr\/wp-content\/uploads\/2024\/10\/459750530_921214473377533_481108185935108737_n.jpg\"><img loading=\"lazy\" decoding=\"async\" class=\"aligncenter wp-image-6370 size-large\" src=\"https:\/\/vinkovackejeseni.hr\/wp-content\/uploads\/2024\/10\/459750530_921214473377533_481108185935108737_n-1024x683.jpg\" alt=\"\" width=\"1024\" height=\"683\" \/><\/a><\/p>\n<p style=\"text-align: justify;\" align=\"justify\"><span style=\"color: #000000;\">Svoje dojmove podijelila su 462 ispitanika, od kojih je 94,1 posto sudjelovalo na Vinkova\u010dkim jesenima prija\u0161njih godina i itekako je kompetentno dati svoj sud.<\/span><\/p>\n<p style=\"text-align: justify;\" align=\"justify\"><span style=\"color: #000000;\"><strong>Sve\u010dani mimohod<\/strong> sudionika Vinkova\u010dkih jeseni i Revija konjskih zaprega dio je programa koji se svidio najve\u0107em dijelu ispitanika,<strong> njih \u010dak 314 \u0161to je 70,4 posto<\/strong> ukupnog broja odgovora. Slijede ga <strong>Sve\u010danost otvorenja<\/strong> kojemu je glas dalo <strong>258 ljudi odnosno 57,8 posto<\/strong> te <strong>Slavonski sokak s 241 glasom iliti 54 posto<\/strong>. Za najdra\u017ei dio programa ispitanici su se potom odlu\u010divali za Folklorne ve\u010deri (43,9%), koncerte (39,5%), Vinski \u0161or (35,7%), \u0161oka\u010dku kuhinju s lovcima i ribolovcima (29,8%), Bircuz (28,7%), Dvori\u0161te ideja (24,9%), ugostitelje (15,7%) te Turisti\u010dki vlaki\u0107 (14,8%).<\/span><\/p>\n<p align=\"justify\"><a href=\"https:\/\/vinkovackejeseni.hr\/wp-content\/uploads\/2024\/10\/461101012_925980622900918_343442373120858967_n.jpg\"><img loading=\"lazy\" decoding=\"async\" class=\"aligncenter wp-image-6369 size-large\" src=\"https:\/\/vinkovackejeseni.hr\/wp-content\/uploads\/2024\/10\/461101012_925980622900918_343442373120858967_n-1024x683.jpg\" alt=\"\" width=\"1024\" height=\"683\" \/><\/a><\/p>\n<p align=\"justify\"><a href=\"https:\/\/vinkovackejeseni.hr\/wp-content\/uploads\/2024\/10\/460734191_924283969737250_6021834373990205632_n.jpg\"><img loading=\"lazy\" decoding=\"async\" class=\"aligncenter wp-image-6368 size-large\" src=\"https:\/\/vinkovackejeseni.hr\/wp-content\/uploads\/2024\/10\/460734191_924283969737250_6021834373990205632_n-1024x683.jpg\" alt=\"\" width=\"1024\" height=\"683\" \/><\/a><\/p>\n<p style=\"text-align: justify;\" align=\"justify\"><span style=\"color: #000000;\">Gotovo svi su dali odgovor na pitanje Kako ste zadovoljni organizacijom Vinkova\u010dkih jeseni? \u010cistu peticu organizatorima je dalo 190 ispitanika odnosno njih 41,2%. Za ocjenu ni\u017ee odlu\u010dilo se 165 ispitanika (35,8%), trojku je dalo 86 ljudi (18,7%), ocjenu dva (3,5%), a jedinicu njih \u010detvero (0,9%).<\/span><\/p>\n<p align=\"justify\"><span style=\"color: #000000;\">Hvala svima koji su podjelom svojih razmi\u0161ljanja organizatorima pomogli da budu jo\u0161 bolji u stvaranju tradicionalne jesenske \u010darolije. Vo\u0111eni \u017eeljama svojih posjetitelja, pripreme za jubilarne 60. Vinkova\u010dke jeseni ve\u0107 su krenule!\u00a0<\/span><\/p>\n<p align=\"justify\"><a href=\"https:\/\/vinkovackejeseni.hr\/wp-content\/uploads\/2024\/10\/Vinkovacke-jeseni-Anketa-Google-obrasci_page-0001.jpg\"><img loading=\"lazy\" decoding=\"async\" class=\"wp-image-6366 size-large aligncenter\" src=\"https:\/\/vinkovackejeseni.hr\/wp-content\/uploads\/2024\/10\/Vinkovacke-jeseni-Anketa-Google-obrasci_page-0001-724x1024.jpg\" alt=\"\" width=\"724\" height=\"1024\" \/><\/a><\/p>","protected":false},"excerpt":{"rendered":"<p>Jo\u0161 se sla\u017eu i slije\u017eu dojmovi sjajnih 59. Vinkova\u010dkih jeseni. Ljestvica je podignuta visoko, vi\u0161e od 100 tisu\u0107a posjetitelja svjedo\u010dilo je na\u0161em ponosu na ba\u0161tinu i bogatstvo koje \u010duvamo, pri\u010dat \u0107e se jo\u0161 dugo o Rukama \u0161oka\u010dkih uspomena&#8230; Raste iz godine u godinu najve\u0107a tradicijska manifestacija, a osim ponosnih \u010duvara tradicije, za to su zaslu\u017eni [&hellip;]<\/p>","protected":false},"author":1,"featured_media":6367,"comment_status":"closed","ping_status":"closed","sticky":false,"template":"","format":"standard","meta":{"_et_pb_use_builder":"","_et_pb_old_content":"","_et_gb_content_width":"","footnotes":""},"categories":[6,30,31],"tags":[],"class_list":["post-6365","post","type-post","status-publish","format-standard","has-post-thumbnail","hentry","category-vijesti","category-naslovna","category-novosti"],"_links":{"self":[{"href":"https:\/\/vinkovackejeseni.hr\/en\/wp-json\/wp\/v2\/posts\/6365","targetHints":{"allow":["GET"]}}],"collection":[{"href":"https:\/\/vinkovackejeseni.hr\/en\/wp-json\/wp\/v2\/posts"}],"about":[{"href":"https:\/\/vinkovackejeseni.hr\/en\/wp-json\/wp\/v2\/types\/post"}],"author":[{"embeddable":true,"href":"https:\/\/vinkovackejeseni.hr\/en\/wp-json\/wp\/v2\/users\/1"}],"replies":[{"embeddable":true,"href":"https:\/\/vinkovackejeseni.hr\/en\/wp-json\/wp\/v2\/comments?post=6365"}],"version-history":[{"count":7,"href":"https:\/\/vinkovackejeseni.hr\/en\/wp-json\/wp\/v2\/posts\/6365\/revisions"}],"predecessor-version":[{"id":6378,"href":"https:\/\/vinkovackejeseni.hr\/en\/wp-json\/wp\/v2\/posts\/6365\/revisions\/6378"}],"wp:featuredmedia":[{"embeddable":true,"href":"https:\/\/vinkovackejeseni.hr\/en\/wp-json\/wp\/v2\/media\/6367"}],"wp:attachment":[{"href":"https:\/\/vinkovackejeseni.hr\/en\/wp-json\/wp\/v2\/media?parent=6365"}],"wp:term":[{"taxonomy":"category","embeddable":true,"href":"https:\/\/vinkovackejeseni.hr\/en\/wp-json\/wp\/v2\/categories?post=6365"},{"taxonomy":"post_tag","embeddable":true,"href":"https:\/\/vinkovackejeseni.hr\/en\/wp-json\/wp\/v2\/tags?post=6365"}],"curies":[{"name":"wp","href":"https:\/\/api.w.org\/{rel}","templated":true}]}}