{"id":6337,"date":"2024-09-22T21:56:55","date_gmt":"2024-09-22T19:56:55","guid":{"rendered":"https:\/\/vinkovackejeseni.hr\/?p=6337"},"modified":"2024-09-22T22:11:45","modified_gmt":"2024-09-22T20:11:45","slug":"drzavnom-smotrom-zatvorene-59-vinkovacke-jeseni","status":"publish","type":"post","link":"https:\/\/vinkovackejeseni.hr\/en\/drzavnom-smotrom-zatvorene-59-vinkovacke-jeseni\/","title":{"rendered":"Dr\u017eavnom smotrom zatvorene 59. Vinkova\u010dke jeseni"},"content":{"rendered":"<p class=\"western\" align=\"justify\">Tre\u0107im dijelom Dr\u017eavne smotre izvornog hrvatskog folklora spu\u0161ten je zastor na 59. Vinkova\u010dke jeseni.<\/p>\n<p class=\"western\" align=\"justify\">Ove je godine u Vinkovcima na Smotri nastupilo <strong>39 kulturno umjetni\u010dkih dru\u0161tava<\/strong> odabranih na \u017eupanijskim smotrama ili na ve\u0107im smotrama u Hrvatskoj. Uz njih nastupilo je i <strong>8 dru\u0161tava<\/strong> iz dijaspore i to iz Njema\u010dke, Austrije, Republike Srbije i BiH. <em><strong>\u201eMogu slobodno re\u0107i kako je ovo najkvalitetnije \u0161to postoji u Hrvatskoj kad je u pitanju folklor. Ako iz svih \u017eupanija dolazi najbolja izvorna folklorna skupina, to onda i jesu zaista najbolji KUD-ovi koji djeluju i njeguju hrvatsku tradicijsku ba\u0161tinu\u201d<\/strong><\/em>, rekao je na zavr\u0161noj ve\u010deri stru\u010dni suradnik ZAKUD-a i voditelj organizacije Dr\u017eavne smotre Dario Gr\u010di\u0107.<\/p>\n\n\t\t<style type=\"text\/css\">\n\t\t\t#gallery-1 {\n\t\t\t\tmargin: auto;\n\t\t\t}\n\t\t\t#gallery-1 .gallery-item {\n\t\t\t\tfloat: left;\n\t\t\t\tmargin-top: 10px;\n\t\t\t\ttext-align: center;\n\t\t\t\twidth: 50%;\n\t\t\t}\n\t\t\t#gallery-1 img {\n\t\t\t\tborder: 2px solid #cfcfcf;\n\t\t\t}\n\t\t\t#gallery-1 .gallery-caption {\n\t\t\t\tmargin-left: 0;\n\t\t\t}\n\t\t\t\/* see gallery_shortcode() in wp-includes\/media.php *\/\n\t\t<\/style>\n\t\t<div id='gallery-1' class='gallery galleryid-6337 gallery-columns-2 gallery-size-full'><dl class='gallery-item'>\n\t\t\t<dt class='gallery-icon landscape'>\n\t\t\t\t<a href='https:\/\/vinkovackejeseni.hr\/wp-content\/uploads\/2024\/09\/IMG-20240922-WA0125-scaled.jpg'><img loading=\"lazy\" decoding=\"async\" width=\"2560\" height=\"1707\" src=\"https:\/\/vinkovackejeseni.hr\/wp-content\/uploads\/2024\/09\/IMG-20240922-WA0125-scaled.jpg\" class=\"attachment-full size-full\" alt=\"\" \/><\/a>\n\t\t\t<\/dt><\/dl><dl class='gallery-item'>\n\t\t\t<dt class='gallery-icon landscape'>\n\t\t\t\t<a href='https:\/\/vinkovackejeseni.hr\/wp-content\/uploads\/2024\/09\/IMG-20240922-WA0095-scaled.jpg'><img loading=\"lazy\" decoding=\"async\" width=\"2560\" height=\"1707\" src=\"https:\/\/vinkovackejeseni.hr\/wp-content\/uploads\/2024\/09\/IMG-20240922-WA0095-scaled.jpg\" class=\"attachment-full size-full\" alt=\"\" \/><\/a>\n\t\t\t<\/dt><\/dl><br style=\"clear: both\" \/>\n\t\t<\/div>\n\n<p class=\"western\" align=\"justify\">Na ovogodi\u0161njoj smotri vidjeli smo veliku razli\u010ditost i pokrivenost svih plesnih zona od panonske, alpske, dinarske i jadranske plesne zone kao i onih iz dijaspore.<\/p>\n<p class=\"western\" align=\"justify\">Kulturno umjetni\u010dko dru\u0161tvo \u201eVesela \u0160okadija\u201d svake tre\u0107e godine dolazi na Vinkova\u010dke jeseni, a ove godine sudjeluju kao predstavnik Sabora kulture. <em><strong>\u201eMogu vam re\u0107i da su nam Jeseni jedna od najdra\u017eih smotri. Prava nam je u\u017eivancija do\u0107i u Vinkovce, svim \u010dlanovima na\u0161eg KUD-a dolazak u Vinkovce puno zna\u010di\u201d<\/strong><\/em>, rekla je predsjednica KUD-a \u201eVesela \u0160okadija\u201d Gordana Doko. Dodajmo jo\u0161 kako je svatovska zaprega Danka Drobnjaka progla\u0161ena najljep\u0161om me\u0111u 30 zaprega na Sve\u010danom mimohodu 59. Vinkova\u010dkih jeseni.<\/p>\n<p align=\"justify\"><img loading=\"lazy\" decoding=\"async\" class=\"alignnone size-full wp-image-6345\" src=\"https:\/\/vinkovackejeseni.hr\/wp-content\/uploads\/2024\/09\/IMG-20240922-WA0141-scaled.jpg\" alt=\"\" width=\"2560\" height=\"1707\" \/><\/p>\n<p class=\"western\" align=\"justify\">Procjenjuje se kako je Vinkovce u posljednjih deset dana posjetilo preko <strong>100 tisu\u0107a gostiju i posjetitelja<\/strong> na\u0161e najve\u0107e manifestacije. Ogromno je srce svih Vinkov\u010dana i doma\u0107ina Vinkova\u010dkih jeseni, a pogotovo gradona\u010delnika <strong>Ivana Bosan\u010di\u0107a<\/strong> koji je prigodnim rije\u010dima zatvorio ovogodi\u0161nje Jeseni. Rekao je kako mu je srce toliko veliko te da se njega pita ne bi zatvorio Vinkova\u010dke jeseni barem jo\u0161 tjedan dana.<\/p>\n<p class=\"western\" align=\"justify\"><em><strong>\u201eHvala svima \u0161to ste bili dio najponosnije, najljep\u0161e i najve\u0107e manifestacije u Hrvatskoj. Vidimo se dogodine na jubilarnim 60. Vinkova\u010dkim jesenima koje \u0107e biti jo\u0161 ljep\u0161e, rasko\u0161nije i bolje, a ve\u010deras se opustimo jer zavr\u0161ila je najljep\u0161a manifestacija u Hrvatskoj. U\u017eivajte!\u201d<\/strong><\/em>, poru\u010dio je gradona\u010delnik Ivan Bosan\u010di\u0107 prilikom zatvaranja 59. Vinkova\u010dkih jeseni.<\/p>\n<p align=\"justify\"><img loading=\"lazy\" decoding=\"async\" class=\"alignnone size-full wp-image-6341\" src=\"https:\/\/vinkovackejeseni.hr\/wp-content\/uploads\/2024\/09\/IMG-20240922-WA0105-scaled.jpg\" alt=\"\" width=\"2560\" height=\"1707\" \/><\/p>\n<p class=\"western\" align=\"justify\">Za kraj mo\u017eemo re\u0107i kako se ljepota i razli\u010ditost hrvatskog folklora ove godine mogla vidjeti u punom svjetlu. Kao \u0161e\u0107er na kraju ostaje nam koncert<strong> Dalmatina<\/strong> koji \u0107e nas zabavljati na glavnoj pozornici u sredi\u0161tu grada.<\/p>\n<p align=\"justify\"><img loading=\"lazy\" decoding=\"async\" class=\"alignnone size-full wp-image-6342\" src=\"https:\/\/vinkovackejeseni.hr\/wp-content\/uploads\/2024\/09\/IMG-20240922-WA0117-scaled.jpg\" alt=\"\" width=\"2560\" height=\"1707\" \/><\/p>","protected":false},"excerpt":{"rendered":"<p>Tre\u0107im dijelom Dr\u017eavne smotre izvornog hrvatskog folklora spu\u0161ten je zastor na 59. Vinkova\u010dke jeseni. Ove je godine u Vinkovcima na Smotri nastupilo 39 kulturno umjetni\u010dkih dru\u0161tava odabranih na \u017eupanijskim smotrama ili na ve\u0107im smotrama u Hrvatskoj. Uz njih nastupilo je i 8 dru\u0161tava iz dijaspore i to iz Njema\u010dke, Austrije, Republike Srbije i BiH. \u201eMogu [&hellip;]<\/p>","protected":false},"author":1,"featured_media":6340,"comment_status":"closed","ping_status":"closed","sticky":false,"template":"","format":"standard","meta":{"_et_pb_use_builder":"","_et_pb_old_content":"","_et_gb_content_width":"","footnotes":""},"categories":[31,30,6],"tags":[],"class_list":["post-6337","post","type-post","status-publish","format-standard","has-post-thumbnail","hentry","category-novosti","category-naslovna","category-vijesti"],"_links":{"self":[{"href":"https:\/\/vinkovackejeseni.hr\/en\/wp-json\/wp\/v2\/posts\/6337","targetHints":{"allow":["GET"]}}],"collection":[{"href":"https:\/\/vinkovackejeseni.hr\/en\/wp-json\/wp\/v2\/posts"}],"about":[{"href":"https:\/\/vinkovackejeseni.hr\/en\/wp-json\/wp\/v2\/types\/post"}],"author":[{"embeddable":true,"href":"https:\/\/vinkovackejeseni.hr\/en\/wp-json\/wp\/v2\/users\/1"}],"replies":[{"embeddable":true,"href":"https:\/\/vinkovackejeseni.hr\/en\/wp-json\/wp\/v2\/comments?post=6337"}],"version-history":[{"count":5,"href":"https:\/\/vinkovackejeseni.hr\/en\/wp-json\/wp\/v2\/posts\/6337\/revisions"}],"predecessor-version":[{"id":6348,"href":"https:\/\/vinkovackejeseni.hr\/en\/wp-json\/wp\/v2\/posts\/6337\/revisions\/6348"}],"wp:featuredmedia":[{"embeddable":true,"href":"https:\/\/vinkovackejeseni.hr\/en\/wp-json\/wp\/v2\/media\/6340"}],"wp:attachment":[{"href":"https:\/\/vinkovackejeseni.hr\/en\/wp-json\/wp\/v2\/media?parent=6337"}],"wp:term":[{"taxonomy":"category","embeddable":true,"href":"https:\/\/vinkovackejeseni.hr\/en\/wp-json\/wp\/v2\/categories?post=6337"},{"taxonomy":"post_tag","embeddable":true,"href":"https:\/\/vinkovackejeseni.hr\/en\/wp-json\/wp\/v2\/tags?post=6337"}],"curies":[{"name":"wp","href":"https:\/\/api.w.org\/{rel}","templated":true}]}}