{"id":6324,"date":"2024-09-22T12:01:20","date_gmt":"2024-09-22T10:01:20","guid":{"rendered":"https:\/\/vinkovackejeseni.hr\/?p=6324"},"modified":"2024-09-22T12:01:20","modified_gmt":"2024-09-22T10:01:20","slug":"tromjesecna-tonka-cerancevic-najmladi-sudionik-svecanog-mimohoda-59-vinkovackih-jeseni","status":"publish","type":"post","link":"https:\/\/vinkovackejeseni.hr\/en\/tromjesecna-tonka-cerancevic-najmladi-sudionik-svecanog-mimohoda-59-vinkovackih-jeseni\/","title":{"rendered":"Tromjese\u010dna Tonka Ceran\u010devi\u0107 najmla\u0111i sudionik Sve\u010danog mimohoda 59. Vinkova\u010dkih jeseni"},"content":{"rendered":"<p align=\"justify\">I ove godine po 59. put bogatstvo hrvatske tradicijske kulture za\u017eivjelo je na vinkova\u010dkim ulicama. Najve\u0107a hrvatska, ali i europska manifestacija tradicijske kulture okupila je <strong>62 folklorne skupine i gotovo 3000 sudionika<\/strong>. Prethodno je ulicama Vinkovaca pro\u0161lo 9 grupa <strong>(kubura\u0161i, zvon\u010dari, kand\u017eija\u0161i, Vinkova\u010dki \u0161oka\u010dki rodovi, \u010daje i ostali<\/strong>), a Sve\u010dani mimohod otvorio je gradona\u010delnik grada Vinkovaca Ivan Bosan\u010di\u0107 sljede\u0107im rije\u010dima: <em><strong>\u201eDanas kuca hrvatsko srce gdje \u0107e biti prikazano ono najljep\u0161e \u0161to hrvatski narod mo\u017ee pokazati, a to je pjesma, prekrasne no\u0161nje, ali i zajedni\u0161tvo koje \u0107e sigurno obilje\u017eiti 59. Vinkova\u010dke jeseni. Nadam se da \u0107ete u\u017eivati i zabaviti se te zapjevati, pa kroz pjesmu \u017eelim re\u0107i da mimohod 59. Vinkova\u010dkih jeseni krene.\u201d<\/strong><\/em><\/p>\n<p align=\"justify\"><img loading=\"lazy\" decoding=\"async\" class=\"alignnone size-full wp-image-6329\" src=\"https:\/\/vinkovackejeseni.hr\/wp-content\/uploads\/2024\/09\/AK8A2320-scaled.jpg\" alt=\"\" width=\"2560\" height=\"1707\" \/><\/p>\n<p align=\"justify\">Orila se pjesma sredi\u0161njim gradskim ulicama, plesali su i pjevali i mladi i stari. Najmla\u0111i sudionik, odnosno sudionica, ovogodi\u0161njeg Mimohoda je tromjese\u010dna <strong>Tonka Ceran\u010devi\u0107 iz Ivankova<\/strong> koja je u naru\u010dju svoje majke u\u017eivala u preno\u0161enju tradicije. \u201e<em><strong>Cijela je obitelj, od mame, tate, bra\u0107e i sestara, od malih nogu u folkloru pa mi je \u010dast \u0161to i mi na\u0161u djecu mo\u017eemo u\u010diti o tradiciji i obi\u010dajima\u201d<\/strong><\/em>, rekla nam je Tonkina mama.<\/p>\n<p align=\"justify\">Nakon godinu dana na velika vrata vratile su nam se <strong>zaprege<\/strong> i <strong>konjanici<\/strong> koji su prikazali snagu i eleganciju najplemenitije \u017eivotinje kao i ljepotu zaprega i dali zavr\u0161nu notu ovogodi\u0161njeg mimohoda.<\/p>\n\n\t\t<style type=\"text\/css\">\n\t\t\t#gallery-1 {\n\t\t\t\tmargin: auto;\n\t\t\t}\n\t\t\t#gallery-1 .gallery-item {\n\t\t\t\tfloat: left;\n\t\t\t\tmargin-top: 10px;\n\t\t\t\ttext-align: center;\n\t\t\t\twidth: 50%;\n\t\t\t}\n\t\t\t#gallery-1 img {\n\t\t\t\tborder: 2px solid #cfcfcf;\n\t\t\t}\n\t\t\t#gallery-1 .gallery-caption {\n\t\t\t\tmargin-left: 0;\n\t\t\t}\n\t\t\t\/* see gallery_shortcode() in wp-includes\/media.php *\/\n\t\t<\/style>\n\t\t<div id='gallery-1' class='gallery galleryid-6324 gallery-columns-2 gallery-size-large'><dl class='gallery-item'>\n\t\t\t<dt class='gallery-icon landscape'>\n\t\t\t\t<a href='https:\/\/vinkovackejeseni.hr\/wp-content\/uploads\/2024\/09\/AK8A2269-scaled.jpg'><img loading=\"lazy\" decoding=\"async\" width=\"1024\" height=\"683\" src=\"https:\/\/vinkovackejeseni.hr\/wp-content\/uploads\/2024\/09\/AK8A2269-1024x683.jpg\" class=\"attachment-large size-large\" alt=\"\" \/><\/a>\n\t\t\t<\/dt><\/dl><dl class='gallery-item'>\n\t\t\t<dt class='gallery-icon landscape'>\n\t\t\t\t<a href='https:\/\/vinkovackejeseni.hr\/wp-content\/uploads\/2024\/09\/AK8A2345-scaled.jpg'><img loading=\"lazy\" decoding=\"async\" width=\"1024\" height=\"683\" src=\"https:\/\/vinkovackejeseni.hr\/wp-content\/uploads\/2024\/09\/AK8A2345-1024x683.jpg\" class=\"attachment-large size-large\" alt=\"\" \/><\/a>\n\t\t\t<\/dt><\/dl><br style=\"clear: both\" \/><dl class='gallery-item'>\n\t\t\t<dt class='gallery-icon landscape'>\n\t\t\t\t<a href='https:\/\/vinkovackejeseni.hr\/wp-content\/uploads\/2024\/09\/AK8A2397-scaled.jpg'><img loading=\"lazy\" decoding=\"async\" width=\"1024\" height=\"683\" src=\"https:\/\/vinkovackejeseni.hr\/wp-content\/uploads\/2024\/09\/AK8A2397-1024x683.jpg\" class=\"attachment-large size-large\" alt=\"\" \/><\/a>\n\t\t\t<\/dt><\/dl><dl class='gallery-item'>\n\t\t\t<dt class='gallery-icon landscape'>\n\t\t\t\t<a href='https:\/\/vinkovackejeseni.hr\/wp-content\/uploads\/2024\/09\/AK8A2548-scaled.jpg'><img loading=\"lazy\" decoding=\"async\" width=\"1024\" height=\"683\" src=\"https:\/\/vinkovackejeseni.hr\/wp-content\/uploads\/2024\/09\/AK8A2548-1024x683.jpg\" class=\"attachment-large size-large\" alt=\"\" \/><\/a>\n\t\t\t<\/dt><\/dl><br style=\"clear: both\" \/>\n\t\t<\/div>\n\n<p align=\"justify\"><em><strong>\u201eMimohod i op\u0107enito Vinkova\u010dke jeseni od velike su va\u017enosti za hrvatski narod kako bi \u010duvali bogatstvo koje imamo. Prije sam bila aktivni sudionik i \u010dlan KUD-a, a sada u Vinkova\u010dkim jesenima u\u017eivam kao posjetitelj i promatra\u010d\u201d<\/strong><\/em>, kazala nam je Jasminka iz Berka.<\/p>\n<p align=\"justify\"><strong> Svi folklora\u0161i jo\u0161 jednom isti\u010du kako se rado odazivaju i dolaze u Vinkovce na Jeseni, a nadamo se kako \u0107e tako biti i u budu\u0107nosti. Vinkova\u010dke jeseni jo\u0161 jednom su pokazale kako su pravi stru\u010dnjaci u \u010duvanju svoje tradicije, u \u010duvanju onoga \u0161to volimo i od \u010dega \u017eivimo.<\/strong><\/p>\n<p align=\"justify\"><img loading=\"lazy\" decoding=\"async\" class=\"alignnone size-full wp-image-6327\" src=\"https:\/\/vinkovackejeseni.hr\/wp-content\/uploads\/2024\/09\/IMG-20240922-WA0018-scaled.jpg\" alt=\"\" width=\"2560\" height=\"1707\" \/> <img loading=\"lazy\" decoding=\"async\" class=\"alignnone size-full wp-image-6334\" src=\"https:\/\/vinkovackejeseni.hr\/wp-content\/uploads\/2024\/09\/IMG-20240922-WA0029.jpg\" alt=\"\" width=\"1600\" height=\"900\" \/><img loading=\"lazy\" decoding=\"async\" class=\"alignnone size-full wp-image-6328\" src=\"https:\/\/vinkovackejeseni.hr\/wp-content\/uploads\/2024\/09\/IMG-20240922-WA0020-scaled.jpg\" alt=\"\" width=\"2560\" height=\"1707\" \/><\/p>","protected":false},"excerpt":{"rendered":"<p>I ove godine po 59. put bogatstvo hrvatske tradicijske kulture za\u017eivjelo je na vinkova\u010dkim ulicama. Najve\u0107a hrvatska, ali i europska manifestacija tradicijske kulture okupila je 62 folklorne skupine i gotovo 3000 sudionika. Prethodno je ulicama Vinkovaca pro\u0161lo 9 grupa (kubura\u0161i, zvon\u010dari, kand\u017eija\u0161i, Vinkova\u010dki \u0161oka\u010dki rodovi, \u010daje i ostali), a Sve\u010dani mimohod otvorio je gradona\u010delnik grada [&hellip;]<\/p>","protected":false},"author":1,"featured_media":6326,"comment_status":"closed","ping_status":"closed","sticky":false,"template":"","format":"standard","meta":{"_et_pb_use_builder":"","_et_pb_old_content":"","_et_gb_content_width":"","footnotes":""},"categories":[6,30,31],"tags":[],"class_list":["post-6324","post","type-post","status-publish","format-standard","has-post-thumbnail","hentry","category-vijesti","category-naslovna","category-novosti"],"_links":{"self":[{"href":"https:\/\/vinkovackejeseni.hr\/en\/wp-json\/wp\/v2\/posts\/6324","targetHints":{"allow":["GET"]}}],"collection":[{"href":"https:\/\/vinkovackejeseni.hr\/en\/wp-json\/wp\/v2\/posts"}],"about":[{"href":"https:\/\/vinkovackejeseni.hr\/en\/wp-json\/wp\/v2\/types\/post"}],"author":[{"embeddable":true,"href":"https:\/\/vinkovackejeseni.hr\/en\/wp-json\/wp\/v2\/users\/1"}],"replies":[{"embeddable":true,"href":"https:\/\/vinkovackejeseni.hr\/en\/wp-json\/wp\/v2\/comments?post=6324"}],"version-history":[{"count":2,"href":"https:\/\/vinkovackejeseni.hr\/en\/wp-json\/wp\/v2\/posts\/6324\/revisions"}],"predecessor-version":[{"id":6336,"href":"https:\/\/vinkovackejeseni.hr\/en\/wp-json\/wp\/v2\/posts\/6324\/revisions\/6336"}],"wp:featuredmedia":[{"embeddable":true,"href":"https:\/\/vinkovackejeseni.hr\/en\/wp-json\/wp\/v2\/media\/6326"}],"wp:attachment":[{"href":"https:\/\/vinkovackejeseni.hr\/en\/wp-json\/wp\/v2\/media?parent=6324"}],"wp:term":[{"taxonomy":"category","embeddable":true,"href":"https:\/\/vinkovackejeseni.hr\/en\/wp-json\/wp\/v2\/categories?post=6324"},{"taxonomy":"post_tag","embeddable":true,"href":"https:\/\/vinkovackejeseni.hr\/en\/wp-json\/wp\/v2\/tags?post=6324"}],"curies":[{"name":"wp","href":"https:\/\/api.w.org\/{rel}","templated":true}]}}