{"id":6034,"date":"2024-09-16T08:28:34","date_gmt":"2024-09-16T06:28:34","guid":{"rendered":"https:\/\/vinkovackejeseni.hr\/?p=6034"},"modified":"2024-09-16T08:59:33","modified_gmt":"2024-09-16T06:59:33","slug":"u-cetvrtom-danu-folklorne-veceri-vecer-mode-i-ljepote-te-zabava-uz-ts-caprio","status":"publish","type":"post","link":"https:\/\/vinkovackejeseni.hr\/en\/u-cetvrtom-danu-folklorne-veceri-vecer-mode-i-ljepote-te-zabava-uz-ts-caprio\/","title":{"rendered":"U \u010detvrtom danu Folklorne ve\u010deri, Ve\u010der mode i ljepote te zabava uz TS Caprio"},"content":{"rendered":"<p style=\"text-align: justify;\"><strong><span style=\"color: #000000;\">Ispratili smo Dje\u010dje Vinkova\u010dke jeseni i u\u0161li u \u010detvrti dan na\u0161e najve\u0107e tradicijske manifestacije.<\/span><\/strong><\/p>\n<p style=\"text-align: justify;\"><span style=\"color: #000000;\">Zavr\u0161ena je Me\u0111u\u017eupanijska smotra dje\u010djih folklornih skupina koja je u dva dana okupila 25 dru\u0161tava iz svih dijelova Hrvatske, ali i mlade Hrvate iz dalekog Urugvaja.\u00a0 Dva dana plesali smo i uz hitove Zsa Zse, unato\u010d ki\u0161i i hladno\u0107i kupovali suvenire kod najhrabrijih izlaga\u010da na Slavonskom sokaku te pili fantasti\u010dna vina u Vinskom \u0161oru. Kraj vikenda zaokru\u017eio je &#8220;vatreni&#8221; nastup benda Vatra.<\/span><\/p>\n<p><a href=\"https:\/\/vinkovackejeseni.hr\/wp-content\/uploads\/2024\/09\/AK8A5198-scaled.jpg\"><img loading=\"lazy\" decoding=\"async\" class=\"wp-image-6035 size-medium aligncenter\" src=\"https:\/\/vinkovackejeseni.hr\/wp-content\/uploads\/2024\/09\/AK8A5198-600x400.jpg\" alt=\"\" width=\"600\" height=\"400\" \/><\/a><\/p>\n<p><span style=\"color: #000000;\">Prognosti\u010dari ka\u017eu jo\u0161 samo danas lo\u0161e vrijeme pa \u0107e veliki \u0161ator i na ovaj tmurni ponedjeljak biti najfrekventnija lokacija.<\/span><\/p>\n<p style=\"text-align: justify;\"><strong><span style=\"color: #000000;\">Nastavlja se \u017dupanijska smotra folklora Vukovarsko-srijemske \u017eupanije koja \u0107e od 19:30 okupiti ono najljep\u0161e od na\u0161e Slavonije, a u 21 sat kre\u0107e Ve\u010der mode i ljepote u organizaciji Udru\u017eenja manekena Loreena. Zgodni modeli na sebi \u0107e nositi kolekciju jesen\/zima vinkova\u010dkih butika.<\/span><\/strong><\/p>\n<p style=\"text-align: justify;\"><span style=\"color: #000000;\">Od 22 sata \u0161atorom \u0107e odjekivati glazba <strong>Tambura\u0161kog sastava Caprio<\/strong> za koji ne sumnjamo kako \u0107e pripremiti nezaboravnu atmosferu, ba\u0161 kakva je vladala i proteklog vikenda. Poslije koncerta opustite se uz \u010da\u0161icu vina u Vinskom \u0161oru ili pak nastavite zabavu uz tambura\u0161e u Bircuzu.<\/span><\/p>\n<p style=\"text-align: justify;\"><span style=\"color: #000000;\">Danas je na Sokaku trebalo po\u010deti kuhanje i podjela besplatnog \u010dobanca, no otkazano je zbog ki\u0161e. Udruge koje su danas trebale biti zadu\u017eene za na\u0161a nepca raspodijelit \u0107e se na utorak, srijedu i \u010detvrtak, a o rasporedu \u0107emo vi\u0161e znati naknadno. Podsjetit \u0107emo samo kako \u0107e svoje umije\u0107e pokazati ukupno 18 udruga, planirana je podjela \u010dak 3.500 porcija, a najbolje \u0107emo saznati u \u010detvrtak.<\/span><\/p>\n<p style=\"text-align: justify;\"><span style=\"color: #000000;\">Vidimo se na 59. Vinkova\u010dkim jesenima!<\/span><\/p>\n<p><a href=\"https:\/\/vinkovackejeseni.hr\/wp-content\/uploads\/2024\/09\/459710069_918997606932553_805716749620020861_n.jpg\"><img loading=\"lazy\" decoding=\"async\" class=\"wp-image-6037 size-medium aligncenter\" src=\"https:\/\/vinkovackejeseni.hr\/wp-content\/uploads\/2024\/09\/459710069_918997606932553_805716749620020861_n-400x600.jpg\" alt=\"\" width=\"400\" height=\"600\" \/><\/a><\/p>","protected":false},"excerpt":{"rendered":"<p>Ispratili smo Dje\u010dje Vinkova\u010dke jeseni i u\u0161li u \u010detvrti dan na\u0161e najve\u0107e tradicijske manifestacije. Zavr\u0161ena je Me\u0111u\u017eupanijska smotra dje\u010djih folklornih skupina koja je u dva dana okupila 25 dru\u0161tava iz svih dijelova Hrvatske, ali i mlade Hrvate iz dalekog Urugvaja.\u00a0 Dva dana plesali smo i uz hitove Zsa Zse, unato\u010d ki\u0161i i hladno\u0107i kupovali suvenire [&hellip;]<\/p>","protected":false},"author":1,"featured_media":6036,"comment_status":"closed","ping_status":"closed","sticky":false,"template":"","format":"standard","meta":{"_et_pb_use_builder":"","_et_pb_old_content":"","_et_gb_content_width":"","footnotes":""},"categories":[6,30,31],"tags":[],"class_list":["post-6034","post","type-post","status-publish","format-standard","has-post-thumbnail","hentry","category-vijesti","category-naslovna","category-novosti"],"_links":{"self":[{"href":"https:\/\/vinkovackejeseni.hr\/en\/wp-json\/wp\/v2\/posts\/6034","targetHints":{"allow":["GET"]}}],"collection":[{"href":"https:\/\/vinkovackejeseni.hr\/en\/wp-json\/wp\/v2\/posts"}],"about":[{"href":"https:\/\/vinkovackejeseni.hr\/en\/wp-json\/wp\/v2\/types\/post"}],"author":[{"embeddable":true,"href":"https:\/\/vinkovackejeseni.hr\/en\/wp-json\/wp\/v2\/users\/1"}],"replies":[{"embeddable":true,"href":"https:\/\/vinkovackejeseni.hr\/en\/wp-json\/wp\/v2\/comments?post=6034"}],"version-history":[{"count":4,"href":"https:\/\/vinkovackejeseni.hr\/en\/wp-json\/wp\/v2\/posts\/6034\/revisions"}],"predecessor-version":[{"id":6041,"href":"https:\/\/vinkovackejeseni.hr\/en\/wp-json\/wp\/v2\/posts\/6034\/revisions\/6041"}],"wp:featuredmedia":[{"embeddable":true,"href":"https:\/\/vinkovackejeseni.hr\/en\/wp-json\/wp\/v2\/media\/6036"}],"wp:attachment":[{"href":"https:\/\/vinkovackejeseni.hr\/en\/wp-json\/wp\/v2\/media?parent=6034"}],"wp:term":[{"taxonomy":"category","embeddable":true,"href":"https:\/\/vinkovackejeseni.hr\/en\/wp-json\/wp\/v2\/categories?post=6034"},{"taxonomy":"post_tag","embeddable":true,"href":"https:\/\/vinkovackejeseni.hr\/en\/wp-json\/wp\/v2\/tags?post=6034"}],"curies":[{"name":"wp","href":"https:\/\/api.w.org\/{rel}","templated":true}]}}