{"id":3493,"date":"2021-07-30T13:29:41","date_gmt":"2021-07-30T11:29:41","guid":{"rendered":"https:\/\/vinkovackejeseni.hr\/?p=3493"},"modified":"2021-07-30T13:29:41","modified_gmt":"2021-07-30T11:29:41","slug":"odbrojavamo-nesto-vise-od-mjesec-dana-polako-se-slaze-prica-ovogodisnjih-jeseni","status":"publish","type":"post","link":"https:\/\/vinkovackejeseni.hr\/en\/odbrojavamo-nesto-vise-od-mjesec-dana-polako-se-slaze-prica-ovogodisnjih-jeseni\/","title":{"rendered":"Odbrojavamo ne\u0161to vi\u0161e od mjesec dana, polako se sla\u017ee pri\u010da ovogodi\u0161njih Jeseni"},"content":{"rendered":"<p>Ve\u0107 po\u010detkom ove godine ljubitelji na\u0161e bogate tradicije zabilje\u017eili su datum 10.rujna kada trebaju zapo\u010deti 56. Vinkova\u010dke jeseni. Deset dana koji su za Vinkov\u010dane, ali i drage goste posebna poslastica, a vrlo \u010desto i mjerilo odre\u0111ivanja vremena, prije Vinkova\u010dkih ili poslije Vinkova\u010dkih\u2026<\/p>\n<p>Tema Sve\u010danog otvorenja je tako\u0111er ve\u0107 neko vrijeme poznata- Ide dika, kapu najerio.., a krajem lipnja raspisan je i Javni poziv za izlaga\u010de u Slavonskom Sokaku. Koliko je va\u017ena ova manifestacija govori i \u010dinjenica kako je sav izlaga\u010dki prostor doslovno rasprodan u jednom danu, a Organizatorima se daje na razmi\u0161ljanje pro\u0161irenje upravo toga dijela. 5 ugostiteljskih ku\u0107ica, 10 ku\u0107ica koje su zakupili vlasnici obrta i doma\u0107ih radinosti, te 31 \u0161tand na kojemu \u0107e svoje rukotvorine izlo\u017eiti uz navedene i OPG-ovi iz cijele Hrvatske. Slavonski sokak mjesto je okupljana, tradicije, gastronomije i tambura\u0161ke glazbe. Odbrojavamo ne\u0161to vi\u0161e od mjesec dana i sla\u017eemo i ostale sadr\u017eaje, a za ovu godinu pripremili smo i nekoliko novosti i novih lokacija. Vinski sokak s vinarima na\u0161eg podneblja zauzet \u0107e ve\u0107 svoju poznatu lokaciju u Dugoj ulici, a uz njih \u0107e do glavne pozornice, koja \u0107e biti mjesto odr\u017eavanja Folklornih ve\u010deri i koncerata zabavne glazbe, biti i bogata gastronomska ponuda. Lapidarij Gradskog muzeja, te prostor ispred Arhiva bit \u0107e rezerviran samo za djecu. Dvori\u0161te ideja novost je koja \u0107e za vrijeme trajanja Dje\u010djih Vinkova\u010dkih jeseni, odnosno pet dana, biti mjesto okupljanja djece i roditelja uz stru\u010dne voditelje radionica Gradskog muzeja Vinkovci. Nakon pet dana u isti prostor dolazi Valensiranje koje za ljubitelje craft piva i urbanog \u0161tiha ne treba posebno predstavljati.<\/p>\n<p><a href=\"https:\/\/vinkovackejeseni.hr\/wp-content\/uploads\/2021\/07\/DSC_2702.jpg\"><img loading=\"lazy\" decoding=\"async\" class=\"aligncenter size-full wp-image-3496\" src=\"https:\/\/vinkovackejeseni.hr\/wp-content\/uploads\/2021\/07\/DSC_2702.jpg\" alt=\"\" width=\"1920\" height=\"1277\" \/><\/a><\/p>\n<p>Ove godine svoj prostor za predstavljanje imati \u0107e i sportski klubovi i sli\u010dne udruge i to u prolazu Crvenog kri\u017ea. Bit \u0107e i to mjesto okupljanja mladih sporta\u0161a koji \u0107e mo\u0107i prezentirati \u0161to rade, ali isto tako za njih \u0107e biti organizirano dru\u017eenje, te i pokoje nagradne igre ili odmjeravanje snaga u pojedinim sportovima. Poziv je ovo ujedno i ostalim zainteresiran sudionicima da nam svoje prijedloge i ideje po\u0161alju na mail <a href=\"mailto:press@vinkovackejeseni.hr\">press@vinkovackejeseni.hr<\/a>. Ne smijemo zaboraviti kako su pro\u0161lih godina veliku pa\u017enju privla\u010dila i mjesta ukra\u0161ena za slikanje te mo\u017eemo najaviti kako \u0107e ih ove godine biti i vi\u0161e jer Vinkova\u010dke jeseni to od nas zaslu\u017euju. Potpuni anga\u017eman kako bismo svi mogli u\u017eivati. Cjelogodi\u0161nji podsjetnik na Vinkova\u010dke jeseni jeste i autobus prijevozni\u010dke tvrtke Polet koji nikako ne prolazi nezapa\u017een na relacijama po cijeloj Lijepoj na\u0161oj. I za kraj mo\u017eemo samo re\u0107i- Jeseni su milo janje moje da su barem u godini troje\u2026<\/p>","protected":false},"excerpt":{"rendered":"<p>Ve\u0107 po\u010detkom ove godine ljubitelji na\u0161e bogate tradicije zabilje\u017eili su datum 10.rujna kada trebaju zapo\u010deti 56. Vinkova\u010dke jeseni. Deset dana koji su za Vinkov\u010dane, ali i drage goste posebna poslastica, a vrlo \u010desto i mjerilo odre\u0111ivanja vremena, prije Vinkova\u010dkih ili poslije Vinkova\u010dkih\u2026 Tema Sve\u010danog otvorenja je tako\u0111er ve\u0107 neko vrijeme poznata- Ide dika, kapu najerio.., [&hellip;]<\/p>","protected":false},"author":2,"featured_media":3467,"comment_status":"closed","ping_status":"closed","sticky":false,"template":"","format":"standard","meta":{"_et_pb_use_builder":"","_et_pb_old_content":"","_et_gb_content_width":"","footnotes":""},"categories":[30,6],"tags":[],"class_list":["post-3493","post","type-post","status-publish","format-standard","has-post-thumbnail","hentry","category-naslovna","category-vijesti"],"_links":{"self":[{"href":"https:\/\/vinkovackejeseni.hr\/en\/wp-json\/wp\/v2\/posts\/3493","targetHints":{"allow":["GET"]}}],"collection":[{"href":"https:\/\/vinkovackejeseni.hr\/en\/wp-json\/wp\/v2\/posts"}],"about":[{"href":"https:\/\/vinkovackejeseni.hr\/en\/wp-json\/wp\/v2\/types\/post"}],"author":[{"embeddable":true,"href":"https:\/\/vinkovackejeseni.hr\/en\/wp-json\/wp\/v2\/users\/2"}],"replies":[{"embeddable":true,"href":"https:\/\/vinkovackejeseni.hr\/en\/wp-json\/wp\/v2\/comments?post=3493"}],"version-history":[{"count":0,"href":"https:\/\/vinkovackejeseni.hr\/en\/wp-json\/wp\/v2\/posts\/3493\/revisions"}],"wp:featuredmedia":[{"embeddable":true,"href":"https:\/\/vinkovackejeseni.hr\/en\/wp-json\/wp\/v2\/media\/3467"}],"wp:attachment":[{"href":"https:\/\/vinkovackejeseni.hr\/en\/wp-json\/wp\/v2\/media?parent=3493"}],"wp:term":[{"taxonomy":"category","embeddable":true,"href":"https:\/\/vinkovackejeseni.hr\/en\/wp-json\/wp\/v2\/categories?post=3493"},{"taxonomy":"post_tag","embeddable":true,"href":"https:\/\/vinkovackejeseni.hr\/en\/wp-json\/wp\/v2\/tags?post=3493"}],"curies":[{"name":"wp","href":"https:\/\/api.w.org\/{rel}","templated":true}]}}