{"id":3490,"date":"2021-07-26T11:35:59","date_gmt":"2021-07-26T09:35:59","guid":{"rendered":"https:\/\/vinkovackejeseni.hr\/?p=3490"},"modified":"2021-07-26T11:35:59","modified_gmt":"2021-07-26T09:35:59","slug":"u-susret-56-vinkovackim-jesenima-u-karlovcu-sastanak-hrvatskih-zakud-a","status":"publish","type":"post","link":"https:\/\/vinkovackejeseni.hr\/en\/u-susret-56-vinkovackim-jesenima-u-karlovcu-sastanak-hrvatskih-zakud-a\/","title":{"rendered":"U susret 56. Vinkova\u010dkim jesenima, u Karlovcu sastanak hrvatskih ZAKUD-a"},"content":{"rendered":"<p style=\"text-align: justify;\" align=\"JUSTIFY\">Grad na \u010detiri rijeke bio je doma\u0107in 3. susreta \u017eupanijskih ZAKUD-a Hrvatske. Inicirali su ga predstavnici Zajednice kulturno-umjetni\u010dkih dru\u0161tava Vukovarsko-srijemske \u017eupanije \u010dije su boje branili tajnik Stjepan \u0110urkovi\u0107, zadu\u017een, izme\u0111u ostalog, za Dr\u017eavnu smotru folklora Dario Gr\u010di\u0107, autor scenarija sve\u010danosti otvorenja Marko Sabljakovi\u0107 i ostali suradnici.<\/p>\n<p style=\"text-align: justify;\" align=\"JUSTIFY\">Na radnom sastanku razgovaralo se o planu, provedbi rada i aktivnostima Zajednica do kraja godine, zajedni\u010dkom nastupu prema Ministarstvu kulture s ciljem zna\u010dajnije promocije folklorne ba\u0161tine te o provedbi ovogodi\u0161njih, 56. Vinkova\u010dkih jeseni, ovisno o epidemiolo\u0161kom razvoju situacije.<\/p>\n<p style=\"text-align: justify;\" align=\"JUSTIFY\">Zahvaliv\u0161i na doma\u0107instvu te prenose\u0107i pozdrave \u017eupana Damira Dekani\u0107a, tajnik vukovarsko-srijemskog ZAKUD-a va\u017enim je istaknuo zajedni\u0161tvo i suradnju svih Zajednica ujedno predstaviv\u0161i program Jeseni.<\/p>\n<div id=\"attachment_110393\" style=\"width: 370px\" class=\"wp-caption alignleft\"><img loading=\"lazy\" decoding=\"async\" aria-describedby=\"caption-attachment-110393\" class=\"wp-image-110393 size-medium\" src=\"https:\/\/novosti.hr\/wp-content\/uploads\/2021\/07\/karlovacki.hr_zakud_stipicaa-360x240.jpg\" alt=\"\" width=\"360\" height=\"240\" \/><p id=\"caption-attachment-110393\" class=\"wp-caption-text\">Foto: karlova\u010dki.hr<\/p><\/div>\n<p style=\"text-align: justify;\" align=\"JUSTIFY\"><strong>&#8220;Korona nam je dosta ote\u017eala rad i bitno je da znamo \u0161to trebamo napraviti da nam se tradicija i ba\u0161tina ne zaborave. Ove godine planiramo Vinkova\u010dke jeseni od 10. do 19. rujna. Planira se da sve bude normalno kako su se i radile do sada. Dogovorili smo koje \u0107e skupine do\u0107i iz \u017eupanija. Standardno je da imamo ukupno osamdesetak KUD-ova, od toga gostuju\u0107ih je 24 te 25 grupa. \u017delimo da taj sredi\u0161nji program koji \u0107e biti 17., 18. i 19. rujna poka\u017ee na\u0161e bogatstvo&#8221;<\/strong>, kazao je \u0110urkovi\u0107. U tijeku su pripreme za najve\u0107u tradicijsku manifestaciju u ovom dijelu Europe \u010dija je sve\u010danost otvorenja ove godine naslovljena tematskim stihom &#8220;Ide dika, kapu najerio&#8221;. Organizatori se nadaju kako \u0107e ovogodi\u0161nje Jeseni, uz po\u0161tivanje svih epidemiolo\u0161kih mjera, biti odr\u017eane u punom obimu te se pripremaju ni\u0161ta ne prepu\u0161taju\u0107i slu\u010daju, a s obzirom na zahtjevnost i broj sudionika. U tom smislu poseban naglasak sastanka bio je na Dr\u017eavnoj smotri folklora.<\/p>\n<p align=\"JUSTIFY\"><img loading=\"lazy\" decoding=\"async\" class=\"aligncenter wp-image-110395 size-full\" src=\"https:\/\/novosti.hr\/wp-content\/uploads\/2021\/07\/cover-jeseni.jpg\" alt=\"\" width=\"1600\" height=\"592\" \/><\/p>\n<p style=\"text-align: justify;\" align=\"JUSTIFY\"><strong>&#8220;Na inicijativu ZAKUD-a Vukovarsko-srijemske \u017eupanije u Karlovcu je odr\u017ean tre\u0107i sastanak predstavnika svih \u017eupanijskih ZAKUD-a na razini Hrvatske. Tema ovih sastanaka je zajedni\u010dka suradnja u o\u010duvanju hrvatske tradicije. U godinu i pol dana zbog korone situacija se pogor\u0161ala i u vezi \u010dlanstva i u vezi na\u0161ih manifestacija. Mi bismo sada htjeli pomo\u0107i jedni drugima kako bi se na\u0161a tradicija o\u010duvala i kako ne bi oti\u0161la u zaborav&#8221;,<\/strong> istaknula je predsjednica ZAKUD-a Karlova\u010dke \u017eupanije Jasna Po\u017ear za karlova\u010dki.hr<\/p>\n<p style=\"text-align: justify;\" align=\"JUSTIFY\"><strong>&#8220;Sastanak je okupio 25 sudionika iz cijele dr\u017eave. Ovo podru\u010dje djelovanja do\u017eivjelo je velike \u0161tete zbog korone. Situacija je potaknula Zajednice da po\u010dnu sura\u0111ivati. Prvi sastanak odr\u017ean je u Vukovarsko-srijemskoj \u017eupaniji, drugi u Istarskoj i tre\u0107i kod nas. Govorilo se o aktualnim temama i problemima, mogu\u0107nostima suradnje i o Vinkova\u010dkim jesenima&#8221;,<\/strong> potvrdila je \u017eupanica Martina Furdek Hajdin uz poziv svim folklora\u0161ima i ostalim sudionicima organiziranih manifestacija na odgovornost i pridr\u017eavanje epidemiolo\u0161kih preporuka. Tako\u0111er naglasila je va\u017enost cijepljenja kako kako bi zajedni\u010dkim djelovanjem odr\u017eali dru\u0161tvo stabilnim.<\/p>\n<p style=\"text-align: justify;\" align=\"JUSTIFY\">Hrvatski ZAKUD-ovci, doznajemo, najavljuju izradu zajedni\u010dke Deklaracije o suradnji.<\/p>\n<p align=\"JUSTIFY\">","protected":false},"excerpt":{"rendered":"<p>Grad na \u010detiri rijeke bio je doma\u0107in 3. susreta \u017eupanijskih ZAKUD-a Hrvatske. Inicirali su ga predstavnici Zajednice kulturno-umjetni\u010dkih dru\u0161tava Vukovarsko-srijemske \u017eupanije \u010dije su boje branili tajnik Stjepan \u0110urkovi\u0107, zadu\u017een, izme\u0111u ostalog, za Dr\u017eavnu smotru folklora Dario Gr\u010di\u0107, autor scenarija sve\u010danosti otvorenja Marko Sabljakovi\u0107 i ostali suradnici. Na radnom sastanku razgovaralo se o planu, provedbi rada [&hellip;]<\/p>","protected":false},"author":2,"featured_media":3491,"comment_status":"closed","ping_status":"closed","sticky":false,"template":"","format":"standard","meta":{"_et_pb_use_builder":"","_et_pb_old_content":"","_et_gb_content_width":"","footnotes":""},"categories":[30,6],"tags":[],"class_list":["post-3490","post","type-post","status-publish","format-standard","has-post-thumbnail","hentry","category-naslovna","category-vijesti"],"_links":{"self":[{"href":"https:\/\/vinkovackejeseni.hr\/en\/wp-json\/wp\/v2\/posts\/3490","targetHints":{"allow":["GET"]}}],"collection":[{"href":"https:\/\/vinkovackejeseni.hr\/en\/wp-json\/wp\/v2\/posts"}],"about":[{"href":"https:\/\/vinkovackejeseni.hr\/en\/wp-json\/wp\/v2\/types\/post"}],"author":[{"embeddable":true,"href":"https:\/\/vinkovackejeseni.hr\/en\/wp-json\/wp\/v2\/users\/2"}],"replies":[{"embeddable":true,"href":"https:\/\/vinkovackejeseni.hr\/en\/wp-json\/wp\/v2\/comments?post=3490"}],"version-history":[{"count":0,"href":"https:\/\/vinkovackejeseni.hr\/en\/wp-json\/wp\/v2\/posts\/3490\/revisions"}],"wp:featuredmedia":[{"embeddable":true,"href":"https:\/\/vinkovackejeseni.hr\/en\/wp-json\/wp\/v2\/media\/3491"}],"wp:attachment":[{"href":"https:\/\/vinkovackejeseni.hr\/en\/wp-json\/wp\/v2\/media?parent=3490"}],"wp:term":[{"taxonomy":"category","embeddable":true,"href":"https:\/\/vinkovackejeseni.hr\/en\/wp-json\/wp\/v2\/categories?post=3490"},{"taxonomy":"post_tag","embeddable":true,"href":"https:\/\/vinkovackejeseni.hr\/en\/wp-json\/wp\/v2\/tags?post=3490"}],"curies":[{"name":"wp","href":"https:\/\/api.w.org\/{rel}","templated":true}]}}