{"id":3213,"date":"2019-10-16T15:50:17","date_gmt":"2019-10-16T13:50:17","guid":{"rendered":"http:\/\/vinkovackejeseni.hr\/?p=3213"},"modified":"2019-10-16T15:50:17","modified_gmt":"2019-10-16T13:50:17","slug":"zelja-je-imati-sto-vise-tradicijskih-obrta-i-autohtonih-proizvoda","status":"publish","type":"post","link":"https:\/\/vinkovackejeseni.hr\/en\/zelja-je-imati-sto-vise-tradicijskih-obrta-i-autohtonih-proizvoda\/","title":{"rendered":"\u201c\u017delja je imati \u0161to vi\u0161e tradicijskih obrta i autohtonih proizvoda\u201d"},"content":{"rendered":"<p><strong>Svima onima koji su doprinijeli da Slavonski sokak 54. Vinkova\u010dkih jeseni bude mjesto okupljanja mnogih te mjesto bogate ponude tradicijskih proizvoda, danas su u Velikoj gradskoj vije\u0107nici uru\u010dene zahvalnice kao znak pa\u017enje za sve ono \u010dime su obogatili ovogodi\u0161nju manifestaciju.<\/strong><\/p>\n<p>Malo je onih koji su posjetili Vinkova\u010dke jeseni, a nisu vidjeli Slavonski sokak i jo\u0161 jednom se uvjerili u ljepotu tradicije, obi\u010daja i brojnih rukotvorina koje su vrijedne slavonske ruke prikazale na svojim \u0161tandovima. Ovaj Sajam gospodarstva, tradicijskih obrta i rukotvorina ve\u0107 \u010detiri godine okuplja gospodarstvenike, poduzetnike, obrtnike, ali i brojne udruge te iz godine u godinu obrtnicima daje priliku da promoviraju sebe i svoje proizvode.<\/p>\n<p>Izlaga\u010dima koji su sudjelovali na Slavonskom sokaku na 54. Vinkova\u010dkim jesenima, zahvalnice je uru\u010dio gradona\u010delnik Ivan Bosan\u010di\u0107 kao predstavnik organizatora Slavonskog sokaka, Grada Vinkovaca te Marija Gerovac, direktorica Novosti.<\/p>\n<p><a href=\"http:\/\/vinkovackejeseni.hr\/wp-content\/uploads\/2019\/10\/IMG_4862.jpg\"><img loading=\"lazy\" decoding=\"async\" class=\"alignnone wp-image-3216\" src=\"http:\/\/vinkovackejeseni.hr\/wp-content\/uploads\/2019\/10\/IMG_4862-300x241.jpg\" alt=\"\" width=\"317\" height=\"255\" \/><\/a><\/p>\n<p><strong>\u201cIdeja sa Slavonskim sokakom je relativno nova, a odmah je za\u017eivjela me\u0111u gra\u0111anima. Drago nam je da danas imamo puno obrtnika koji \u017eele biti na Sokaku, koji se natje\u010du za prostore, da je Slavonski sokak sajmi\u0161no mjesto i mjesto gdje se mogu prezentirati slavonski proizvodi, da ga je prepoznalo i Ministarstvo gospodarstva koje nam svake godine poma\u017ee u organizaciji. Tako da mislim da je postao neizostavan dio Jeseni i da \u0107e se samo razvijati na vi\u0161e\u201c,<\/strong> istaknuo je gradona\u010delnik.<\/p>\n<p>Svi obrtnici koji se jave na natje\u010daj mogu biti dio Slavonskog sokaka, a \u017eelja je, napominje Bosan\u010di\u0107, imati \u0161to vi\u0161e tradicijskih obrta, na\u0161ih autohtonih proizvoda, kako iz Vinkovaca tako i iz cijele \u017eupanije.<\/p>\n<p><strong>\u201cMislim da svaki na\u0161 obrtnik ima za pravo re\u0107i da je jedan heroj koji se bori na tr\u017ei\u0161tu, koji sam zaradi svoju pla\u0107u i nama je \u017eelja kroz ovu jednu malu gestu pokazati da su nam oni va\u017eni, da cijenimo njihov rad i da \u017eelimo da se oni razvijaju u jo\u0161 zna\u010dajnije obrtnike na\u0161ega kraja\u201c,<\/strong> dodao je.<\/p>\n<p>Zahvalnicu je danas dobila i Anita Komesarovi\u0107, \u201cDoma\u0107a radinost Anita Komesarovi\u0107\u201c, koje je istaknula kako su sa svojim prvim sudjelovanjem izuzetno zadovoljni te da isto planiraju i dogodine.<\/p>\n<p><strong>\u201cJako smo zadovoljni, odaziv na\u0161ih kupaca i povratne informacije su bile jako pozitivne i nadam se da se vidimo nagodinu. Ovo je i jedna jako dobra promocija za na\u0161 posao jer smo prvi put u\u0161li tako direktno u javnost. Do sada smo radili samo u suvenirnici i ovo nam je bila zapravo prva prava povratna informacija od ljudi. Sada znamo u kojem smjeru dalje mo\u017eemo krenuti\u201c,<\/strong> rekla je.<\/p>\n<p><a href=\"http:\/\/vinkovackejeseni.hr\/wp-content\/uploads\/2019\/10\/IMG_4795.jpg\"><img loading=\"lazy\" decoding=\"async\" class=\"alignnone wp-image-3215\" src=\"http:\/\/vinkovackejeseni.hr\/wp-content\/uploads\/2019\/10\/IMG_4795-300x186.jpg\" alt=\"\" width=\"374\" height=\"232\" \/><\/a><\/p>\n<p>&nbsp;<\/p>\n<p>&nbsp;<\/p>\n<p>&nbsp;<\/p>\n<p>&nbsp;<\/p>","protected":false},"excerpt":{"rendered":"<p>Svima onima koji su doprinijeli da Slavonski sokak 54. Vinkova\u010dkih jeseni bude mjesto okupljanja mnogih te mjesto bogate ponude tradicijskih proizvoda, danas su u Velikoj gradskoj vije\u0107nici uru\u010dene zahvalnice kao znak pa\u017enje za sve ono \u010dime su obogatili ovogodi\u0161nju manifestaciju. Malo je onih koji su posjetili Vinkova\u010dke jeseni, a nisu vidjeli Slavonski sokak i jo\u0161 [&hellip;]<\/p>","protected":false},"author":5,"featured_media":3214,"comment_status":"closed","ping_status":"closed","sticky":false,"template":"","format":"standard","meta":{"_et_pb_use_builder":"","_et_pb_old_content":"","_et_gb_content_width":"","footnotes":""},"categories":[82,30,6],"tags":[],"class_list":["post-3213","post","type-post","status-publish","format-standard","has-post-thumbnail","hentry","category-82","category-naslovna","category-vijesti"],"_links":{"self":[{"href":"https:\/\/vinkovackejeseni.hr\/en\/wp-json\/wp\/v2\/posts\/3213","targetHints":{"allow":["GET"]}}],"collection":[{"href":"https:\/\/vinkovackejeseni.hr\/en\/wp-json\/wp\/v2\/posts"}],"about":[{"href":"https:\/\/vinkovackejeseni.hr\/en\/wp-json\/wp\/v2\/types\/post"}],"author":[{"embeddable":true,"href":"https:\/\/vinkovackejeseni.hr\/en\/wp-json\/wp\/v2\/users\/5"}],"replies":[{"embeddable":true,"href":"https:\/\/vinkovackejeseni.hr\/en\/wp-json\/wp\/v2\/comments?post=3213"}],"version-history":[{"count":0,"href":"https:\/\/vinkovackejeseni.hr\/en\/wp-json\/wp\/v2\/posts\/3213\/revisions"}],"wp:featuredmedia":[{"embeddable":true,"href":"https:\/\/vinkovackejeseni.hr\/en\/wp-json\/wp\/v2\/media\/3214"}],"wp:attachment":[{"href":"https:\/\/vinkovackejeseni.hr\/en\/wp-json\/wp\/v2\/media?parent=3213"}],"wp:term":[{"taxonomy":"category","embeddable":true,"href":"https:\/\/vinkovackejeseni.hr\/en\/wp-json\/wp\/v2\/categories?post=3213"},{"taxonomy":"post_tag","embeddable":true,"href":"https:\/\/vinkovackejeseni.hr\/en\/wp-json\/wp\/v2\/tags?post=3213"}],"curies":[{"name":"wp","href":"https:\/\/api.w.org\/{rel}","templated":true}]}}