{"id":3184,"date":"2019-09-23T10:36:26","date_gmt":"2019-09-23T08:36:26","guid":{"rendered":"http:\/\/vinkovackejeseni.hr\/?p=3184"},"modified":"2019-09-23T10:36:26","modified_gmt":"2019-09-23T08:36:26","slug":"zatvorene-54-vinkovacke-jeseni","status":"publish","type":"post","link":"https:\/\/vinkovackejeseni.hr\/en\/zatvorene-54-vinkovacke-jeseni\/","title":{"rendered":"Zatvorene 54. Vinkova\u010dke jeseni"},"content":{"rendered":"<p>Proteklih deset dana Vinkovci su \u017eivjeli Vinkova\u010dke jeseni. Mno\u0161tvo doga\u0111anja, kulturnih i sportskih priredbi, kao i zabavnih sadr\u017eaja, privukli su u na\u0161 grad brojne goste. Od prvog dana gra\u0111ani su mogli posjetiti Sajam gospodarstva, tradicijskih obrta i rukotvorina, a ljubitelji folklora pod velikim \u0161atorom u\u017eivali su u \u017dupanijskoj smotri folklora sve do srijede, kada je na zavr\u0161noj ve\u010deri progla\u0161en i ovogodi\u0161nji pobjednik, ta \u010dast pripala je KUD-u \u201eSlavko Jankovi\u0107\u201c Rokovci-Andrija\u0161evci. Svoja vrata i ove godine otvorio je Vinski grad, a \u0161to nudi autoindustrija Vinkov\u010dani i njihovi gosti mogli su pogledati na ovogodi\u0161njem vinkova\u010dkom Auto showu. Sve je kulminiralo u petak kada su spektakularnom priredbom na velikoj pozornici u sredi\u0161tu grada, uz \u201eTri nam drage rije\u010di\u201c i sve\u010dano otvorene 54. Vinkova\u010dke jeseni. \u010cuvari tradicijske kulture iz cijele Hrvatske i ove su se godine predstavili na Sve\u010danom mimohodu kulturno-umjetni\u010dkih dru\u0161tava, prodefilirav\u0161i gradom na odu\u0161evljenje velikog broja posjetitelja. Oni najbolji me\u0111u njima, odnosno pobjednici \u017eupanijskih smotri, svoj rad su prikazali na Dr\u017eavnoj smotri izvornog hrvatskog folklora.<\/p>\n<p><strong>\u201eOvih deset dana uistinu je jako brzo pro\u0161lo, jo\u0161 jedne Jeseni su iza nas i moram ovom prilikom izraziti zadovoljstvo sa svim onim \u0161to su one ponudile. Svi ovi \u010duvari folklora i tradicije iz na\u0161eg kraja, ali i cijele Hrvatske\u00a0 jo\u0161 su jednom pokazali da se ne moramo brinuti za budu\u0107nost, jer oni svoj entuzijazam prenose s generacije na generaciju. Moram re\u0107i i da s pripremama za slijede\u0107e, 55. Vinkova\u010dke jeseni, kre\u0107emo ve\u0107 od sutra\u201c, rekao je prilikom ve\u010dera\u0161njeg zatvaranja ovogodi\u0161njih Vinkova\u010dkih jeseni zamjenik gradona\u010delnika grada Vinkovaca Gabrijel \u0160oki\u010di\u0107.<\/strong><\/p>\n<p>Jeseni su zatvorila dva koncerta, najprije onaj Ivana Zaka, a nakon sve\u010danosti zatvaranja publiku su rasplesali Najbolji hrvatski tambura\u0161i.<\/p>","protected":false},"excerpt":{"rendered":"<p>Proteklih deset dana Vinkovci su \u017eivjeli Vinkova\u010dke jeseni. Mno\u0161tvo doga\u0111anja, kulturnih i sportskih priredbi, kao i zabavnih sadr\u017eaja, privukli su u na\u0161 grad brojne goste. Od prvog dana gra\u0111ani su mogli posjetiti Sajam gospodarstva, tradicijskih obrta i rukotvorina, a ljubitelji folklora pod velikim \u0161atorom u\u017eivali su u \u017dupanijskoj smotri folklora sve do srijede, kada je [&hellip;]<\/p>","protected":false},"author":5,"featured_media":3185,"comment_status":"closed","ping_status":"closed","sticky":false,"template":"","format":"standard","meta":{"_et_pb_use_builder":"","_et_pb_old_content":"","_et_gb_content_width":"","footnotes":""},"categories":[82,30,6],"tags":[],"class_list":["post-3184","post","type-post","status-publish","format-standard","has-post-thumbnail","hentry","category-82","category-naslovna","category-vijesti"],"_links":{"self":[{"href":"https:\/\/vinkovackejeseni.hr\/en\/wp-json\/wp\/v2\/posts\/3184","targetHints":{"allow":["GET"]}}],"collection":[{"href":"https:\/\/vinkovackejeseni.hr\/en\/wp-json\/wp\/v2\/posts"}],"about":[{"href":"https:\/\/vinkovackejeseni.hr\/en\/wp-json\/wp\/v2\/types\/post"}],"author":[{"embeddable":true,"href":"https:\/\/vinkovackejeseni.hr\/en\/wp-json\/wp\/v2\/users\/5"}],"replies":[{"embeddable":true,"href":"https:\/\/vinkovackejeseni.hr\/en\/wp-json\/wp\/v2\/comments?post=3184"}],"version-history":[{"count":0,"href":"https:\/\/vinkovackejeseni.hr\/en\/wp-json\/wp\/v2\/posts\/3184\/revisions"}],"wp:featuredmedia":[{"embeddable":true,"href":"https:\/\/vinkovackejeseni.hr\/en\/wp-json\/wp\/v2\/media\/3185"}],"wp:attachment":[{"href":"https:\/\/vinkovackejeseni.hr\/en\/wp-json\/wp\/v2\/media?parent=3184"}],"wp:term":[{"taxonomy":"category","embeddable":true,"href":"https:\/\/vinkovackejeseni.hr\/en\/wp-json\/wp\/v2\/categories?post=3184"},{"taxonomy":"post_tag","embeddable":true,"href":"https:\/\/vinkovackejeseni.hr\/en\/wp-json\/wp\/v2\/tags?post=3184"}],"curies":[{"name":"wp","href":"https:\/\/api.w.org\/{rel}","templated":true}]}}