{"id":3176,"date":"2019-09-22T12:52:43","date_gmt":"2019-09-22T10:52:43","guid":{"rendered":"http:\/\/vinkovackejeseni.hr\/?p=3176"},"modified":"2019-09-22T12:52:43","modified_gmt":"2019-09-22T10:52:43","slug":"svecani-mimohod-okupio-69-folklornih-drustava-30-zaprega-i-52-jahaca","status":"publish","type":"post","link":"https:\/\/vinkovackejeseni.hr\/en\/svecani-mimohod-okupio-69-folklornih-drustava-30-zaprega-i-52-jahaca\/","title":{"rendered":"Sve\u010dani mimohod okupio 69 folklornih dru\u0161tava, 30 zaprega i 52 jaha\u010da"},"content":{"rendered":"<p><strong>U Vinkovcima je\u00a0odr\u017ean\u00a0Sve\u010dani mimohod\u00a0\u2013 najposje\u0107enija i najspektakularnija priredba\u00a054. Vinkova\u010dkih jeseni, koju je i ove\u00a0godine du\u017e gradskih ulica i trgova pratilo nekoliko desetaka tisu\u0107a posjetitelja.\u00a0<\/strong><\/p>\n<p>Sa sredi\u0161nje pozornice na Trgu bana Josipa \u0160ok\u010devi\u0107a u nazo\u010dnosti vinkova\u010dkog gradona\u010delnika\u00a0Ivana Bosan\u010di\u0107a\u00a0i vukovarsko-srijemskog \u017eupana\u00a0Bo\u017ee Gali\u0107a,\u00a0 mimohod su pratili i izaslanik predsjednice Republike Hrvatske, Luka Burilovi\u0107, predsjednik Hrvatske gospodarske komore, izaslanik predsjednika Hrvatskog sabora dr. Mladen Karli\u0107, izaslanik predsjednika Vlade Republike Hrvatske Mario Bano\u017ei\u0107, ministar dr\u017eavne imovine, saborski zastupnici te ostali uzvanici kao i gra\u0111ani i gosti grada Vinkovaca.<\/p>\n<p><a href=\"http:\/\/vinkovackejeseni.hr\/wp-content\/uploads\/2019\/09\/IMG_1980.jpg\"><img loading=\"lazy\" decoding=\"async\" class=\"alignnone wp-image-3179 size-medium\" src=\"http:\/\/vinkovackejeseni.hr\/wp-content\/uploads\/2019\/09\/IMG_1980-300x200.jpg\" alt=\"\" width=\"300\" height=\"200\" \/><\/a> <a href=\"http:\/\/vinkovackejeseni.hr\/wp-content\/uploads\/2019\/09\/IMG_2005.jpg\"><img loading=\"lazy\" decoding=\"async\" class=\"alignnone wp-image-3180 size-medium\" src=\"http:\/\/vinkovackejeseni.hr\/wp-content\/uploads\/2019\/09\/IMG_2005-300x200.jpg\" alt=\"\" width=\"300\" height=\"200\" \/><\/a><\/p>\n<p><strong>Mimohod su predvodili: Gradska limena glazba Vinkovci, ma\u017eoretkinje Grada Vinkovaca i Op\u0107ine Nu\u0161tar, zastave i grbovi, \u010dlanovi Povijesno-\u0161portske udruge Hrvatskog sokola iz Vinkovaca te Vinkova\u010dkih \u0161oka\u010dkih rodova, pobjednici revija: Mladost i ljepota Slavonije, Stari Mikanovci, Zimsko spremanje Antin, Etno frizure Hrvatske, KUD \u201cTkanica\u201c, Vinkovci u stiliziranim starogradskim no\u0161njama, Udruga \u201cBijela golubica\u201d Vukovar u baroknim no\u0161njama, kao i Prva kanjd\u017eija\u0161ka udruga \u2013 Kru\u0161evica 2010.<\/strong><\/p>\n<p>Potom je slijedilo 69 folklornih dru\u0161tava pristiglih iz cijele Hrvatske, iz Dalmacije, Istre, Zagorja, Pokuplja, Po\u017ee\u0161tine, ali i iz Bosne i Hercegovine, Ma\u0111arske, Slovenije, Austrije pa \u010dak i Rumunjske, te naravno, najvi\u0161e njih doma\u0107ih KUD-ova koji \u201cdi\u0161u\u201d za Vinkova\u010dke jeseni, a koji su svojom raspjevano\u0161\u0107u i rasko\u0161nom narodnom no\u0161njom izazivali divljenje i ponos prikazuju\u0107i tradicijsku ba\u0161tinu kojom se malo tko mo\u017ee podi\u010diti ovakvim bogatstvom i raznolikosti kao \u0161to je to u Vinkovcima, te je u sve\u010danom mimohodu sudjelovalo je oko\u00a0 3000 sudionika, 30 konjskih zaprega i 52 konjanika.<\/p>\n<p><strong>Najljep\u0161om zapregom na 54. Vinkova\u010dkih jeseni progla\u0161ena je ona Kre\u0161imira \u010cori\u0107a i Hrvoja \u010cobankovi\u0107a iz Iloka, zatim Vinka Pu\u0161kari\u0107a iz Vinkovaca te Ivana\u00a0 lu\u010di\u0107a i Adama Stojanovi\u0107a iz Babine Grede.\u00a0<\/strong><\/p>\n<p><a href=\"http:\/\/vinkovackejeseni.hr\/wp-content\/uploads\/2019\/09\/IMG_2286.jpg\"><img loading=\"lazy\" decoding=\"async\" class=\"alignnone wp-image-3181 size-medium\" src=\"http:\/\/vinkovackejeseni.hr\/wp-content\/uploads\/2019\/09\/IMG_2286-300x200.jpg\" alt=\"\" width=\"300\" height=\"200\" \/><\/a><\/p>\n<p>Na kraju mimohoda gra\u0111ani i gosti su zajedno s folklora\u0161ima zaplesali, sada ve\u0107 tradicionalno, najve\u0107e \u0161oka\u010dko kolo na vinkova\u010dkom stadionu, ali i na sredi\u0161njem gradskom trgu.<\/p>\n<p><strong>Odmah po zavr\u0161etku sve\u010danog mimohoda pod \u0161atorom Vinkova\u010dkih jeseni, na Dr\u017eavnoj smotri izvornog hrvatskog folklora, bit \u0107e predstavljeno sedam folklornih skupina, a nave\u010der daljnjih 14 KUD-ova \u010dijim \u0107e nastupima biti i zatvorene ovogodi\u0161nje 54. Vinkova\u010dke jeseni.<\/strong><\/p>\n<p>Dr\u017eavna smotra izvornog hrvatskog folklora revijalnog je, a ne natjecateljskog karaktera no na njoj pravo nastupa stje\u010du KUD-ovi i folklorne skupine koje su svojim programima pobijedile na \u017eupanijskim ili regionalnim natjecanjima. Uz njih, na poziv organizatora Vinkova\u010dkih jeseni, na Dr\u017eavnoj smotri nastupaju i KUD-ovi iz dijaspore.<\/p>\n<p><a href=\"http:\/\/vinkovackejeseni.hr\/wp-content\/uploads\/2019\/09\/IMG_2442.jpg\"><img loading=\"lazy\" decoding=\"async\" class=\"alignnone wp-image-3177 size-medium\" src=\"http:\/\/vinkovackejeseni.hr\/wp-content\/uploads\/2019\/09\/IMG_2442-300x200.jpg\" alt=\"\" width=\"300\" height=\"200\" \/><\/a> <a href=\"http:\/\/vinkovackejeseni.hr\/wp-content\/uploads\/2019\/09\/IMG_2447.jpg\"><img loading=\"lazy\" decoding=\"async\" class=\"alignnone wp-image-3178 size-medium\" src=\"http:\/\/vinkovackejeseni.hr\/wp-content\/uploads\/2019\/09\/IMG_2447-300x200.jpg\" alt=\"\" width=\"300\" height=\"200\" \/><\/a><\/p>","protected":false},"excerpt":{"rendered":"<p>U Vinkovcima je\u00a0odr\u017ean\u00a0Sve\u010dani mimohod\u00a0\u2013 najposje\u0107enija i najspektakularnija priredba\u00a054. Vinkova\u010dkih jeseni, koju je i ove\u00a0godine du\u017e gradskih ulica i trgova pratilo nekoliko desetaka tisu\u0107a posjetitelja.\u00a0 Sa sredi\u0161nje pozornice na Trgu bana Josipa \u0160ok\u010devi\u0107a u nazo\u010dnosti vinkova\u010dkog gradona\u010delnika\u00a0Ivana Bosan\u010di\u0107a\u00a0i vukovarsko-srijemskog \u017eupana\u00a0Bo\u017ee Gali\u0107a,\u00a0 mimohod su pratili i izaslanik predsjednice Republike Hrvatske, Luka Burilovi\u0107, predsjednik Hrvatske gospodarske komore, izaslanik [&hellip;]<\/p>","protected":false},"author":5,"featured_media":3183,"comment_status":"closed","ping_status":"closed","sticky":false,"template":"","format":"standard","meta":{"_et_pb_use_builder":"","_et_pb_old_content":"","_et_gb_content_width":"","footnotes":""},"categories":[82,30,6],"tags":[],"class_list":["post-3176","post","type-post","status-publish","format-standard","has-post-thumbnail","hentry","category-82","category-naslovna","category-vijesti"],"_links":{"self":[{"href":"https:\/\/vinkovackejeseni.hr\/en\/wp-json\/wp\/v2\/posts\/3176","targetHints":{"allow":["GET"]}}],"collection":[{"href":"https:\/\/vinkovackejeseni.hr\/en\/wp-json\/wp\/v2\/posts"}],"about":[{"href":"https:\/\/vinkovackejeseni.hr\/en\/wp-json\/wp\/v2\/types\/post"}],"author":[{"embeddable":true,"href":"https:\/\/vinkovackejeseni.hr\/en\/wp-json\/wp\/v2\/users\/5"}],"replies":[{"embeddable":true,"href":"https:\/\/vinkovackejeseni.hr\/en\/wp-json\/wp\/v2\/comments?post=3176"}],"version-history":[{"count":0,"href":"https:\/\/vinkovackejeseni.hr\/en\/wp-json\/wp\/v2\/posts\/3176\/revisions"}],"wp:featuredmedia":[{"embeddable":true,"href":"https:\/\/vinkovackejeseni.hr\/en\/wp-json\/wp\/v2\/media\/3183"}],"wp:attachment":[{"href":"https:\/\/vinkovackejeseni.hr\/en\/wp-json\/wp\/v2\/media?parent=3176"}],"wp:term":[{"taxonomy":"category","embeddable":true,"href":"https:\/\/vinkovackejeseni.hr\/en\/wp-json\/wp\/v2\/categories?post=3176"},{"taxonomy":"post_tag","embeddable":true,"href":"https:\/\/vinkovackejeseni.hr\/en\/wp-json\/wp\/v2\/tags?post=3176"}],"curies":[{"name":"wp","href":"https:\/\/api.w.org\/{rel}","templated":true}]}}