{"id":3172,"date":"2019-09-21T16:35:17","date_gmt":"2019-09-21T14:35:17","guid":{"rendered":"http:\/\/vinkovackejeseni.hr\/?p=3172"},"modified":"2019-09-21T16:35:17","modified_gmt":"2019-09-21T14:35:17","slug":"svecano-otvorene-54-vinkovacke-jeseni","status":"publish","type":"post","link":"https:\/\/vinkovackejeseni.hr\/en\/svecano-otvorene-54-vinkovacke-jeseni\/","title":{"rendered":"Sve\u010dano otvorene 54. Vinkova\u010dke jeseni"},"content":{"rendered":"<p align=\"JUSTIFY\"><strong>Petak je najva\u017eniji dan svakih Vinkova\u010dkih jeseni, pa tako i ovogodi\u0161njih, 54. po redu. U 20 sati sino\u0107 je tako na velikoj pozornici u pje\u0161a\u010dkoj zoni odr\u017ean program sve\u010danosti otvaranja u kojemu je sudjelovalo niz profesionalnih i amaterskih glumaca te folklora\u0161a i tambura\u0161kih sastava.<\/strong><\/p>\n<p align=\"JUSTIFY\">Pred Vinkov\u010danima i brojnim gostima po\u010dele su sredi\u0161nje priredbe 54. Vinkova\u010dkih jeseni. Kroz tri dana slijedi rasko\u0161an glavni tradicijski program koji svoj vrhunac ima u veli\u010danstvenom nedjeljnom sve\u010danom Mimohodu 54. Vinkova\u010dkih jeseni i Reviji konjanika i konjskih zaprega. Sino\u0107 je u centru grada odr\u017eano sve\u010dano otvorenje Vinkova\u010dkih jeseni uz prijenos na prvom programu Hrvatske televizije. Sve\u010danosti u Vinkovcima, me\u0111u brojnim gostima, nazo\u010dio je i predsjednik Vlade Republike Hrvatske Andrej Plenkovi\u0107.<\/p>\n<p align=\"JUSTIFY\"><strong>\u201cDrage Vinkov\u010dani i Vinkov\u010danke, meni je zadovoljstvo jo\u0161 jednom biti s vama povodom Vinkova\u010dkih jeseni, ove prekrasne manifestacije na kojoj svi zajedno, zahvaljuju\u0107i va\u0161em trudu i va\u0161oj predanosti, mo\u017eemo u\u017eivati u hrvatskoj tradicijskoj kulturi, na\u0161im obi\u010dajima, na\u0161em folkloru, na\u0161em identitetu. Identitetu na istoku Hrvatske gdje Slavonija, Baranja i Srijem zna\u010de simboliku privr\u017eenosti domovini, ljepoti onoga \u0161to nas povezuje i zaista jednom ogromnom sadr\u017eaju i bogatstvu hrvatske kulture. Drago mi je da smo kao Vlada jo\u0161 jednom podr\u017eali Vinkova\u010dke jeseni, to \u0107emo \u010diniti i u budu\u0107nosti, a gradona\u010delni\u010de Vama \u010destitam da su ove tri drage rije\u010di ujedno i ono \u0161to sadr\u017ei nas projekt Slavonija, Baranja i Srijem koji protekle tri godine pridonosi razvoju istoka Hrvatske. Progla\u0161avam 54. Vinkova\u010dke jeseni otvorenima\u201d,<\/strong>\u00a0rekao je Andrej Plenkovi\u0107.<\/p>\n<p align=\"JUSTIFY\">Gradona\u010delnik Ivan Bosan\u010di\u0107 svima je za\u017eelio dobrodo\u0161licu na 54. Vinkova\u010dke jeseni koje iz godine u godinu u mjesecu rujnu grad Vinkovce isti\u010du kao centar tradicijske kulture i tako ve\u0107 54 godine.<\/p>\n<p align=\"JUSTIFY\"><strong>\u201cTri nam drage rije\u010di \u2013 Slavonija, Srijem i Baranja kao ovogodi\u0161nja tema najbolje ocrtava poruku koju \u017eelimo odaslati, a to je poruka zajedni\u0161tva hrvatskog naroda. Vinkova\u010dki Trg bana \u0160ok\u010devi\u0107a u nedjelju \u0107e pokazati sva bogatstva hrvatske tradicijske kulture od Dubrovnika do Iloka, pa sve do dijaspore. Dragi gosti i svi vi koji di\u0161ete hrvatski davno nam je upu\u0107ena jedna re\u010denica \u2013 ne dozvolite da netko od vi\u0161e od vas voli Hrvatsku. Cijenjeni gosti, po\u0161tovani Vinkov\u010dani i Vinkov\u010danke i svi vi koji nas pratite preko malih ekrana, sve vas srda\u010dno pozdravljam uz \u017eelje da u\u017eivate u svoj rasko\u0161i i ljepoti hrvatskog folklor\u201d<\/strong>, rekao je gradona\u010delnik Ivan Bosan\u010di\u0107.<\/p>\n<p align=\"JUSTIFY\"><strong>\u201cI\u0161la sam putem osnutka, razvoja i ozna\u010davanja Vinkova\u010dkih jeseni i njihova zna\u010daja za ovaj kraj, a u kona\u010dnici tema sve\u010danosti otvorenja je \u201cTri nam drage rije\u010di\u201d pri \u010demu mislim na Slavoniju, Srijem i Baranju<\/strong>\u201d, istaknula je scenaristica priredbe Ana Cveni\u0107 najavljuju\u0107i ovogodi\u0161nju sve\u010danost.<\/p>\n<p align=\"JUSTIFY\">Prije samog otvorenja 54. Vinkova\u010dkih jeseni sve\u010dano je obilje\u017een zavr\u0161etak Projekta izgradnje Isto\u010dne zaobilaznice grada Vinkovaca. Tranzitni promet sada mo\u017ee u cijelosti biti izmje\u0161ten s gradskih prometnica \u0107e \u017eivot gra\u0111ana biti ugodniji i sigurnij za njihovu djecu. Nakon otvaranja na pozornici u sredi\u0161tu grada odr\u017eana je Etno revija u organizaciji Kulturnog centra \u201cGatalinka\u201d Vinkovci, u \u0161atoru Vinkova\u010dkih jeseni koncert Tambura\u0161a za du\u0161u, a u \u0161umi na Kunjevcima sino\u0107 su odr\u017eani i nadaleko poznati \u0160oka\u010dki divani.<\/p>","protected":false},"excerpt":{"rendered":"<p>Petak je najva\u017eniji dan svakih Vinkova\u010dkih jeseni, pa tako i ovogodi\u0161njih, 54. po redu. U 20 sati sino\u0107 je tako na velikoj pozornici u pje\u0161a\u010dkoj zoni odr\u017ean program sve\u010danosti otvaranja u kojemu je sudjelovalo niz profesionalnih i amaterskih glumaca te folklora\u0161a i tambura\u0161kih sastava. Pred Vinkov\u010danima i brojnim gostima po\u010dele su sredi\u0161nje priredbe 54. Vinkova\u010dkih [&hellip;]<\/p>","protected":false},"author":5,"featured_media":3173,"comment_status":"closed","ping_status":"closed","sticky":false,"template":"","format":"standard","meta":{"_et_pb_use_builder":"","_et_pb_old_content":"","_et_gb_content_width":"","footnotes":""},"categories":[82,30,6],"tags":[],"class_list":["post-3172","post","type-post","status-publish","format-standard","has-post-thumbnail","hentry","category-82","category-naslovna","category-vijesti"],"_links":{"self":[{"href":"https:\/\/vinkovackejeseni.hr\/en\/wp-json\/wp\/v2\/posts\/3172","targetHints":{"allow":["GET"]}}],"collection":[{"href":"https:\/\/vinkovackejeseni.hr\/en\/wp-json\/wp\/v2\/posts"}],"about":[{"href":"https:\/\/vinkovackejeseni.hr\/en\/wp-json\/wp\/v2\/types\/post"}],"author":[{"embeddable":true,"href":"https:\/\/vinkovackejeseni.hr\/en\/wp-json\/wp\/v2\/users\/5"}],"replies":[{"embeddable":true,"href":"https:\/\/vinkovackejeseni.hr\/en\/wp-json\/wp\/v2\/comments?post=3172"}],"version-history":[{"count":0,"href":"https:\/\/vinkovackejeseni.hr\/en\/wp-json\/wp\/v2\/posts\/3172\/revisions"}],"wp:featuredmedia":[{"embeddable":true,"href":"https:\/\/vinkovackejeseni.hr\/en\/wp-json\/wp\/v2\/media\/3173"}],"wp:attachment":[{"href":"https:\/\/vinkovackejeseni.hr\/en\/wp-json\/wp\/v2\/media?parent=3172"}],"wp:term":[{"taxonomy":"category","embeddable":true,"href":"https:\/\/vinkovackejeseni.hr\/en\/wp-json\/wp\/v2\/categories?post=3172"},{"taxonomy":"post_tag","embeddable":true,"href":"https:\/\/vinkovackejeseni.hr\/en\/wp-json\/wp\/v2\/tags?post=3172"}],"curies":[{"name":"wp","href":"https:\/\/api.w.org\/{rel}","templated":true}]}}