{"id":3164,"date":"2019-09-20T11:06:17","date_gmt":"2019-09-20T09:06:17","guid":{"rendered":"http:\/\/vinkovackejeseni.hr\/?p=3164"},"modified":"2019-09-20T11:06:17","modified_gmt":"2019-09-20T09:06:17","slug":"tri-nam-drage-rijeci-slavonija-srijem-i-baranja","status":"publish","type":"post","link":"https:\/\/vinkovackejeseni.hr\/en\/tri-nam-drage-rijeci-slavonija-srijem-i-baranja\/","title":{"rendered":"Tri nam drage rije\u010di &#8211; Slavonija, Srijem i Baranja"},"content":{"rendered":"<p>Pred Vinkov\u010danima i brojnim gostima koji ovih dana dolaze u grad sredi\u0161nje su priredbe 54. Vinkova\u010dkih jeseni. Jeseni su kroz Folklorne ve\u010deri, koncerte zabavne glazbe, Slavonski sokak sa Sajmom tradicijskog obrtni\u0161tva i rukotvorstva te brojne druge sadr\u017eaje za\u017eivjele jo\u0161 pro\u0161li petak i u Vinkovce donijele ono svoje posebno ozra\u010dje, a sada kroz tri dana slijedi rasko\u0161an glavni tradicijski program koji svoj vrhunac ima u veli\u010danstvenom nedjeljnom sve\u010danom Mimohodu 54. Vinkova\u010dkih jeseni i Reviji konjanika i konjskih zaprega.<\/p>\n<p>Dana je na programu sve\u010danost otvaranja ovogodi\u0161njih. Program, u kojemu sudjeluju niz profesionalnih i amaterskih glumaca te folklora\u0161a i tambura\u0161kih sastava po\u010dinje u 20 sati uz prijenos na prvom programu Hrvatske televizije.<\/p>\n<p><strong>\u201cI\u0161la sam putem osnutka, razvoja i ozna\u010davanja Vinkova\u010dkih jeseni i njihova zna\u010daja za ovaj kraj, a u kona\u010dnici tema sve\u010danosti otvorenja je \u201cTri nam drage rije\u010di\u201d pri \u010demu mislim na Slavoniju, Srijem i Baranju\u201d,<\/strong> istaknula je scenaristica priredbe Ana Cveni\u0107 najavljuju\u0107i ovogodi\u0161nju sve\u010danost.<\/p>\n<p>Ve\u010dera\u0161njoj sve\u010danosti u Vinkovcima, me\u0111u brojnim gostima, nazo\u010dit \u0107e i predsjednik Vlade Republike Hrvatske Andrej Plenkovi\u0107. Prije toga premijer Plenkovi\u0107 i gradona\u010delnik Vinkovaca Ivan Bosan\u010di\u0107, sve\u010dano \u0107e pustiti u promet Isto\u010dnu obilaznicu grada Vinkovaca, projekt vrijedan 120 milijuna kuna.<\/p>\n<p>Nakon sve\u010danosti otvaranja Vinkova\u010dkih jeseni na pozornici u sredi\u0161tu grada uslijedit \u0107e Etno revija u organizaciji Kulturnog centra \u201cGatalinka\u201d Vinkovci, s po\u010detkom u 21,30 sati, a u \u0161atoru Vinkova\u010dkih jeseni u 22,30 sati po\u010det \u0107e koncert Tambura\u0161a za du\u0161u. Na sala\u0161u Tena poduze\u0107a Boso ve\u010deras \u0107e biti odr\u017eani i nadaleko poznati \u0160oka\u010dki divani, a svi Vinkov\u010dani i njihovi gosti i danas mogu u\u017eivati u ponudi Slavonskoga sokaka i Vinskoga grada.<\/p>","protected":false},"excerpt":{"rendered":"<p>Pred Vinkov\u010danima i brojnim gostima koji ovih dana dolaze u grad sredi\u0161nje su priredbe 54. Vinkova\u010dkih jeseni. Jeseni su kroz Folklorne ve\u010deri, koncerte zabavne glazbe, Slavonski sokak sa Sajmom tradicijskog obrtni\u0161tva i rukotvorstva te brojne druge sadr\u017eaje za\u017eivjele jo\u0161 pro\u0161li petak i u Vinkovce donijele ono svoje posebno ozra\u010dje, a sada kroz tri dana slijedi [&hellip;]<\/p>","protected":false},"author":5,"featured_media":3165,"comment_status":"closed","ping_status":"closed","sticky":false,"template":"","format":"standard","meta":{"_et_pb_use_builder":"","_et_pb_old_content":"","_et_gb_content_width":"","footnotes":""},"categories":[82,34,30,6],"tags":[],"class_list":["post-3164","post","type-post","status-publish","format-standard","has-post-thumbnail","hentry","category-82","category-najave","category-naslovna","category-vijesti"],"_links":{"self":[{"href":"https:\/\/vinkovackejeseni.hr\/en\/wp-json\/wp\/v2\/posts\/3164","targetHints":{"allow":["GET"]}}],"collection":[{"href":"https:\/\/vinkovackejeseni.hr\/en\/wp-json\/wp\/v2\/posts"}],"about":[{"href":"https:\/\/vinkovackejeseni.hr\/en\/wp-json\/wp\/v2\/types\/post"}],"author":[{"embeddable":true,"href":"https:\/\/vinkovackejeseni.hr\/en\/wp-json\/wp\/v2\/users\/5"}],"replies":[{"embeddable":true,"href":"https:\/\/vinkovackejeseni.hr\/en\/wp-json\/wp\/v2\/comments?post=3164"}],"version-history":[{"count":0,"href":"https:\/\/vinkovackejeseni.hr\/en\/wp-json\/wp\/v2\/posts\/3164\/revisions"}],"wp:featuredmedia":[{"embeddable":true,"href":"https:\/\/vinkovackejeseni.hr\/en\/wp-json\/wp\/v2\/media\/3165"}],"wp:attachment":[{"href":"https:\/\/vinkovackejeseni.hr\/en\/wp-json\/wp\/v2\/media?parent=3164"}],"wp:term":[{"taxonomy":"category","embeddable":true,"href":"https:\/\/vinkovackejeseni.hr\/en\/wp-json\/wp\/v2\/categories?post=3164"},{"taxonomy":"post_tag","embeddable":true,"href":"https:\/\/vinkovackejeseni.hr\/en\/wp-json\/wp\/v2\/tags?post=3164"}],"curies":[{"name":"wp","href":"https:\/\/api.w.org\/{rel}","templated":true}]}}