{"id":3136,"date":"2019-09-15T12:00:17","date_gmt":"2019-09-15T10:00:17","guid":{"rendered":"http:\/\/vinkovackejeseni.hr\/?p=3136"},"modified":"2019-09-15T12:00:17","modified_gmt":"2019-09-15T10:00:17","slug":"vise-od-3000-malih-folklorasa-vinkovcima-pronijeli-ljepotu-tradicije-i-veliko-veselje","status":"publish","type":"post","link":"https:\/\/vinkovackejeseni.hr\/en\/vise-od-3000-malih-folklorasa-vinkovcima-pronijeli-ljepotu-tradicije-i-veliko-veselje\/","title":{"rendered":"Vi\u0161e od 3000 malih folklora\u0161a Vinkovcima pronijeli ljepotu tradicije i veliko veselje"},"content":{"rendered":"<p>Ulicama Vinkovaca danas je pred brojnim posjetiteljima pro\u0161ao sve\u010dani mimohod dje\u010djih folklornih skupina u okviru Dje\u010djih vinkova\u010dkih jeseni ovogodi\u0161njih 54. Vinkova\u010dkih jeseni. Me\u0111u brojnim gledateljima ove godine, prvi put na Dje\u010djim jesenima bila je i predsjednica Republike Hrvatske Kolinda Grabar Kitarovi\u0107, visoka pokroviteljica 54. Vinkova\u010dkih jeseni, koja ovom prilikom gradona\u010delniku Vinkovaca Ivanu Bosan\u010di\u0107u uru\u010dila Povelju Republike Hrvatske za manifestaciju Vinkova\u010dke jeseni.<\/p>\n<p><strong>\u201cPrekrasno je biti danas u Vinkovcima, a posebno pozdravljam djecu i mlade koji \u0107e sudjelovati u Dje\u010djim vinkova\u010dkim jesenima\u201d<\/strong>, istaknula je predsjednica Kolinda Grabar Kitarovi\u0107 kazav\u0161i kako \u0107e s posebnom pozorno\u0161\u0107u pratiti ono \u0161to imaju pokazati mladi \u010duvari tradicije i kulture <strong>\u201cTradicije koja se njegovala kroz sve ove godine, kroz pjesmu, ples i ruvo koje ste odjenuli, a koje su radile tijekom dugih jesenskih i zimskih ve\u010deri ruke koje su bile umorne od rada na poljima, ali nisu odustajale od svoje tradicije. Zahvalna sam svima koji \u010duvaju ovu tradiciju, posebno Organizacijskom odboru Vinkova\u010dkih jeseni, ali i svim sudionicima i zato s posebno \u010da\u0161\u0107u danas Vinkova\u010dkim jesenima predajem Povelju Republike Hrvatske za o\u010duvanje tradicije, kulture i narodnog bogatstva\u201d<\/strong>, istaknula je predsjednica Kolinda Grabar Kitarovi\u0107.<\/p>\n<p>&nbsp;<\/p>\n<p><a href=\"http:\/\/vinkovackejeseni.hr\/wp-content\/uploads\/2019\/09\/70121785_2635748853103531_8388160846659846144_o.jpg\"><img loading=\"lazy\" decoding=\"async\" class=\"alignnone wp-image-3137 size-full\" src=\"http:\/\/vinkovackejeseni.hr\/wp-content\/uploads\/2019\/09\/70121785_2635748853103531_8388160846659846144_o.jpg\" alt=\"\" width=\"1024\" height=\"576\" \/><\/a><\/p>\n<p>A svi koji su pratili \u201cmali\u201d mimohod, koji se ve\u0107 odavno ne razlikuje od \u201cvelikog\u201d, osim \u0161to su sudionici rastom manji i po dobi mla\u0111i, mogli su jedino ostati zadivljeni onim \u0161to se danas vidjelo i \u010dulo i sredi\u0161tu Vinkovaca od pje\u0161a\u010dke zone pa Trgom bana \u0160ok\u010devi\u0107a, Dugom ulicom preko Trga Franje Tu\u0111mana, kroz Slavonski sokak do \u0161atora Vinkova\u010dkih jeseni. Vi\u0161e od 3000 malih folklora\u0161a, najvi\u0161e iz Vukovarsko-srijemske \u017eupanije, ali i oni pristigli iz cijele Hrvatske te gosti iz Bosne i Hercegovine, gradom su pronijeli ljepotu tradicije i veliko veselje. Vi\u0161e od 60 folklornih skupina predvo\u0111eni konjanicima, ma\u017eoretkinjama i limenom glazbom, pokazali su kako se od djetinjstva i mladih dana voli i \u010duva tradicijsko blago. A tome su u velikoj su mjeri pridonijele upravo Dje\u010dje vinkova\u010dke jeseni.<\/p>\n<p>Zato treba i podsjetiti kako se Dje\u010dje vinkova\u010dke jeseni odr\u017eavaju od davne 1970. godine. Pokrenute su samo \u010detiri godine nakon odr\u017eavanja prvih Vinkova\u010dkih jeseni i jedna su od najstarijih i temeljnih priredbi na ovoj manifestaciji. Na po\u010detku poznate kao Male jeseni, u godinama koje slijede mijenjaju naziv u dana\u0161nji: Dje\u010dje vinkova\u010dke jeseni. Koncept Dje\u010djih jeseni prvih je godina u manjem dijelu obuhva\u0107ao dje\u010dji folklor i sadr\u017eajno se vi\u0161e oslanjao na dje\u010dja kazali\u0161ta, lutkarske predstave, glazbene radionice, susrete s piscima za djecu i sli\u010dno. To se vidljivo mijenja u posljednjih dvadeset godina, kada Dje\u010dje vinkova\u010dke jeseni preuzimaju oblik kakav poznajemo danas. Danas segment folklora dominira Dje\u010djim vinkova\u010dkim jesenima, a to stavljanje folklora u prvi plan potaknulo je osnivanje zna\u010dajnog broja dje\u010djih folklornih skupina u Vukovarsko-srijemskoj \u017eupaniji, ali i \u0161ire. Kao \u0161to je to slu\u010daj i s Dr\u017eavnom smotrom hrvatskoga izvornog folklora na Vinkova\u010dkim jesenima, Dje\u010dje vinkova\u010dke jeseni izrastaju u pravi pozivni festival, a najkvalitetnije dje\u010dje skupine za nastup na Dje\u010djim jesenima odabiru se na \u017eupanijskim smotrama dje\u010djeg folklora.<\/p>\n<p>Sudionici Me\u0111u\u017eupanijske smotre folklora svoje su predstavljanje po\u010deli sino\u0107 prvim dijelom smotre, a nastavili su danas drugim dijelom smotre koja je u tijeku u \u0161atoru Vinkova\u010dkih jeseni. Ukupno na smotri sudjeluje 29 skupina, a Vukovarsko-srijemsku \u017eupaniju predstavlja KUD \u201cOgranak selja\u010dke sloge\u201d Drenovci.<\/p>\n<p>S najmla\u0111ima je i na ovim Jesenima dje\u010dji knji\u017eevnik, publicist i novinar Mladen Ku\u0161ec, a u 13 sati svima \u0107e se pridru\u017eiti Mia Dim\u0161i\u0107 koja \u0107e ove godine zabavljati mlade folklora\u0161e i posjetitelje Dje\u010djih Vinkova\u010dkih jeseni.<\/p>","protected":false},"excerpt":{"rendered":"<p>Ulicama Vinkovaca danas je pred brojnim posjetiteljima pro\u0161ao sve\u010dani mimohod dje\u010djih folklornih skupina u okviru Dje\u010djih vinkova\u010dkih jeseni ovogodi\u0161njih 54. Vinkova\u010dkih jeseni. Me\u0111u brojnim gledateljima ove godine, prvi put na Dje\u010djim jesenima bila je i predsjednica Republike Hrvatske Kolinda Grabar Kitarovi\u0107, visoka pokroviteljica 54. Vinkova\u010dkih jeseni, koja ovom prilikom gradona\u010delniku Vinkovaca Ivanu Bosan\u010di\u0107u uru\u010dila Povelju [&hellip;]<\/p>","protected":false},"author":5,"featured_media":3138,"comment_status":"closed","ping_status":"closed","sticky":false,"template":"","format":"standard","meta":{"_et_pb_use_builder":"","_et_pb_old_content":"","_et_gb_content_width":"","footnotes":""},"categories":[82,30,6],"tags":[],"class_list":["post-3136","post","type-post","status-publish","format-standard","has-post-thumbnail","hentry","category-82","category-naslovna","category-vijesti"],"_links":{"self":[{"href":"https:\/\/vinkovackejeseni.hr\/en\/wp-json\/wp\/v2\/posts\/3136","targetHints":{"allow":["GET"]}}],"collection":[{"href":"https:\/\/vinkovackejeseni.hr\/en\/wp-json\/wp\/v2\/posts"}],"about":[{"href":"https:\/\/vinkovackejeseni.hr\/en\/wp-json\/wp\/v2\/types\/post"}],"author":[{"embeddable":true,"href":"https:\/\/vinkovackejeseni.hr\/en\/wp-json\/wp\/v2\/users\/5"}],"replies":[{"embeddable":true,"href":"https:\/\/vinkovackejeseni.hr\/en\/wp-json\/wp\/v2\/comments?post=3136"}],"version-history":[{"count":0,"href":"https:\/\/vinkovackejeseni.hr\/en\/wp-json\/wp\/v2\/posts\/3136\/revisions"}],"wp:featuredmedia":[{"embeddable":true,"href":"https:\/\/vinkovackejeseni.hr\/en\/wp-json\/wp\/v2\/media\/3138"}],"wp:attachment":[{"href":"https:\/\/vinkovackejeseni.hr\/en\/wp-json\/wp\/v2\/media?parent=3136"}],"wp:term":[{"taxonomy":"category","embeddable":true,"href":"https:\/\/vinkovackejeseni.hr\/en\/wp-json\/wp\/v2\/categories?post=3136"},{"taxonomy":"post_tag","embeddable":true,"href":"https:\/\/vinkovackejeseni.hr\/en\/wp-json\/wp\/v2\/tags?post=3136"}],"curies":[{"name":"wp","href":"https:\/\/api.w.org\/{rel}","templated":true}]}}