{"id":3117,"date":"2019-09-06T11:37:06","date_gmt":"2019-09-06T09:37:06","guid":{"rendered":"http:\/\/vinkovackejeseni.hr\/?p=3117"},"modified":"2019-09-06T11:37:06","modified_gmt":"2019-09-06T09:37:06","slug":"zapocinju-radovi-na-izgradnji-slavonskog-sokaka-i-satora","status":"publish","type":"post","link":"https:\/\/vinkovackejeseni.hr\/en\/zapocinju-radovi-na-izgradnji-slavonskog-sokaka-i-satora\/","title":{"rendered":"Zapo\u010dinju radovi na izgradnji Slavonskog sokaka i \u0161atora"},"content":{"rendered":"<p>Veliki \u0161ator pod kojim \u0107e se odr\u017eavati brojne tradicijske manifestacije, ali i zabavni koncerti u Vinkovce sti\u017ee u subotu, zbog \u010dega \u0107e se prva zatvoriti parkirali\u0161ta pokraj Bosuta.<br \/>\nRadovi na izgradnji restorana u budu\u0107em Slavonskom sokaku ve\u0107 su zapo\u010deli, a intenzivirat \u0107e se u subotu 7. rujna za kada je najavljen po\u010detak radova na podizanju \u0161atora Vinkova\u010dkih jeseni.<br \/>\nSlavonski sokak odnosno Sajam tradicijskog obrtni\u0161tva i rukotvorstva sa svojih 20 velikih i malih ku\u0107ica, vi\u0161e od 30 \u0161tandova na kojima \u0107e se na\u0107i tradicijski i drugi proizvodi, malom pozornicom na kojoj \u0107e svakog dana svirati tambura\u0161i i odr\u017eati se jo\u0161 jedno me\u0111unarodno breakdance natjecanje, zatim pivnicom Buba bar, restoranom s bogatom gastronomskom ponudom i nizom drugih zanimljivih sadr\u017eaja, koji se oboga\u0107uju svake godine, otvorit \u0107e se ve\u0107 za tjedan dana. U isto vrijeme svoja \u0107e vrata otvoriti i veliki \u0161ator pokraj Sokaka u kojem \u0107e se odr\u017eati Folklorne ve\u010deri, Dje\u010dje vinkova\u010dke jeseni, Dr\u017eavna smotra folklora, ali i brojni koncerti, te modna revija. Dan prije po\u010detka manifestacije radovi \u0107e se premjestiti na Trg bana Josipa \u0160ok\u010devi\u0107a, odnosno u Dugu ulicu i Ulicu bana Jela\u010di\u0107a, gdje \u0107e zapo\u010deti radovi na pozornici i postavljanje Vinskog grada.<\/p>\n<p>Kao i svake godine pripreme za najve\u0107u tradicijsku manifestaciju zapo\u010det \u0107e na Trgu Vinkova\u010dkih jeseni i na Trgu dr. Franje Tu\u0111mana, odnosno na parkirali\u0161tu Hotela Slavonije. Promet za sva vozila zatvorit \u0107e se sutra, u subotu 7. rujna u 6 sati, a promet na navedenim trgovima bit \u0107e zatvoren do 26. rujna. Iako \u0107e prva dva dana parkirali\u0161te Hotela Slavonija povremeno izgledati prazno, brojni kamioni, \u0161leperi i radni strojevi do ponedjeljka ujutro radit \u0107e \u201epunom parom\u201c, kako bi se gra\u0111evinski radovi zavr\u0161ili do ponedjeljka ujutro, kada \u0107e Slavonski sokak po\u010deti poprimati svoj prepoznatljivi oblik.<\/p>\n<blockquote><p>od 7. rujna u 6:00 sati do 26. rujna 2019. u 17:00 sati &#8211; Trg Vinkova\u010dkih jeseni za postavljanje \u0161ator) za odr\u017eavanje priredbi u sklopu 54. &#8220;Vinkova\u010dkih jeseni&#8221;<\/p>\n<p>od 7. rujna u 6:00 sati do 26. rujna 2019. &#8211; Trg dr. Franje Tu\u0111mana za postavljanje i demonta\u017eu \u0161tandova Sajma tradicijskog obrtni\u0161tva i rukotvorstva (parkirali\u0161te ispred hotela Slavonija)<\/p>\n<p>od 12. rujna u 6:00 sati do 28. rujna 2019. u 17:00 sati za odr\u017eavanje priredbi u sklopu 54. Vinkova\u010dkih jeseni (postavljanje i demonta\u017ea centralne pozornice) zatvaranje ulice Duge od kri\u017eanja s H. D. Genschera do ulice bana Jela\u010di\u0107a kri\u017eanja s Istarskom.<\/p><\/blockquote>\n<p>&nbsp;<\/p>","protected":false},"excerpt":{"rendered":"<p>Veliki \u0161ator pod kojim \u0107e se odr\u017eavati brojne tradicijske manifestacije, ali i zabavni koncerti u Vinkovce sti\u017ee u subotu, zbog \u010dega \u0107e se prva zatvoriti parkirali\u0161ta pokraj Bosuta. Radovi na izgradnji restorana u budu\u0107em Slavonskom sokaku ve\u0107 su zapo\u010deli, a intenzivirat \u0107e se u subotu 7. rujna za kada je najavljen po\u010detak radova na podizanju [&hellip;]<\/p>","protected":false},"author":3,"featured_media":2877,"comment_status":"closed","ping_status":"closed","sticky":false,"template":"","format":"standard","meta":{"_et_pb_use_builder":"","_et_pb_old_content":"","_et_gb_content_width":"","footnotes":""},"categories":[82,34,30,6],"tags":[],"class_list":["post-3117","post","type-post","status-publish","format-standard","has-post-thumbnail","hentry","category-82","category-najave","category-naslovna","category-vijesti"],"_links":{"self":[{"href":"https:\/\/vinkovackejeseni.hr\/en\/wp-json\/wp\/v2\/posts\/3117","targetHints":{"allow":["GET"]}}],"collection":[{"href":"https:\/\/vinkovackejeseni.hr\/en\/wp-json\/wp\/v2\/posts"}],"about":[{"href":"https:\/\/vinkovackejeseni.hr\/en\/wp-json\/wp\/v2\/types\/post"}],"author":[{"embeddable":true,"href":"https:\/\/vinkovackejeseni.hr\/en\/wp-json\/wp\/v2\/users\/3"}],"replies":[{"embeddable":true,"href":"https:\/\/vinkovackejeseni.hr\/en\/wp-json\/wp\/v2\/comments?post=3117"}],"version-history":[{"count":0,"href":"https:\/\/vinkovackejeseni.hr\/en\/wp-json\/wp\/v2\/posts\/3117\/revisions"}],"wp:featuredmedia":[{"embeddable":true,"href":"https:\/\/vinkovackejeseni.hr\/en\/wp-json\/wp\/v2\/media\/2877"}],"wp:attachment":[{"href":"https:\/\/vinkovackejeseni.hr\/en\/wp-json\/wp\/v2\/media?parent=3117"}],"wp:term":[{"taxonomy":"category","embeddable":true,"href":"https:\/\/vinkovackejeseni.hr\/en\/wp-json\/wp\/v2\/categories?post=3117"},{"taxonomy":"post_tag","embeddable":true,"href":"https:\/\/vinkovackejeseni.hr\/en\/wp-json\/wp\/v2\/tags?post=3117"}],"curies":[{"name":"wp","href":"https:\/\/api.w.org\/{rel}","templated":true}]}}