{"id":3115,"date":"2019-09-01T11:34:54","date_gmt":"2019-09-01T09:34:54","guid":{"rendered":"http:\/\/vinkovackejeseni.hr\/?p=3115"},"modified":"2019-09-01T11:34:54","modified_gmt":"2019-09-01T09:34:54","slug":"na-folklornim-vecerima-skoro-50-kud-ova-iz-nase-zupanije","status":"publish","type":"post","link":"https:\/\/vinkovackejeseni.hr\/en\/na-folklornim-vecerima-skoro-50-kud-ova-iz-nase-zupanije\/","title":{"rendered":"Na Folklornim ve\u010derima skoro 50 KUD-ova iz na\u0161e \u017eupanije"},"content":{"rendered":"<p>Kao i svake tako \u0107e i ove godine Folklorne ve\u010deri bit \u0107e prva tradicijska manifestacija kojom \u0107e se neslu\u017ebeno otvoriti 54. Vinkova\u010dke jeseni<\/p>\n<p>Manifestacija, koja \u0107e okupiti oko 50 kulturno-umjetni\u010dkih dru\u0161tava iz cijele Vukovarsko-srijemske \u017eupanije. Folklorne ve\u010deri zapo\u010det \u0107e 13. i trajat \u0107e do 18. rujna, a ne\u0107e se odr\u017eati u subotu 14. rujna, zbog Me\u0111u\u017eupanijske smotre folklora dje\u010djih skupina. O deset najboljih kulturno-umjetni\u010dkih dru\u0161tava Smotre folklora Vukovarsko-srijemske \u017eupanije, u velikom \u0161atoru Vinkova\u010dkih jeseni, odlu\u010divat \u0107e prosudbena komisija, a izabrane skupine predstavljat \u0107e \u017dupaniju na smotrama folklora \u0161irom Hrvatske.<\/p>\n<p>Najbolja tri kulturno-umjetni\u010dka dru\u0161tva od pro\u0161le godine nastupit \u0107e na Dr\u017eavnoj smotri folkora 21. i 22. rujna.<\/p>\n<p>KUD-ovi za Dr\u017eavnu smotru:<br \/>\n1. KUD \u201eSlavko Jankovi\u0107\u201c \u0160i\u0161kovci (subota, 21.9.2019.)<br \/>\n2. KUD \u201eSelja\u010dka sloga\u201c Bogdanovci (nedjelja, 22.9.2019.)<br \/>\n3. GSKPD \u201eSelja\u010dka sloga\u201c Nu\u0161tar (nedjelja, 22.9.2019.)<\/p>\n<p>FOLKLORNE VE\u010cERI 2019.<br \/>\nod 13.9. do 18.9. 2019.<\/p>\n<p>Petak, 13. 9.2019. 18.30 h<br \/>\n1. KUD \u201eSlavko Jankovi\u0107\u201c Rokovci-Andrija\u0161evci<br \/>\n2. KUD \u201eOgranak selja\u010dke sloge\u201c Drenovci<br \/>\n3. KUD \u201eSlavko Ma\u0111er\u201c Ceri\u0107<br \/>\n4. KUD \u201eAdy Endre\u201c Koro\u0111<br \/>\n5. KUD \u201eGran\u010dica\u201d \u0110eletovci<br \/>\n6. KUD \u201eBranimir\u201c Bo\u0161njaci<br \/>\n7. KUD \u201eSava\u201c Rajevo selo<br \/>\n8. KUD \u201eRazigrana \u0161okadija\u201c Prkovci<br \/>\n9. KUD \u201eJankovci\u201c Stari Jankovci<\/p>\n<p>Nedjelja, 15.9.2019. 19.30 h<br \/>\n1. KUU \u201eTomislav\u201c \u017dupanja<br \/>\n2. KUD \u201eIvan Goran Kova\u010di\u0107\u201d Ivankovo<br \/>\n3. KUD \u201eTomislav\u201c Cerna<br \/>\n4. KUD \u201eSelja\u010dka sloga\u201d Stro\u0161inci<br \/>\n5. KUD \u201eLjudevit \u0160tur\u201c Ilok<br \/>\n6. KUD \u201eJosip Kozarac\u201c Posavski Podgajci<br \/>\n7. KC \u201e Klasje\u201c Privlaka<br \/>\n8. KUD \u201eMatija Gubec\u201c Ila\u010da<br \/>\n9. KUD \u201eMatija Gubec\u201c Sotin<br \/>\n10. KUD \u201eTkanica\u201c Vinkovci<\/p>\n<p>Ponedjeljak, 16.9.2019. 19.30 h<br \/>\n1. KUD \u201eAntun Gustav Mato\u0161\u201c Tovarnik<br \/>\n2. KUD \u201eMijat Stojanovi\u0107\u201c Babina Greda<br \/>\n3. KUD \u201eSamica\u201c Novi Jankovci<br \/>\n4. KUD \u201ePri DVD Nijemci\u201c Nijemci<br \/>\n5. KUD \u201eJoakim Hardi\u201c Petrovci<br \/>\n6. KUD \u201eEtno-golubica\u201d Vinkovci<br \/>\n7. KUD \u201eIvan Domac\u201c Privlaka<br \/>\n8. SKUS \u201eOndrej Pekar\u201d Soljani<br \/>\n9. KUD \u201e Kolo\u201d Vukovar<br \/>\n10. KUD \u201ePosavac\u201c Vrbanja<br \/>\n11. KUD \u201e\u0160okadija\u201d Stari Mikanovci<\/p>\n<p>Utorak, 17.9.2019. 19.30 h<br \/>\n1. KUD \u201eGrani\u010dari\u201c Gunja<br \/>\n2. KUD \u201eZrinski\u201d Tordinci<br \/>\n3. KUD \u201eJosip Kozarac\u201d \u0160titar<br \/>\n4. KUD \u201e\u0110enka\u201c \u0110uri\u0107i<br \/>\n5. KUD \u201eJosip Lovreti\u0107\u201d Otok<br \/>\n6. KUD \u201e\u0160okadija\u201d Lipovac<br \/>\n7. KUD \u201eTamburica\u201d Vinkovci<br \/>\n8. KUD \u201eSlavonija\u201c Soljani<br \/>\n9. KUD \u201ePetefi \u0160andor\u201d \u010cakovci<br \/>\n10. KUD \u201eLela i Vladimir Matanovi\u0107\u201c Antin<br \/>\n11. KUD \u201eSelja\u010dka sloga\u201d Gradi\u0161te<\/p>\n<p>Srijeda, 18.9.2019. 19.30 h<br \/>\n1. FS \u201eBuba-Mara\u201c Vinkovci<br \/>\n2. FA \u201eLisinski\u201d Vinkovci<br \/>\n3. KUD \u201eKristal-Sladorana\u201c \u017dupanja<br \/>\n4. KUD \u201e\u017dute dunje\u201c Vinkovci<br \/>\n5. KUD \u201eLjeskovac\u201c Vinkovci<br \/>\n6. KUD \u201e\u0160umari\u201c Vinkovci<\/p>","protected":false},"excerpt":{"rendered":"<p>Kao i svake tako \u0107e i ove godine Folklorne ve\u010deri bit \u0107e prva tradicijska manifestacija kojom \u0107e se neslu\u017ebeno otvoriti 54. Vinkova\u010dke jeseni Manifestacija, koja \u0107e okupiti oko 50 kulturno-umjetni\u010dkih dru\u0161tava iz cijele Vukovarsko-srijemske \u017eupanije. Folklorne ve\u010deri zapo\u010det \u0107e 13. i trajat \u0107e do 18. rujna, a ne\u0107e se odr\u017eati u subotu 14. rujna, zbog [&hellip;]<\/p>","protected":false},"author":3,"featured_media":2955,"comment_status":"closed","ping_status":"closed","sticky":false,"template":"","format":"standard","meta":{"_et_pb_use_builder":"","_et_pb_old_content":"","_et_gb_content_width":"","footnotes":""},"categories":[82,34,30,6],"tags":[],"class_list":["post-3115","post","type-post","status-publish","format-standard","has-post-thumbnail","hentry","category-82","category-najave","category-naslovna","category-vijesti"],"_links":{"self":[{"href":"https:\/\/vinkovackejeseni.hr\/en\/wp-json\/wp\/v2\/posts\/3115","targetHints":{"allow":["GET"]}}],"collection":[{"href":"https:\/\/vinkovackejeseni.hr\/en\/wp-json\/wp\/v2\/posts"}],"about":[{"href":"https:\/\/vinkovackejeseni.hr\/en\/wp-json\/wp\/v2\/types\/post"}],"author":[{"embeddable":true,"href":"https:\/\/vinkovackejeseni.hr\/en\/wp-json\/wp\/v2\/users\/3"}],"replies":[{"embeddable":true,"href":"https:\/\/vinkovackejeseni.hr\/en\/wp-json\/wp\/v2\/comments?post=3115"}],"version-history":[{"count":0,"href":"https:\/\/vinkovackejeseni.hr\/en\/wp-json\/wp\/v2\/posts\/3115\/revisions"}],"wp:featuredmedia":[{"embeddable":true,"href":"https:\/\/vinkovackejeseni.hr\/en\/wp-json\/wp\/v2\/media\/2955"}],"wp:attachment":[{"href":"https:\/\/vinkovackejeseni.hr\/en\/wp-json\/wp\/v2\/media?parent=3115"}],"wp:term":[{"taxonomy":"category","embeddable":true,"href":"https:\/\/vinkovackejeseni.hr\/en\/wp-json\/wp\/v2\/categories?post=3115"},{"taxonomy":"post_tag","embeddable":true,"href":"https:\/\/vinkovackejeseni.hr\/en\/wp-json\/wp\/v2\/tags?post=3115"}],"curies":[{"name":"wp","href":"https:\/\/api.w.org\/{rel}","templated":true}]}}