{"id":3110,"date":"2019-08-23T17:40:55","date_gmt":"2019-08-23T15:40:55","guid":{"rendered":"http:\/\/vinkovackejeseni.hr\/?p=3110"},"modified":"2019-08-23T17:40:55","modified_gmt":"2019-08-23T15:40:55","slug":"54-vinkovacke-jeseni-okupit-ce-vise-od-osam-tisuca-sudionika","status":"publish","type":"post","link":"https:\/\/vinkovackejeseni.hr\/en\/54-vinkovacke-jeseni-okupit-ce-vise-od-osam-tisuca-sudionika\/","title":{"rendered":"54. Vinkova\u010dke jeseni okupit \u0107e vi\u0161e od osam tisu\u0107a sudionika"},"content":{"rendered":"<p>Vinkova\u010dke jeseni su najve\u0107a kulturna manifestacija u regiji i one prikazuju ljepotu koja proizlazi iz du\u0161e slavonskog \u010dovjeka. Nema Vinkova\u010dkih jeseni bez \u0161oka\u010dkog kola &#8211; tradicijskog plesa koje je uvr\u0161teno na listu nematerijalne kulturne ba\u0161tine Republike Hrvatske.<\/p>\n<blockquote><p>Najve\u0107a kulturna manifestacija u regiji, \u010duvarica i slikarica izvornoga na\u010dina \u017eivota upu\u0107uje i na neistra\u017eene pravce i mogu\u0107nosti u budu\u0107nosti<\/p><\/blockquote>\n<p>Ovogodi\u0161nje 54. Vinkova\u010dke jeseni odr\u017eat \u0107e se od 13. do 22. rujna, a u desetodnevnom prete\u017eno folklornom, no i zabavnom i drugom programu nastupit \u0107e oko 8000 sudionika, najavio je na ju\u010dera\u0161njoj konferenciji za medije vinkova\u010dki gradona\u010delnik i predsjednik Organizacijskog odbora Ivan Bosan\u010di\u0107.<\/p>\n<p><strong>&#8220;Pozivam sve koji vole tradicijsku kulturu da tih dana do\u0111u u Vinkovce i svjedo\u010de bogatstvu hrvatskoga folklornoga naslije\u0111a.&#8221;<\/strong>, rekao je gradona\u010delnik Bosan\u010di\u0107 te izrazio o\u010dekivanja da \u0107e ovogodi\u0161nja manifestacija biti najposje\u0107enija do sada.<\/p>\n<p>Zahvalio je sponzorima bez kojih priredba ne bi bilo ovako sadr\u017eajna i bogata, a posebnu zahvalu je uputio hrvatskoj predsjednici Kolindi Grabar Kitarovi\u0107 \u0161to je i ove godine prihvatila pokroviteljstvo.<\/p>\n<p>Tajnik Organizacijskog odbora Stjepan \u0110urkovi\u0107 rekao je da Vinkova\u010dke jeseni i ove godine otvaraju Folklorne ve\u010deri, a od 13. do 18. rujna na toj \u0107e priredbi nastupiti vi\u0161e od 50 KUD-ova s podru\u010dja Vukovarsko-srijemske \u017eupanije pri \u010demu njihove nastupe prati stru\u010dni \u017eiri i odabire deset najboljih. Dje\u010dje vinkova\u010dke jeseni odr\u017eat \u0107e se 14. i 15. rujna, a u sve\u010danom mimohodu prodefilirat \u0107e preko 60 dje\u010djih folklornih skupina s oko 2500 najmla\u0111ih njegovatelja tradicijske kulture. Sve\u010dano otvorenje 54. Vinkova\u010dkih jeseni odr\u017eat \u0107e se 20. rujna pod geslom &#8220;Tri nam drage rije\u010di&#8221; (Slavonija, Baranja i Srijem), a u programu otvorenja sudjelovat \u0107e niz profesionalnih i amaterskih glumaca kao i \u010dlanova folklornih skupina, KUD-ova i tambura\u0161kih sastava. Dr\u017eavna smotra izvornog hrvatskog folklora s nastupom 30 KUD-ova iz cijele Hrvatske odr\u017eat \u0107e se 21. i 22. rujna. Najspektakularnija priredba uslijediti \u0107e posljednjega dana kada \u0107e ulicama grada u sve\u010danom mimohodu sudionika i reviji konjskih zaprega pro\u0107i i predstaviti se 75 KUD-ova i folklornih skupina iz zemlje i dijaspore, 30 konjskih zaprega i oko 50 jaha\u010da, odnosno gotovo 4500 sudionika mimohoda.<\/p>\n<p>Predvi\u0111eno je i niz drugih priredbi i zabavnih programa od Urbanih jeseni, namijenjenih mla\u0111oj populaciji, preko koncerata, \u017deljka Bebeka, Tomislava Brali\u0107a i klape Intrade, Massima, Dra\u017eena Ze\u010di\u0107a, Jelene Rozge, Maje \u0160uput, Ivana Zaka i brojnih tambura\u0161kih sastava. Tako\u0111er \u0107e se predstaviti proizvo\u0111a\u010di tradicijskih gastronomskih i drugih proizvoda, obrtnici, rukotvorci i vinari. Na kraju se gradona\u010delnik Ivan Bosan\u010di\u0107 zahvalio medijima na potpori i \u0161to Vinkova\u010dke jeseni koje nemaju konkurenciju me\u0111u manifestacijama na kontinentu, prikazuju onakvima kakvima i jesu, dodav\u0161i kako \u0107e svi zainteresirani od ove godine osim na dru\u0161tvenim mre\u017eama, web stranicama Grada Vinkovaca i Vinkova\u010dkih jeseni o doga\u0111anjima koji \u0107e se ove godine odr\u017eavati u sklopu na\u0161e najzna\u010dajnije manifestacije mo\u0107i pratiti po prvi put i putem QR koda.<\/p>","protected":false},"excerpt":{"rendered":"<p>Vinkova\u010dke jeseni su najve\u0107a kulturna manifestacija u regiji i one prikazuju ljepotu koja proizlazi iz du\u0161e slavonskog \u010dovjeka. Nema Vinkova\u010dkih jeseni bez \u0161oka\u010dkog kola &#8211; tradicijskog plesa koje je uvr\u0161teno na listu nematerijalne kulturne ba\u0161tine Republike Hrvatske. Najve\u0107a kulturna manifestacija u regiji, \u010duvarica i slikarica izvornoga na\u010dina \u017eivota upu\u0107uje i na neistra\u017eene pravce i mogu\u0107nosti [&hellip;]<\/p>","protected":false},"author":3,"featured_media":3111,"comment_status":"closed","ping_status":"closed","sticky":false,"template":"","format":"standard","meta":{"_et_pb_use_builder":"","_et_pb_old_content":"","_et_gb_content_width":"","footnotes":""},"categories":[82,6],"tags":[],"class_list":["post-3110","post","type-post","status-publish","format-standard","has-post-thumbnail","hentry","category-82","category-vijesti"],"_links":{"self":[{"href":"https:\/\/vinkovackejeseni.hr\/en\/wp-json\/wp\/v2\/posts\/3110","targetHints":{"allow":["GET"]}}],"collection":[{"href":"https:\/\/vinkovackejeseni.hr\/en\/wp-json\/wp\/v2\/posts"}],"about":[{"href":"https:\/\/vinkovackejeseni.hr\/en\/wp-json\/wp\/v2\/types\/post"}],"author":[{"embeddable":true,"href":"https:\/\/vinkovackejeseni.hr\/en\/wp-json\/wp\/v2\/users\/3"}],"replies":[{"embeddable":true,"href":"https:\/\/vinkovackejeseni.hr\/en\/wp-json\/wp\/v2\/comments?post=3110"}],"version-history":[{"count":0,"href":"https:\/\/vinkovackejeseni.hr\/en\/wp-json\/wp\/v2\/posts\/3110\/revisions"}],"wp:featuredmedia":[{"embeddable":true,"href":"https:\/\/vinkovackejeseni.hr\/en\/wp-json\/wp\/v2\/media\/3111"}],"wp:attachment":[{"href":"https:\/\/vinkovackejeseni.hr\/en\/wp-json\/wp\/v2\/media?parent=3110"}],"wp:term":[{"taxonomy":"category","embeddable":true,"href":"https:\/\/vinkovackejeseni.hr\/en\/wp-json\/wp\/v2\/categories?post=3110"},{"taxonomy":"post_tag","embeddable":true,"href":"https:\/\/vinkovackejeseni.hr\/en\/wp-json\/wp\/v2\/tags?post=3110"}],"curies":[{"name":"wp","href":"https:\/\/api.w.org\/{rel}","templated":true}]}}