{"id":3067,"date":"2019-08-09T13:20:29","date_gmt":"2019-08-09T11:20:29","guid":{"rendered":"http:\/\/vinkovackejeseni.hr\/?p=3067"},"modified":"2019-08-09T13:20:29","modified_gmt":"2019-08-09T11:20:29","slug":"vinkovacke-jeseni-pozornica-izvornog-hrvatskog-folklora","status":"publish","type":"post","link":"https:\/\/vinkovackejeseni.hr\/en\/vinkovacke-jeseni-pozornica-izvornog-hrvatskog-folklora\/","title":{"rendered":"Vinkova\u010dke jeseni \u2013 pozornica izvornog hrvatskog folklora"},"content":{"rendered":"<p>Ve\u0107 vi\u0161e od pedeset godina Vinkova\u010dke jeseni najve\u0107i su \u010duvar tradicijske kulture, izvornog folklora, pjesme, plesa, ali i puno vi\u0161e od toga. Od svog osnutka, 1966. godine, manifestacija je prerasla u jedan od najpoznatijih festivala ovakve vrste u Hrvatskoj, a tome ponajprije pridonose temeljne sve\u010danosti koje se odr\u017eavaju u sklopu Vinkova\u010dkih jeseni.<\/p>\n<p>[blockquote author=&#8221;&#8221;]<\/p>\n<p><strong>Na 54. Vinkova\u010dkim jesenima nastupit \u0107e oko 8.000 izvo\u0111a\u010da i sudionika programa. Njih \u0107e, prema procjenama baziranim na dosada\u0161njoj posjeti, gledati vi\u0161e od 100.000 posjetitelja<\/strong><\/p>\n<p>[\/blockquote]<\/p>\n<p>Kao i svake godine tako \u0107e i ove najve\u0107u pa\u017enju privu\u0107i Sve\u010danost otvorenja, koja \u0107e se na velikoj pozornici u sredi\u0161tu Vinkovaca odr\u017eati 20. rujna. I ovo \u0107e otvorenje, kao i brojna do sada okupiti akademske i glumce amatere, pjeva\u010de i pjeva\u010dke skupine, plesa\u010de i kulturno-umjetni\u010dka dru\u0161tva iz cijele Hrvatske. Tema ovogodi\u0161njeg otvorenja je \u201eTri nam drage rije\u010di\u201c, pri \u010demu se misli na Slavoniju, Srijem i Baranju. Prvi dio priprema s glumcima i KUD-ovima, je odra\u0111en, a zajedni\u010dka proba svih sudionika otvorenja u vinkova\u010dkom gradskom kazali\u0161tu zapo\u010det \u0107e polovinom rujna.<\/p>\n<p>Prva tradicijska manifestacija u sklopu Vinkova\u010dkih jeseni bit \u0107e, kao i obi\u010dno Folklorne ve\u010deri. Manifestacija, koja \u0107e okupiti vi\u0161e od 50 kulturno-umjetni\u010dkih dru\u0161tava iz cijele Vukovarsko-srijemske \u017eupanije. Folklorne ve\u010deri zapo\u010det \u0107e 13. i trajat \u0107e do 18. rujna, a prema rije\u010dima voditelja organizacije Folklornih ve\u010deri i Sve\u010danog mimohoda, Franje Japelja, prijave zainteresiranih KUD-ova jo\u0161 uvijek pristi\u017eu. O deset najboljih KUD-ova \u017dupanijske smotre folklora, u velikom \u0161atoru Vinkova\u010dkih jeseni, odlu\u010divat \u0107e prosudbena komisija, a izabrane skupine predstavljat \u0107e \u017dupaniju na smotrama folklora \u0161irom Hrvatske.<\/p>\n<p>Tijekom drugog vikenda Vinkova\u010dkih jeseni, 21. i 22. rujna, bit \u0107e odr\u017eana Dr\u017eavna smotra hrvatskoga izvornog folklora. Prvog dana u ve\u010dernjim satima na Trgu bana Josipa \u0160ok\u010devi\u0107a predstavit \u0107e se\u00a0 gostuju\u0107i KUD-ovi, slijedi drugi dio manifestacije u nedjelju u 12 sati, nakon Sve\u010danog mimohoda, a Smotra \u0107e zavr\u0161iti posljednjim, tre\u0107im dijelom na trgu Vinkova\u010dkih jeseni pod Velikim \u0161atorom u nedjelju nave\u010der.<\/p>\n<p>Sve\u010dani mimohod svih sudionika, a na kojem \u0107e sudjelovati oko 80 folklornih skupina, po\u010dinje u nedjelju, 22. rujna u 10 sati. Nakon prolaska preko sve\u010dane pozornice, mimohod se nastavlja do stadiona HNK \u201cCibalia\u201d Vinkovci gdje \u0107e sudionici zaplesati najve\u0107e \u0161oka\u010dko kolo. No ne\u0107e se plesati samo na stadionu. U kolo \u0107e se uhvatiti sudionici i gledatelji po cijelom gradu.<\/p>\n<p>Tako\u0111er, 14. i 15. rujna, odr\u017eat \u0107e se Dje\u010dje Vinkova\u010dke jeseni. Prvoga dana u ve\u010dernjim satima odr\u017eat \u0107e se prvi dio Me\u0111u\u017eupanijske smotre dje\u010djih folklornih skupina, u nedjelju slijedi Sredi\u0161nji mimohod dje\u010djih skupina, koji \u0107e svoj cilj imati u Velikom \u0161atoru, gdje \u0107e nakon mimohoda odr\u017eati drugi dio Me\u0111u\u017eupanijske smotre.<\/p>\n<p>Na kraju recimo kako \u0107e Sve\u010danost otvorenja i Sve\u010dani mimohod sudionika 54. Vinkova\u010dkih jeseni prenositi u\u017eivo, dok \u0107e se snimka prvog dijela Dr\u017eavne smotre folklora mo\u0107i pogledati na programu Hrvatske radiotelevizije.<\/p>","protected":false},"excerpt":{"rendered":"<p>Ve\u0107 vi\u0161e od pedeset godina Vinkova\u010dke jeseni najve\u0107i su \u010duvar tradicijske kulture, izvornog folklora, pjesme, plesa, ali i puno vi\u0161e od toga. Od svog osnutka, 1966. godine, manifestacija je prerasla u jedan od najpoznatijih festivala ovakve vrste u Hrvatskoj, a tome ponajprije pridonose temeljne sve\u010danosti koje se odr\u017eavaju u sklopu Vinkova\u010dkih jeseni. [blockquote author=&#8221;&#8221;] Na [&hellip;]<\/p>","protected":false},"author":3,"featured_media":3068,"comment_status":"closed","ping_status":"closed","sticky":false,"template":"","format":"standard","meta":{"_et_pb_use_builder":"","_et_pb_old_content":"","_et_gb_content_width":"","footnotes":""},"categories":[82,34,30,31,6],"tags":[],"class_list":["post-3067","post","type-post","status-publish","format-standard","has-post-thumbnail","hentry","category-82","category-najave","category-naslovna","category-novosti","category-vijesti"],"_links":{"self":[{"href":"https:\/\/vinkovackejeseni.hr\/en\/wp-json\/wp\/v2\/posts\/3067","targetHints":{"allow":["GET"]}}],"collection":[{"href":"https:\/\/vinkovackejeseni.hr\/en\/wp-json\/wp\/v2\/posts"}],"about":[{"href":"https:\/\/vinkovackejeseni.hr\/en\/wp-json\/wp\/v2\/types\/post"}],"author":[{"embeddable":true,"href":"https:\/\/vinkovackejeseni.hr\/en\/wp-json\/wp\/v2\/users\/3"}],"replies":[{"embeddable":true,"href":"https:\/\/vinkovackejeseni.hr\/en\/wp-json\/wp\/v2\/comments?post=3067"}],"version-history":[{"count":0,"href":"https:\/\/vinkovackejeseni.hr\/en\/wp-json\/wp\/v2\/posts\/3067\/revisions"}],"wp:featuredmedia":[{"embeddable":true,"href":"https:\/\/vinkovackejeseni.hr\/en\/wp-json\/wp\/v2\/media\/3068"}],"wp:attachment":[{"href":"https:\/\/vinkovackejeseni.hr\/en\/wp-json\/wp\/v2\/media?parent=3067"}],"wp:term":[{"taxonomy":"category","embeddable":true,"href":"https:\/\/vinkovackejeseni.hr\/en\/wp-json\/wp\/v2\/categories?post=3067"},{"taxonomy":"post_tag","embeddable":true,"href":"https:\/\/vinkovackejeseni.hr\/en\/wp-json\/wp\/v2\/tags?post=3067"}],"curies":[{"name":"wp","href":"https:\/\/api.w.org\/{rel}","templated":true}]}}