{"id":3038,"date":"2019-08-01T11:49:24","date_gmt":"2019-08-01T09:49:24","guid":{"rendered":"http:\/\/vinkovackejeseni.hr\/?p=3038"},"modified":"2019-08-01T11:49:24","modified_gmt":"2019-08-01T09:49:24","slug":"poziv-zainteresiranima-za-prijavu-programa-na-54-vinkovackim-jesenima","status":"publish","type":"post","link":"https:\/\/vinkovackejeseni.hr\/en\/poziv-zainteresiranima-za-prijavu-programa-na-54-vinkovackim-jesenima\/","title":{"rendered":"Poziv zainteresiranima za prijavu programa na 54. Vinkova\u010dkim jesenima"},"content":{"rendered":"<div class=\"itemBody kl-blog-post-body kl-blog-cols-1\">\n<p>Iz godine u godinu program Vinkova\u010dkih jeseni se oboga\u0107uje, a tome uvelike pridonose gradske institucije i brojne udruge koje djeluju na podru\u010dju grada Vinkovaca, pa i \u0161ire. Tako \u0107e biti i na 54. Vinkova\u010dkim jesenima. Ve\u0107 sada ne manjka doga\u0111anja koja \u0107e se uvrstiti u program manifestacije, no mjesta i vremena za nove prijave jo\u0161 uvijek ima.<\/p>\n<p>[blockquote author=&#8221;&#8221; align=&#8221;&#8221;] <span style=\"color: #000000;\">Organizatori 54. Vinkova\u010dkih jeseni, koje se odr\u017eavaju od 13. do 22. rujna 2019. ovim putem pozivaju sve one koji svojim popratnim programom \u017eele biti dio ovogodi\u0161nje manifestacije.<\/span><br \/>\n<span style=\"color: #000000;\"><strong>Svi zainteresirani se mogu javiti i prijaviti program na adresu<\/strong>\u00a0<span style=\"text-decoration: underline; color: #0000ff;\">press@vinkovackejeseni.hr<\/span> <strong>do 10. kolovoza 2019<\/strong>.<\/span> [\/blockquote]<\/p>\n<p>Vinkova\u010dke jeseni od svojih po\u010detaka 1966. godine, kada su zami\u0161ljene kao kulturna manifestacija, koja za zadatak ima o\u010duvanje hrvatske tradicije, rasle su i razvijale se u skladu s vremenom. Novine koje su uvr\u0161tene u program manifestacije u posljednjih nekoliko godina privukle su pa\u017enju medija i javnosti, ali i dodatno u\u010dvrstile Vinkovce kao turisti\u010dku destinaciju. Temeljne manifestacije rastu i dalje i privla\u010de veliki broj posjetitelja. Za mla\u0111e i ove godine organizatori su pripremili niz kvalitetnih koncerata, a ne smijemo zaboraviti ni prvu subotu manifestacije kada \u0107e se odr\u017eati Urbane jeseni. No osim svega navedenog manifestaciju \u0107e svojim programom ponovno obogatiti gradske institucije i udruge.<\/p>\n<p>Tako \u0107e Gradski muzej Vinkovci ve\u0107 tradicionalno biti aktivan za Vinkova\u010dke jeseni. U srijedu 11. rujna bit \u0107e postavljena izlo\u017eba \u201eIzvan slavonske tradicijske kulture. Dan kasnije, 12. rujna otvorit \u0107e se Samostalna izlo\u017eba \u017delimira Fi\u0161i\u0107a, akademskog slikara-grafi\u010dara iz Vinkovaca.<\/p>\n<p>Gradska knji\u017enica i \u010ditaonica Vinkovci tijekom rujna uprili\u010dit \u0107e izlo\u017ebu povodom Vinkova\u010dkih jeseni, a 17. rujna najavljuju predavanje dr. sc. Anice Bili\u0107.<\/p>\n<p>U Gradskom kazali\u0161tu Joza Ivaki\u0107 13. rujna uprili\u010dit \u0107e se drama Franza Kafke, Pismo ocu, a dan kasnije na rasporedu je bajka za djecu Crvenkapica.<\/p>\n<p>Hrvatsko dru\u0161tvo likovnih umjetnika Vinkovci, 16. rujna u gradskom \u0107e kazali\u0161tu odr\u017eati glazbeno-likovnu manifestaciju \u201eJesenima na dar\u201c. Uz slikare iz Vukovarsko-srijemske \u017eupanije u glazbenom dijelu nastupit \u0107e pjeva\u010dki zborovi i solisti.<\/p>\n<p>Kulturni centar Gatalinka i za 54. Vinkova\u010dke jeseni pripremila je bogat program. Od 19. do 25. kolovoza odr\u017eavat \u0107e se 24. Seminar folklora panonske zone. 20. rujna pak, odr\u017eat \u0107e se Etno revija, a dan kasnije, 21. rujna, Gatalinka \u0107e u sklopu manifestacije Etno frizure svijeta organizirati radionicu izrade frizura, a u ve\u010dernjim satima i Reviju frizura.<\/p>\n<p>U organizaciji Udruge Samo pozitivno, 17. rujna odr\u017eat \u0107e se forum kulture i edukacije \u201eForked\u201c, a na temu \u201ePovijesni izvori u stvaranju novih vrijednosti kulture i ba\u0161tine\u201c. U sklopu foruma organizirat \u0107e se likovna kolonija i predavanja.<\/p>\n<p>Na Vinkova\u010dkim jesenima ne\u0107e nedostajati ni sportskih doga\u0111anja. 14. rujna GSD 1887 Lokomotiva bit \u0107e doma\u0107in Me\u0111unarodnog turnira u strelja\u0161tvu za osobe s invaliditetom, a 18. rujna, Zajednica \u0161portskih udruga grada Vinkovaca i Savez \u0161kolskih sportskih dru\u0161tava Vukovarsko-srijemske \u017eupanije organizirat \u0107e jo\u0161 jedan \u201eSajam sporta\u201c. Udruga Vinkova\u010dki la\u0111ari najavljuje Maraton la\u0111a za 21. rujna, a \u0160RD Priroda ve\u0107 tradicionalno \u0107e odr\u017eati natjecanje \u201eTrofej \u0160okadije\u201c<\/p>\n<p>&nbsp;<\/p>\n<\/div>\n<div class=\"clearfix\"><\/div>\n<div class=\"row blog-sg-footer\">\n<div class=\"col-sm-6\"><\/div>\n<\/div>","protected":false},"excerpt":{"rendered":"<p>Iz godine u godinu program Vinkova\u010dkih jeseni se oboga\u0107uje, a tome uvelike pridonose gradske institucije i brojne udruge koje djeluju na podru\u010dju grada Vinkovaca, pa i \u0161ire. Tako \u0107e biti i na 54. Vinkova\u010dkim jesenima. Ve\u0107 sada ne manjka doga\u0111anja koja \u0107e se uvrstiti u program manifestacije, no mjesta i vremena za nove prijave jo\u0161 [&hellip;]<\/p>","protected":false},"author":3,"featured_media":3039,"comment_status":"closed","ping_status":"closed","sticky":false,"template":"","format":"standard","meta":{"_et_pb_use_builder":"","_et_pb_old_content":"","_et_gb_content_width":"","footnotes":""},"categories":[82,34,30,31,6],"tags":[],"class_list":["post-3038","post","type-post","status-publish","format-standard","has-post-thumbnail","hentry","category-82","category-najave","category-naslovna","category-novosti","category-vijesti"],"_links":{"self":[{"href":"https:\/\/vinkovackejeseni.hr\/en\/wp-json\/wp\/v2\/posts\/3038","targetHints":{"allow":["GET"]}}],"collection":[{"href":"https:\/\/vinkovackejeseni.hr\/en\/wp-json\/wp\/v2\/posts"}],"about":[{"href":"https:\/\/vinkovackejeseni.hr\/en\/wp-json\/wp\/v2\/types\/post"}],"author":[{"embeddable":true,"href":"https:\/\/vinkovackejeseni.hr\/en\/wp-json\/wp\/v2\/users\/3"}],"replies":[{"embeddable":true,"href":"https:\/\/vinkovackejeseni.hr\/en\/wp-json\/wp\/v2\/comments?post=3038"}],"version-history":[{"count":0,"href":"https:\/\/vinkovackejeseni.hr\/en\/wp-json\/wp\/v2\/posts\/3038\/revisions"}],"wp:featuredmedia":[{"embeddable":true,"href":"https:\/\/vinkovackejeseni.hr\/en\/wp-json\/wp\/v2\/media\/3039"}],"wp:attachment":[{"href":"https:\/\/vinkovackejeseni.hr\/en\/wp-json\/wp\/v2\/media?parent=3038"}],"wp:term":[{"taxonomy":"category","embeddable":true,"href":"https:\/\/vinkovackejeseni.hr\/en\/wp-json\/wp\/v2\/categories?post=3038"},{"taxonomy":"post_tag","embeddable":true,"href":"https:\/\/vinkovackejeseni.hr\/en\/wp-json\/wp\/v2\/tags?post=3038"}],"curies":[{"name":"wp","href":"https:\/\/api.w.org\/{rel}","templated":true}]}}