{"id":3025,"date":"2019-07-12T08:54:00","date_gmt":"2019-07-12T06:54:00","guid":{"rendered":"http:\/\/vinkovackejeseni.hr\/?p=3025"},"modified":"2019-07-12T08:54:00","modified_gmt":"2019-07-12T06:54:00","slug":"deset-dana-tradicije-ali-i-zabave","status":"publish","type":"post","link":"https:\/\/vinkovackejeseni.hr\/en\/deset-dana-tradicije-ali-i-zabave\/","title":{"rendered":"Deset dana tradicije, ali i zabave"},"content":{"rendered":"<p>\u201eTri nam drage rije\u010di\u201c tema je Sve\u010danog otvaranja 54. Vinkova\u010dkih jeseni<\/p>\n<p>Scenarij i re\u017eiju Sve\u010danog otvorenja i ove godine potpisuje Ana Cveni\u0107, a osim Slavonije, Srijema i Baranje na koje se odnosi ovogodi\u0161nja tema najve\u0107e tradicijske manifestacije, Vinkova\u010dke jeseni bit \u0107e u znaku i \u0160oka\u010dkog kola, koje je krajem pro\u0161le godine, odlukom Ministarstva kulture, dobilo status nematerijalnog kulturnog dobra Republike Hrvatske.<\/p>\n<p>Najtradicionalniji dio Vinkova\u010dkih jeseni, odnosno temeljne manifestacije, svake godine privuku veliki broj gledatelja, ali i izvo\u0111a\u010da. Tu su Folklorne ve\u010deri, na kojima \u0107e \u0161ezdesetak KUD-ova ponovno prezentirati bogatstvo kulturne ba\u0161tine Vukovarsko-srijemske \u017eupanije, zatim Dje\u010dje vinkova\u010dke jeseni u sklopu kojih \u0107e se odr\u017eati Dje\u010dji mimohod i Me\u0111u\u017eupanijska smotra folklora dje\u010djih skupina. Glavni, odnosno drugi vikend Vinkova\u010dkih jeseni zapo\u010det \u0107e Sve\u010danim otvorenjem koje \u0107e u petak 20. rujna okupiti dvjestotinjak sudionika, glumaca, pjeva\u010da, KUD-ova i tambura\u0161kih sastava, a zavr\u0161it \u0107e ve\u0107 tradicionalno Dr\u017eavnom smotrom izvornog hrvatskog folklora i Sve\u010danim mimohodom, te Najve\u0107im kolom sudionika i gledatelja 54. Vinkova\u010dkih jeseni.<\/p>\n<p>Petu godinu zaredom projekt Slavonski sokak bit \u0107e sredi\u0161nje mjesto doga\u0111anja u programu Vinkova\u010dkih jeseni. Na maloj pozornici Sokaka svakoga dana posjetitelje \u0107e zabavljati tambura\u0161ki sastavi, a u obli\u017enjem \u0161atoru nastupit \u0107e: \u017deljko Bebek, Massimo, Tomislav Brali\u0107 &amp; Klapa Intrade, zatim Dra\u017een Ze\u010di\u0107, Jelena Rozga, Maja \u0160uput, te Tambura\u0161i za du\u0161u, Berde band i Najbolji hrvatski tambura\u0161i. U nedjelju 22. rujna koncert u centru odr\u017eat \u0107e Ivan Zak.<\/p>\n<p>Uz bogatu ponudu Sajma gospodarstva, tradicijskih obrta i rukotvorina, odnosno Slavonskog sokaka, u sklopu Vinkova\u010dkih jeseni gostovat \u0107e i Grad vina, koji je privukao veliko zanimanje posjetitelja protekle dvije godine.<br \/>\nI ove godine o\u010dekuje se nastup oko 8.000 izvo\u0111a\u010da i sudionika programa. Njih \u0107e, prema procjenama baziranim na dosada\u0161njoj posjeti, u 10 dana trajanja manifestacije, gledati oko 150.000 posjetitelja.<\/p>","protected":false},"excerpt":{"rendered":"<p>\u201eTri nam drage rije\u010di\u201c tema je Sve\u010danog otvaranja 54. Vinkova\u010dkih jeseni Scenarij i re\u017eiju Sve\u010danog otvorenja i ove godine potpisuje Ana Cveni\u0107, a osim Slavonije, Srijema i Baranje na koje se odnosi ovogodi\u0161nja tema najve\u0107e tradicijske manifestacije, Vinkova\u010dke jeseni bit \u0107e u znaku i \u0160oka\u010dkog kola, koje je krajem pro\u0161le godine, odlukom Ministarstva kulture, dobilo [&hellip;]<\/p>","protected":false},"author":3,"featured_media":525,"comment_status":"closed","ping_status":"closed","sticky":false,"template":"","format":"standard","meta":{"_et_pb_use_builder":"","_et_pb_old_content":"","_et_gb_content_width":"","footnotes":""},"categories":[82,34,30,31,6],"tags":[],"class_list":["post-3025","post","type-post","status-publish","format-standard","has-post-thumbnail","hentry","category-82","category-najave","category-naslovna","category-novosti","category-vijesti"],"_links":{"self":[{"href":"https:\/\/vinkovackejeseni.hr\/en\/wp-json\/wp\/v2\/posts\/3025","targetHints":{"allow":["GET"]}}],"collection":[{"href":"https:\/\/vinkovackejeseni.hr\/en\/wp-json\/wp\/v2\/posts"}],"about":[{"href":"https:\/\/vinkovackejeseni.hr\/en\/wp-json\/wp\/v2\/types\/post"}],"author":[{"embeddable":true,"href":"https:\/\/vinkovackejeseni.hr\/en\/wp-json\/wp\/v2\/users\/3"}],"replies":[{"embeddable":true,"href":"https:\/\/vinkovackejeseni.hr\/en\/wp-json\/wp\/v2\/comments?post=3025"}],"version-history":[{"count":0,"href":"https:\/\/vinkovackejeseni.hr\/en\/wp-json\/wp\/v2\/posts\/3025\/revisions"}],"wp:featuredmedia":[{"embeddable":true,"href":"https:\/\/vinkovackejeseni.hr\/en\/wp-json\/wp\/v2\/media\/525"}],"wp:attachment":[{"href":"https:\/\/vinkovackejeseni.hr\/en\/wp-json\/wp\/v2\/media?parent=3025"}],"wp:term":[{"taxonomy":"category","embeddable":true,"href":"https:\/\/vinkovackejeseni.hr\/en\/wp-json\/wp\/v2\/categories?post=3025"},{"taxonomy":"post_tag","embeddable":true,"href":"https:\/\/vinkovackejeseni.hr\/en\/wp-json\/wp\/v2\/tags?post=3025"}],"curies":[{"name":"wp","href":"https:\/\/api.w.org\/{rel}","templated":true}]}}