{"id":2995,"date":"2018-09-17T00:21:46","date_gmt":"2018-09-16T22:21:46","guid":{"rendered":"http:\/\/vinkovackejeseni.hr\/?p=2995"},"modified":"2018-09-17T00:21:46","modified_gmt":"2018-09-16T22:21:46","slug":"zatvorene-53-vinkovacke-jeseni","status":"publish","type":"post","link":"https:\/\/vinkovackejeseni.hr\/en\/zatvorene-53-vinkovacke-jeseni\/","title":{"rendered":"Zatvorene 53. Vinkova\u010dke jeseni"},"content":{"rendered":"<p>Polako se kraju pribli\u017eavaju jo\u0161 jedne Vinkova\u010dke jeseni koje su i ove godine, osim rasko\u0161i tradicijske kulture, gra\u0111anima Vinkovaca i njihovim gostima ponudile i pregr\u0161t drugih sadr\u017eja, kako zabavnih, tako i kulturnih i onih sajamskoga tipa. Ve\u010deras je, nakon posljednjeg, tre\u0107eg dijela Dr\u017eavne smotre izvornog hrvatskog folklora, predsjednik organizacijskog odbora i gradona\u010delnik Vinkovaca Ivan Bosan\u010di\u0107 zatvorio ovogodi\u0161nje Vinkova\u010dke jeseni. &#8220;Prije svega \u017eelim zahvaliti svima onima koji su radili na organizaciji 53. Vinkova\u010dkih jeseni, ali i gra\u0111anima Vinkovaca, koji su i ove godine u velikom broju pohodili sva doga\u0111anja. Svi zajedno doprinjeli ste da nam Jeseni budu ono \u0161to jesu, najve\u0107a manifestacija tradicijske kulture u Hrvatskoj. Nadam se da je svatko prona\u0161ao ne\u0161to za sebe i da ste u\u017eivali ovih dana u Vinkovcima&#8221;, rekao je gradona\u010delnik. \u0160to se samo Smotre ti\u010de, u sklopu 53. Vinkova\u010dih jeseni, u dva dana nastupila su 34 kulturno-umjetni\u010da dru\u0161tva koja su tijekom godine osvojila prva mjesta na \u017eupanijskim i regionalnim smotrama izvornog folklora i na Vinkova\u010dim jesenima su predstavljali svoju \u017eupaniju. Smotra je odr\u017eana u tri dijela, pa je tako na pozornici u sredi\u0161u grada ju\u010der i danas nastupilo 20, a ve\u010deras pod \u0161atorom Vinkova\u010dkih jeseni i preostalih 14 dru\u0161tava. U ovom, tre\u0107em dijelu Dr\u017eavne smotre izvornog hrvatskog folklora, publici su se predstavili HKUD \u201eGoranci\u201c Mostar, BiH; KUD \u201eSv. Jeronim\u201c \u0160trigova; KUD \u201ePokupljanka\u201c Brest Pokupski; Udruga \u201eKr\u010d\u201c Primo\u0161ten; HSPD \u201ePodgorac\u201c Gra\u010dani; KUD \u201eIzvor\u201c \u017dabljak Usora, BiH; KUD \u201eSloga\u201c Miklou\u0161; KUD \u201eCetingradska tamburica\u201c Cetingrad; KUD \u201eKolo\u201c Donja Bebrina; KUD \u201eBerda\u201c Brestovac; KUD \u201eTomislav\u201c Sibinj, KUD \u201eSloga\u201c Satnica \u0110akova\u010dka; KUD \u201eVrbje\u201c Vrbje i KUD \u201eSlavko Jankovi\u0107\u201c Rokovci-Andrija\u0161evci.<br \/>\n<img loading=\"lazy\" decoding=\"async\" class=\"alignnone size-medium wp-image-30904\" src=\"http:\/\/novosti.hr\/wp-content\/uploads\/2018\/09\/IMG-af2d15990fc56e5deb306a3be6f1c614-V-300x146.jpg\" alt=\"\" width=\"300\" height=\"146\" \/><br \/>\nPosebno je zanimljivo bilo nakon Smotre, kada je na Bosutu, pred mno\u0161tvom okupljenih gra\u0111ana zapaljena skulptura od slame, uvod \u010demu je bio performans s vatrom u izvedbi \u010dlanova udruga \u201eSlama\u201c i \u201ePlamingo art\u201c iz Osijeka. Zabavni dio jo\u0161 traje, pa \u0107e tako koncertni program pod \u0161atorom Vinkova\u010dkih jeseni zatvoriti Marija Pavkovi\u0107 Sna\u0161a i tambura\u0161ki sastav Berda\u0161eva pri\u010da, dok \u0107e nakon njih publiku zabavljati i Tambura\u0161i za du\u0161u.<\/p>","protected":false},"excerpt":{"rendered":"<p>Polako se kraju pribli\u017eavaju jo\u0161 jedne Vinkova\u010dke jeseni koje su i ove godine, osim rasko\u0161i tradicijske kulture, gra\u0111anima Vinkovaca i njihovim gostima ponudile i pregr\u0161t drugih sadr\u017eja, kako zabavnih, tako i kulturnih i onih sajamskoga tipa. Ve\u010deras je, nakon posljednjeg, tre\u0107eg dijela Dr\u017eavne smotre izvornog hrvatskog folklora, predsjednik organizacijskog odbora i gradona\u010delnik Vinkovaca Ivan Bosan\u010di\u0107 [&hellip;]<\/p>","protected":false},"author":2,"featured_media":2996,"comment_status":"closed","ping_status":"closed","sticky":false,"template":"","format":"standard","meta":{"_et_pb_use_builder":"","_et_pb_old_content":"","_et_gb_content_width":"","footnotes":""},"categories":[81,34,30,31,6],"tags":[],"class_list":["post-2995","post","type-post","status-publish","format-standard","has-post-thumbnail","hentry","category-81","category-najave","category-naslovna","category-novosti","category-vijesti"],"_links":{"self":[{"href":"https:\/\/vinkovackejeseni.hr\/en\/wp-json\/wp\/v2\/posts\/2995","targetHints":{"allow":["GET"]}}],"collection":[{"href":"https:\/\/vinkovackejeseni.hr\/en\/wp-json\/wp\/v2\/posts"}],"about":[{"href":"https:\/\/vinkovackejeseni.hr\/en\/wp-json\/wp\/v2\/types\/post"}],"author":[{"embeddable":true,"href":"https:\/\/vinkovackejeseni.hr\/en\/wp-json\/wp\/v2\/users\/2"}],"replies":[{"embeddable":true,"href":"https:\/\/vinkovackejeseni.hr\/en\/wp-json\/wp\/v2\/comments?post=2995"}],"version-history":[{"count":0,"href":"https:\/\/vinkovackejeseni.hr\/en\/wp-json\/wp\/v2\/posts\/2995\/revisions"}],"wp:featuredmedia":[{"embeddable":true,"href":"https:\/\/vinkovackejeseni.hr\/en\/wp-json\/wp\/v2\/media\/2996"}],"wp:attachment":[{"href":"https:\/\/vinkovackejeseni.hr\/en\/wp-json\/wp\/v2\/media?parent=2995"}],"wp:term":[{"taxonomy":"category","embeddable":true,"href":"https:\/\/vinkovackejeseni.hr\/en\/wp-json\/wp\/v2\/categories?post=2995"},{"taxonomy":"post_tag","embeddable":true,"href":"https:\/\/vinkovackejeseni.hr\/en\/wp-json\/wp\/v2\/tags?post=2995"}],"curies":[{"name":"wp","href":"https:\/\/api.w.org\/{rel}","templated":true}]}}