{"id":2963,"date":"2018-09-12T23:40:21","date_gmt":"2018-09-12T21:40:21","guid":{"rendered":"http:\/\/vinkovackejeseni.hr\/?p=2963"},"modified":"2018-09-12T23:40:21","modified_gmt":"2018-09-12T21:40:21","slug":"kud-slavko-jankovic-siskovci-najbolja-skupina-folklornih-veceri-2018","status":"publish","type":"post","link":"https:\/\/vinkovackejeseni.hr\/en\/kud-slavko-jankovic-siskovci-najbolja-skupina-folklornih-veceri-2018\/","title":{"rendered":"KUD \u201cSlavko Jankovi\u0107\u201d \u0160i\u0161kovci najbolja skupina Folklornih ve\u010deri 2018."},"content":{"rendered":"<p align=\"JUSTIFY\">U \u0161atoru Vinkova\u010dkih jeseni ve\u010deras je odr\u017eana posljednja ovogodi\u0161nja Folklorna ve\u010der \u010dime je zavr\u0161ila Smotra folklora Vukovarsko-srijemske \u017eupanije u okviru 53. Vinkova\u010dkih jeseni.<\/p>\n<p align=\"JUSTIFY\">Od 7. rujna na pozornici u \u0161atoru Vinkova\u010dkih jeseni predstavilo se 51 dru\u0161tvo. Svi oni za Folklorne ve\u010deri pripremali su se tijekom cijele godine, a za nastup odabrano je ono za \u0161to se dr\u017ealo kako \u0107e ostaviti najbolji dojam na Prosudbeno povjerenstvo, od spleta kola i pjesama do starih obi\u010daja. Vukovarsko-srijemskim KUD-ovima Folklorne ve\u010deri su vrhunac rada u jednoj godini i iznimno se trude \u0161to bolje i autenti\u010dnije predstaviti folklor svoga mjesta, a dodatni motiv je to \u0161to najbolje ocijenjeni stje\u010du pravo prezentirati Vukovarsko-srijemsku \u017eupaniju u idu\u0107ih godinu dana na folklornim i drugim manifestacijama u Hrvatskoj i inozemstvu.<\/p>\n<p align=\"JUSTIFY\">Tko \u0107e to biti ocijenilo je Prosudbeno povjerenstvo u sastavu: mr.sc. Ljubica Gligorevi\u0107, Marinko Bla\u017einkov, Danijel \u0160ota i Ivan Zlatuni\u0107, a na KUD-ovima je bilo da \u0161to bolje rekonstruiraju izvornost no\u0161nji, obi\u010daje te ples i pjesmu koji su ih pratili.\u00a0Ocjenjivalo se sve, originalnost no\u0161nje i izvedbe kola, glazbeni i pjeva\u010dki dio nastupa, kao i op\u0107i dojam na sceni. Iako su u nekim slu\u010dajevima odlu\u010divale nijanse, odluka o kona\u010dnom poretku ipak je donesena.<\/p>\n<p align=\"JUSTIFY\">Kulturno-umjetni\u010dko dru\u0161tvo koje je svojim nastupom ostavilo najbolji dojam je \u201cSlavko Jankovi\u0107\u201d \u0160i\u0161kovci.<\/p>\n<p align=\"JUSTIFY\">Poredak preostalih KUD-ova je sljede\u0107i: 2. \u201cSelja\u010dka sloga\u201d Bogdanovci, 3. \u201cSelja\u010dka sloga\u201d Nu\u0161tar, 4. \u201cSlavko Ma\u0111er\u201d Ceri\u0107 i \u201cOgranak selja\u010dke sloge\u201d Drenovci, 5. \u201c\u0160okadija\u201d Mikanovci, 6. \u201cIvan Goran Kova\u010di\u0107\u201d Ivankovo, 7. \u201cSelja\u010dka sloga\u201d Stro\u0161inci, 8. \u201cJankovci\u201d Stari Jankovci, 9. \u201cMijat Stojanovi\u0107\u201d Babina Greda, 10. \u201cJosip Kozarac\u201d \u0160titar.<\/p>","protected":false},"excerpt":{"rendered":"<p>U \u0161atoru Vinkova\u010dkih jeseni ve\u010deras je odr\u017eana posljednja ovogodi\u0161nja Folklorna ve\u010der \u010dime je zavr\u0161ila Smotra folklora Vukovarsko-srijemske \u017eupanije u okviru 53. Vinkova\u010dkih jeseni. Od 7. rujna na pozornici u \u0161atoru Vinkova\u010dkih jeseni predstavilo se 51 dru\u0161tvo. Svi oni za Folklorne ve\u010deri pripremali su se tijekom cijele godine, a za nastup odabrano je ono za \u0161to [&hellip;]<\/p>","protected":false},"author":3,"featured_media":2964,"comment_status":"closed","ping_status":"closed","sticky":false,"template":"","format":"standard","meta":{"_et_pb_use_builder":"","_et_pb_old_content":"","_et_gb_content_width":"","footnotes":""},"categories":[81,34,31,6],"tags":[],"class_list":["post-2963","post","type-post","status-publish","format-standard","has-post-thumbnail","hentry","category-81","category-najave","category-novosti","category-vijesti"],"_links":{"self":[{"href":"https:\/\/vinkovackejeseni.hr\/en\/wp-json\/wp\/v2\/posts\/2963","targetHints":{"allow":["GET"]}}],"collection":[{"href":"https:\/\/vinkovackejeseni.hr\/en\/wp-json\/wp\/v2\/posts"}],"about":[{"href":"https:\/\/vinkovackejeseni.hr\/en\/wp-json\/wp\/v2\/types\/post"}],"author":[{"embeddable":true,"href":"https:\/\/vinkovackejeseni.hr\/en\/wp-json\/wp\/v2\/users\/3"}],"replies":[{"embeddable":true,"href":"https:\/\/vinkovackejeseni.hr\/en\/wp-json\/wp\/v2\/comments?post=2963"}],"version-history":[{"count":0,"href":"https:\/\/vinkovackejeseni.hr\/en\/wp-json\/wp\/v2\/posts\/2963\/revisions"}],"wp:featuredmedia":[{"embeddable":true,"href":"https:\/\/vinkovackejeseni.hr\/en\/wp-json\/wp\/v2\/media\/2964"}],"wp:attachment":[{"href":"https:\/\/vinkovackejeseni.hr\/en\/wp-json\/wp\/v2\/media?parent=2963"}],"wp:term":[{"taxonomy":"category","embeddable":true,"href":"https:\/\/vinkovackejeseni.hr\/en\/wp-json\/wp\/v2\/categories?post=2963"},{"taxonomy":"post_tag","embeddable":true,"href":"https:\/\/vinkovackejeseni.hr\/en\/wp-json\/wp\/v2\/tags?post=2963"}],"curies":[{"name":"wp","href":"https:\/\/api.w.org\/{rel}","templated":true}]}}