{"id":2872,"date":"2018-09-02T10:45:29","date_gmt":"2018-09-02T08:45:29","guid":{"rendered":"http:\/\/vinkovackejeseni.hr\/?p=2872"},"modified":"2018-09-02T10:45:29","modified_gmt":"2018-09-02T08:45:29","slug":"radovi-na-slavonskom-sokaku-blize-se-kraju","status":"publish","type":"post","link":"https:\/\/vinkovackejeseni.hr\/en\/radovi-na-slavonskom-sokaku-blize-se-kraju\/","title":{"rendered":"Radovi na Slavonskom sokaku bli\u017ee se kraju!"},"content":{"rendered":"<p>Parkirali\u0161te ispred hotela \u201cSlavonija\u201d odnosno Trg Franje Tu\u0111mana i susjedni Trg Vinkova\u010dkih jeseni za promet su zatvoreni od \u010detvrtka, a od 6. rujna zatvara se cesta ispred Crvenog kri\u017ea te se na trgu bana Josipa \u0160ok\u010devi\u0107a zapo\u010dinje s postavljanjem velike pozornice i Vinskog grada! Organizatori se ovim putem \u017eele zahvaliti gra\u0111anima na ukazanom razumijevanju!<\/p>\n\n\t\t<style type=\"text\/css\">\n\t\t\t#gallery-1 {\n\t\t\t\tmargin: auto;\n\t\t\t}\n\t\t\t#gallery-1 .gallery-item {\n\t\t\t\tfloat: left;\n\t\t\t\tmargin-top: 10px;\n\t\t\t\ttext-align: center;\n\t\t\t\twidth: 33%;\n\t\t\t}\n\t\t\t#gallery-1 img {\n\t\t\t\tborder: 2px solid #cfcfcf;\n\t\t\t}\n\t\t\t#gallery-1 .gallery-caption {\n\t\t\t\tmargin-left: 0;\n\t\t\t}\n\t\t\t\/* see gallery_shortcode() in wp-includes\/media.php *\/\n\t\t<\/style>\n\t\t<div id='gallery-1' class='gallery galleryid-2872 gallery-columns-3 gallery-size-thumbnail'><dl class='gallery-item'>\n\t\t\t<dt class='gallery-icon landscape'>\n\t\t\t\t<a href='https:\/\/vinkovackejeseni.hr\/en\/stand1\/'><img loading=\"lazy\" decoding=\"async\" width=\"150\" height=\"150\" src=\"https:\/\/vinkovackejeseni.hr\/wp-content\/uploads\/2018\/09\/stand1-150x150.jpg\" class=\"attachment-thumbnail size-thumbnail\" alt=\"\" \/><\/a>\n\t\t\t<\/dt><\/dl><dl class='gallery-item'>\n\t\t\t<dt class='gallery-icon landscape'>\n\t\t\t\t<a href='https:\/\/vinkovackejeseni.hr\/en\/restoran\/'><img loading=\"lazy\" decoding=\"async\" width=\"150\" height=\"150\" src=\"https:\/\/vinkovackejeseni.hr\/wp-content\/uploads\/2018\/09\/restoran-150x150.jpg\" class=\"attachment-thumbnail size-thumbnail\" alt=\"\" \/><\/a>\n\t\t\t<\/dt><\/dl><dl class='gallery-item'>\n\t\t\t<dt class='gallery-icon landscape'>\n\t\t\t\t<a href='https:\/\/vinkovackejeseni.hr\/en\/sokak-2\/'><img loading=\"lazy\" decoding=\"async\" width=\"150\" height=\"150\" src=\"https:\/\/vinkovackejeseni.hr\/wp-content\/uploads\/2018\/09\/sokak-150x150.jpg\" class=\"attachment-thumbnail size-thumbnail\" alt=\"\" \/><\/a>\n\t\t\t<\/dt><\/dl><br style=\"clear: both\" \/>\n\t\t<\/div>\n\n<p>U tijeku je postavljanje Glavnog \u0161atora Vinkova\u010dkih jeseni, a ve\u0107 su postavljeni \u0161tandovi i ku\u0107ice.<\/p>\n\n\t\t<style type=\"text\/css\">\n\t\t\t#gallery-2 {\n\t\t\t\tmargin: auto;\n\t\t\t}\n\t\t\t#gallery-2 .gallery-item {\n\t\t\t\tfloat: left;\n\t\t\t\tmargin-top: 10px;\n\t\t\t\ttext-align: center;\n\t\t\t\twidth: 33%;\n\t\t\t}\n\t\t\t#gallery-2 img {\n\t\t\t\tborder: 2px solid #cfcfcf;\n\t\t\t}\n\t\t\t#gallery-2 .gallery-caption {\n\t\t\t\tmargin-left: 0;\n\t\t\t}\n\t\t\t\/* see gallery_shortcode() in wp-includes\/media.php *\/\n\t\t<\/style>\n\t\t<div id='gallery-2' class='gallery galleryid-2872 gallery-columns-3 gallery-size-thumbnail'><dl class='gallery-item'>\n\t\t\t<dt class='gallery-icon portrait'>\n\t\t\t\t<a href='https:\/\/vinkovackejeseni.hr\/en\/sokak4\/'><img loading=\"lazy\" decoding=\"async\" width=\"150\" height=\"150\" src=\"https:\/\/vinkovackejeseni.hr\/wp-content\/uploads\/2018\/09\/sokak4-150x150.jpg\" class=\"attachment-thumbnail size-thumbnail\" alt=\"\" \/><\/a>\n\t\t\t<\/dt><\/dl><dl class='gallery-item'>\n\t\t\t<dt class='gallery-icon portrait'>\n\t\t\t\t<a href='https:\/\/vinkovackejeseni.hr\/en\/sokak2-2\/'><img loading=\"lazy\" decoding=\"async\" width=\"150\" height=\"150\" src=\"https:\/\/vinkovackejeseni.hr\/wp-content\/uploads\/2018\/09\/sokak2-150x150.jpg\" class=\"attachment-thumbnail size-thumbnail\" alt=\"\" \/><\/a>\n\t\t\t<\/dt><\/dl><dl class='gallery-item'>\n\t\t\t<dt class='gallery-icon landscape'>\n\t\t\t\t<a href='https:\/\/vinkovackejeseni.hr\/en\/stand2\/'><img loading=\"lazy\" decoding=\"async\" width=\"150\" height=\"150\" src=\"https:\/\/vinkovackejeseni.hr\/wp-content\/uploads\/2018\/09\/stand2-150x150.jpg\" class=\"attachment-thumbnail size-thumbnail\" alt=\"\" \/><\/a>\n\t\t\t<\/dt><\/dl><br style=\"clear: both\" \/>\n\t\t<\/div>\n\n<p>Posljednje pripreme za skora\u0161nje 53. Vinkova\u010dke jeseni su pri kraju, a gra\u0111ani i gosti Sokak \u0107e mo\u0107i posjetiti od 7. do 16. rujna.<\/p>","protected":false},"excerpt":{"rendered":"<p>Parkirali\u0161te ispred hotela \u201cSlavonija\u201d odnosno Trg Franje Tu\u0111mana i susjedni Trg Vinkova\u010dkih jeseni za promet su zatvoreni od \u010detvrtka, a od 6. rujna zatvara se cesta ispred Crvenog kri\u017ea te se na trgu bana Josipa \u0160ok\u010devi\u0107a zapo\u010dinje s postavljanjem velike pozornice i Vinskog grada! Organizatori se ovim putem \u017eele zahvaliti gra\u0111anima na ukazanom razumijevanju! U [&hellip;]<\/p>","protected":false},"author":3,"featured_media":2873,"comment_status":"closed","ping_status":"closed","sticky":false,"template":"","format":"standard","meta":{"_et_pb_use_builder":"","_et_pb_old_content":"","_et_gb_content_width":"","footnotes":""},"categories":[81,34,30,31,6],"tags":[],"class_list":["post-2872","post","type-post","status-publish","format-standard","has-post-thumbnail","hentry","category-81","category-najave","category-naslovna","category-novosti","category-vijesti"],"_links":{"self":[{"href":"https:\/\/vinkovackejeseni.hr\/en\/wp-json\/wp\/v2\/posts\/2872","targetHints":{"allow":["GET"]}}],"collection":[{"href":"https:\/\/vinkovackejeseni.hr\/en\/wp-json\/wp\/v2\/posts"}],"about":[{"href":"https:\/\/vinkovackejeseni.hr\/en\/wp-json\/wp\/v2\/types\/post"}],"author":[{"embeddable":true,"href":"https:\/\/vinkovackejeseni.hr\/en\/wp-json\/wp\/v2\/users\/3"}],"replies":[{"embeddable":true,"href":"https:\/\/vinkovackejeseni.hr\/en\/wp-json\/wp\/v2\/comments?post=2872"}],"version-history":[{"count":0,"href":"https:\/\/vinkovackejeseni.hr\/en\/wp-json\/wp\/v2\/posts\/2872\/revisions"}],"wp:featuredmedia":[{"embeddable":true,"href":"https:\/\/vinkovackejeseni.hr\/en\/wp-json\/wp\/v2\/media\/2873"}],"wp:attachment":[{"href":"https:\/\/vinkovackejeseni.hr\/en\/wp-json\/wp\/v2\/media?parent=2872"}],"wp:term":[{"taxonomy":"category","embeddable":true,"href":"https:\/\/vinkovackejeseni.hr\/en\/wp-json\/wp\/v2\/categories?post=2872"},{"taxonomy":"post_tag","embeddable":true,"href":"https:\/\/vinkovackejeseni.hr\/en\/wp-json\/wp\/v2\/tags?post=2872"}],"curies":[{"name":"wp","href":"https:\/\/api.w.org\/{rel}","templated":true}]}}