{"id":2660,"date":"2018-05-04T00:35:07","date_gmt":"2018-05-03T22:35:07","guid":{"rendered":"http:\/\/vinkovackejeseni.hr\/?p=2660"},"modified":"2018-05-04T00:35:07","modified_gmt":"2018-05-03T22:35:07","slug":"uz-pregrst-istine-i-pregrst-atraktivnih-sadrzaja","status":"publish","type":"post","link":"https:\/\/vinkovackejeseni.hr\/en\/uz-pregrst-istine-i-pregrst-atraktivnih-sadrzaja\/","title":{"rendered":"Uz Pregr\u0161t istine i pregr\u0161t atraktivnih sadr\u017eaja"},"content":{"rendered":"<p>Sljede\u0107e \u0107e biti jo\u0161 ljep\u0161e, bolje, bogatije! Ovim se rije\u010dima, uz zahvalu svim sudionicima i svima koji su pridonijeli organizaciji, svake godine po zavr\u0161etku Vinkova\u010dkih jeseni, najve\u0107e manifestacije tradicijske kulture u Hrvatskoj, ali i ovom dijelu Europe, organizatori obrate javnosti. I svaki put odr\u017ee obe\u0107anje.<\/p>\n<p>Zato je sigurno da su pred nama jo\u0161 sjajnije i jo\u0161 rasko\u0161nije od prija\u0161njih, 53. Vinkova\u010dke jeseni koje \u0107e pod sloganom &#8220;Pregr\u0161t istine&#8221; biti odr\u017eane od 7. do 16. rujna. A jednako je istinita i tvrdnja kako pripreme za sljede\u0107e Jeseni po\u010dinju odmah po zavr\u0161etku prethodnih. Tako organizatori ve\u0107 odavno rade na pripremi 53. manifestacije i iako je do njezina po\u010detka ostalo ne\u0161to vi\u0161e od \u010detiri mjeseca svi su detalji definirani.<\/p>\n<p>Tradicijski, sredi\u0161nji dio, kao i uvijek organizira Zajednica kulturno umjetni\u010dkih djelatnosti Vukovarsko-srijemske \u017eupanije. ZAKUD se jo\u0161 jednom pobrinuo da Folklorne ve\u010deri, Dr\u017eavna smotra izvornoga hrvatskog folklora te Sve\u010dani mimohod sudionika i Revija konjanika i konjskih zaprega, kao i iznimno popularne Dje\u010dje Vinkova\u010dke jeseni, jo\u0161 jednom zablistaju punim sjajem i s jo\u0161 ve\u0107im brojem sudionika.<\/p>\n<p>Uz tradiciju, pak, ve\u0107 odavno &#8220;Jeseni&#8221; prate i urbani sadr\u017eaji za mlade kao i oni za gospodarstvenike, a \u010demu se unazad nekoliko godina posve\u0107uje posebna pozornost. Tako se puno toga mo\u017ee o\u010dekivati i ove godine.<\/p>\n<p><strong>\u00a0<\/strong><strong>Prijave za Sokak do 10. srpnja<\/strong><\/p>\n<p>Izme\u0111u ostaloga tu je i gospodarstvenicima jo\u0161 privla\u010dniji Slavonski sokak, odli\u010dna marketin\u0161ka pri\u010da, sadr\u017eaj koji se neosporno u kratkom vremenu profilirao u vrlo prepoznatljiv i odli\u010dno prihva\u0107en dio Vinkova\u010dkih jeseni. Zbog toga i zanimanje gospodarstvenika i obrtnika za Slavonski sokak neprestano raste, a za sve njih i informacija o tome kako je objavljen Poziv za iskazivanje interesa za najam prostora tijekom manifestacije Vinkova\u010dke jeseni kojim se svi zainteresirani pozivaju da do 10. srpnja 2018. godine podnesu zahtjev za najam prostora za pru\u017eanje ugostiteljskih usluga i najam drvenih ku\u0107ica i \u0161tandova za prigodnu prodaju od 7. do 16. rujna.<\/p>\n<p><a href=\"http:\/\/vinkovackejeseni.hr\/poziv-za-iskazivanje-interesa-za-najam-prostora-tijekom-manifestacije-53-vinkovacke-jeseni\/\">Poziv za iskazivanje interesa<\/a><\/p>\n<p><strong>&#8220;Prostor Sokaka je ograni\u010den, a svake godine interes je sve ve\u0107i i zato pozivamo sve da se na vrijeme prijave za svoj prostor. Pri tome neka obrate pozornost na uvjete natje\u010daja jer u ugostiteljskom dijelu, kako bi se omogu\u0107io \u0161to bolji poslovni rezultat, vrijedi na\u010delo ekskluzive. To vrijedi samo za Sokak, a ne i za ostale javne povr\u0161ine u gradu koje su tako\u0111er u ponudi. Za prigodnu prodaju proizvoda izvan ugostiteljske djelatnosti nema na\u010dela ekskluzive, ali je tako\u0111er dobro \u0161to prije osigurati prostor jer iskustvo govori da sav ponu\u0111eni prostor ode u najam vrlo kratkom vremenu nakon objave natje\u010daja. Cijene najma, ina\u010de, nisu podignute i iste su kao i prethodnih godina&#8221;<\/strong> &#8211; isti\u010de Mirjam Juki\u0107, direktorica Novosti d.o.o., koje su ove godine po prvi put organizator Vinkova\u010dkih jeseni za Grad Vinkovce zajedno sa ZAKUD-om, a zadu\u017eene su za off program, zakup prostora, marketing i odnose s javno\u0161\u0107u.<\/p>\n<p>U Slavonskom sokaku ponovno su na natje\u010daju i veliki \u0161ator te dva restoranska prostora, a i ove godine predvi\u0111en je prostor za pivnicu koji ne ide na natje\u010daj. &#8220;Taj prostor \u0107emo dati Udruzi osoba s invaliditetom &#8220;Bubamara&#8221; kako bi pomogli otvaranje &#8220;Buba bara&#8221; koji \u0107e omogu\u0107iti posao osobama s Downovim sindromom&#8221;, isti\u010de Juki\u0107.<\/p>\n<p>Kako je najavljeno, po drugi put za &#8220;Jeseni&#8221; u Vinkovcima \u0107e gostovati i Grad vina, a poznat je i koncertni program. Sva imena organizatori jo\u0161 uvijek ne \u017eele otkrivati, a Ivan Zak i TBF za sada \u0107e bit \u0107e dovoljni kako bi se zaintrigirala javnost.<\/p>\n<p>Jo\u0161 pokoji detalj ostaje kao iznena\u0111enje, a prema svemu sude\u0107i Vinkov\u010dane i njihove goste na 53. Vinkova\u010dkim jesenima uz slogan &#8220;Pregr\u0161t istine&#8221;, prema djelima slavonske knji\u017eevnice Mare \u0160vel Gamir\u0161ek, \u010deka i pregr\u0161t razli\u010ditih atraktivnih sadr\u017eaja koji jam\u010de vrhunski jesenski provod u Vinkovcima.<\/p>","protected":false},"excerpt":{"rendered":"<p>Sljede\u0107e \u0107e biti jo\u0161 ljep\u0161e, bolje, bogatije! Ovim se rije\u010dima, uz zahvalu svim sudionicima i svima koji su pridonijeli organizaciji, svake godine po zavr\u0161etku Vinkova\u010dkih jeseni, najve\u0107e manifestacije tradicijske kulture u Hrvatskoj, ali i ovom dijelu Europe, organizatori obrate javnosti. I svaki put odr\u017ee obe\u0107anje. Zato je sigurno da su pred nama jo\u0161 sjajnije i [&hellip;]<\/p>","protected":false},"author":3,"featured_media":2661,"comment_status":"closed","ping_status":"closed","sticky":false,"template":"","format":"standard","meta":{"_et_pb_use_builder":"","_et_pb_old_content":"","_et_gb_content_width":"","footnotes":""},"categories":[81,30,31,6],"tags":[],"class_list":["post-2660","post","type-post","status-publish","format-standard","has-post-thumbnail","hentry","category-81","category-naslovna","category-novosti","category-vijesti"],"_links":{"self":[{"href":"https:\/\/vinkovackejeseni.hr\/en\/wp-json\/wp\/v2\/posts\/2660","targetHints":{"allow":["GET"]}}],"collection":[{"href":"https:\/\/vinkovackejeseni.hr\/en\/wp-json\/wp\/v2\/posts"}],"about":[{"href":"https:\/\/vinkovackejeseni.hr\/en\/wp-json\/wp\/v2\/types\/post"}],"author":[{"embeddable":true,"href":"https:\/\/vinkovackejeseni.hr\/en\/wp-json\/wp\/v2\/users\/3"}],"replies":[{"embeddable":true,"href":"https:\/\/vinkovackejeseni.hr\/en\/wp-json\/wp\/v2\/comments?post=2660"}],"version-history":[{"count":0,"href":"https:\/\/vinkovackejeseni.hr\/en\/wp-json\/wp\/v2\/posts\/2660\/revisions"}],"wp:featuredmedia":[{"embeddable":true,"href":"https:\/\/vinkovackejeseni.hr\/en\/wp-json\/wp\/v2\/media\/2661"}],"wp:attachment":[{"href":"https:\/\/vinkovackejeseni.hr\/en\/wp-json\/wp\/v2\/media?parent=2660"}],"wp:term":[{"taxonomy":"category","embeddable":true,"href":"https:\/\/vinkovackejeseni.hr\/en\/wp-json\/wp\/v2\/categories?post=2660"},{"taxonomy":"post_tag","embeddable":true,"href":"https:\/\/vinkovackejeseni.hr\/en\/wp-json\/wp\/v2\/tags?post=2660"}],"curies":[{"name":"wp","href":"https:\/\/api.w.org\/{rel}","templated":true}]}}