{"id":2637,"date":"2018-02-14T20:16:24","date_gmt":"2018-02-14T19:16:24","guid":{"rendered":"http:\/\/vinkovackejeseni.hr\/?p=2637"},"modified":"2018-02-14T20:16:24","modified_gmt":"2018-02-14T19:16:24","slug":"pregrst-istine-za-53-vinkovacke-jeseni","status":"publish","type":"post","link":"https:\/\/vinkovackejeseni.hr\/en\/pregrst-istine-za-53-vinkovacke-jeseni\/","title":{"rendered":"&#8220;Pregr\u0161t istine&#8221; za 53. Vinkova\u010dke jeseni"},"content":{"rendered":"<p>Danas je odr\u017ean prvi sastanak Organizacijskog odbora 53. Vinkova\u010dkih jeseni, koje \u0107e se odr\u017eati od 7. do 16. rujna. Prema najavama organizatora, uz tradicijski dio manifestacije, ne\u0107e izostati ni urbanih sadr\u017eaja za mlade, ali ni za gospodarstvenike, kojima je Slavonski sokak svake godine sve privla\u010dniji.<\/p>\n<p>\u201cGospodarstvenici i obrtnici prepoznali su marketin\u0161ku pri\u010du Slavonskog sokaka, ali i priliku da u svom gradu prodaju svoje proizvode. Ve\u0107 sada vlada veliko zanimanje izlaga\u010da i to ne samo iz Vinkovaca\u201d \u2013 rekao je izme\u0111u ostaloga predsjednik OO Vinkova\u010dkih jeseni, gradona\u010delnik Ivan Bosan\u010di\u0107, koji je istaknuo veliku kulturnu i tradicijsku vrijednost manifestacije, ali i najavio bogat program 53. Vinkova\u010dkih jeseni.<\/p>\n<p>Iz tradicijskog dijela manifestacije tajnik ZAKUD-a Stjepan \u0110urkovi\u0107, istaknuo je kako \u0107e se sve\u010danost otvaranja odr\u017eati 14. rujna.<\/p>\n<p>\u201cKao i obi\u010dno manifestacija \u0107e zapo\u010deti Folklornim ve\u010derima, koje \u0107e trajati od 7. do 11. rujna, prvi vikend, 8. i 9. rujna odr\u017eat \u0107e se Dje\u010dje vinkova\u010dke jeseni, a Sve\u010danost otvaranja zakazana je za 14. rujna. Posljednjeg vikenda odr\u017eat \u0107e se Dr\u017eavna smotra folklora, a u nedjelju 16. rujna Sredi\u0161nji mimohod\u201d, najavio je doga\u0111anja \u0110urkovi\u0107.<\/p>\n<p>Tre\u0107u godinu zaredom organizacija popratnih doga\u0111anja povjerena je gradskoj tvrtki Promo Cibalae. Direktorica tvrtke Mirjam Juki\u0107 najavila je kako i ove godine zanimljivih evenata ne\u0107e nedostajati.<\/p>\n<p>\u201cKrenuli smo u pripreme ne\u0161to ranije i mogu re\u0107i kako \u0107emo se ove godine potruditi dodatno obogatiti program, ali i ponudu izlaga\u010da. U planu nam je dodatno pro\u0161iriti Slavonski sokak, jer zanimanje je veliko, odnosno javljaju nam se gospodarstvenici iz cijele Hrvatske. Isto tako mogu potvrditi kako \u0107e i ove godine u Vinkovcima gostovati Vinski grad s nadamo se ve\u0107im brojem doma\u0107ih proizvo\u0111a\u010da vina. \u0160to se koncerata ti\u010de, samo mogu re\u0107i kako su sva imena ve\u0107 manje vi\u0161e poznata, no jo\u0161 je prerano za izlazak u javnost. To \u0107emo ostaviti za sljede\u0107e dru\u017eenje s novinarima\u201d, naglasila je Juki\u0107.<\/p>\n<p>Scenaristica sve\u010danosti otvaranja Ana Cveni\u0107 objavila je kako \u0107e 53. Jeseni biti odr\u017eane pod sloganom \u201cPregr\u0161t istine\u201d, prema djelima slavonske knji\u017eevnice Mare \u0160verl Gamir\u0161ek.<\/p>","protected":false},"excerpt":{"rendered":"<p>Danas je odr\u017ean prvi sastanak Organizacijskog odbora 53. Vinkova\u010dkih jeseni, koje \u0107e se odr\u017eati od 7. do 16. rujna. Prema najavama organizatora, uz tradicijski dio manifestacije, ne\u0107e izostati ni urbanih sadr\u017eaja za mlade, ali ni za gospodarstvenike, kojima je Slavonski sokak svake godine sve privla\u010dniji. \u201cGospodarstvenici i obrtnici prepoznali su marketin\u0161ku pri\u010du Slavonskog sokaka, ali [&hellip;]<\/p>","protected":false},"author":3,"featured_media":2638,"comment_status":"closed","ping_status":"closed","sticky":false,"template":"","format":"standard","meta":{"_et_pb_use_builder":"","_et_pb_old_content":"","_et_gb_content_width":"","footnotes":""},"categories":[80,34,30,31,6],"tags":[],"class_list":["post-2637","post","type-post","status-publish","format-standard","has-post-thumbnail","hentry","category-80","category-najave","category-naslovna","category-novosti","category-vijesti"],"_links":{"self":[{"href":"https:\/\/vinkovackejeseni.hr\/en\/wp-json\/wp\/v2\/posts\/2637","targetHints":{"allow":["GET"]}}],"collection":[{"href":"https:\/\/vinkovackejeseni.hr\/en\/wp-json\/wp\/v2\/posts"}],"about":[{"href":"https:\/\/vinkovackejeseni.hr\/en\/wp-json\/wp\/v2\/types\/post"}],"author":[{"embeddable":true,"href":"https:\/\/vinkovackejeseni.hr\/en\/wp-json\/wp\/v2\/users\/3"}],"replies":[{"embeddable":true,"href":"https:\/\/vinkovackejeseni.hr\/en\/wp-json\/wp\/v2\/comments?post=2637"}],"version-history":[{"count":0,"href":"https:\/\/vinkovackejeseni.hr\/en\/wp-json\/wp\/v2\/posts\/2637\/revisions"}],"wp:featuredmedia":[{"embeddable":true,"href":"https:\/\/vinkovackejeseni.hr\/en\/wp-json\/wp\/v2\/media\/2638"}],"wp:attachment":[{"href":"https:\/\/vinkovackejeseni.hr\/en\/wp-json\/wp\/v2\/media?parent=2637"}],"wp:term":[{"taxonomy":"category","embeddable":true,"href":"https:\/\/vinkovackejeseni.hr\/en\/wp-json\/wp\/v2\/categories?post=2637"},{"taxonomy":"post_tag","embeddable":true,"href":"https:\/\/vinkovackejeseni.hr\/en\/wp-json\/wp\/v2\/tags?post=2637"}],"curies":[{"name":"wp","href":"https:\/\/api.w.org\/{rel}","templated":true}]}}