{"id":2615,"date":"2017-09-19T13:12:37","date_gmt":"2017-09-19T11:12:37","guid":{"rendered":"http:\/\/vinkovackejeseni.hr\/?p=2615"},"modified":"2017-09-19T13:12:37","modified_gmt":"2017-09-19T11:12:37","slug":"vinkovcani-zadovoljni-52-vinkovackim-jesenima","status":"publish","type":"post","link":"https:\/\/vinkovackejeseni.hr\/en\/vinkovcani-zadovoljni-52-vinkovackim-jesenima\/","title":{"rendered":"Vinkov\u010dani zadovoljni 52. Vinkova\u010dkim jesenima"},"content":{"rendered":"<p>Prema ocjenama brojnih posjetitelja, ali i izlaga\u010da, ugostitelja i svih onih koji su na bilo koji na\u010din bili dio 52. Vinkova\u010dkih jeseni, ovogodi\u0161nja manifestacija najbolja je do sada. Time se sla\u017eu i sami organizatori o \u010demu su vi\u0161e rekli na zavr\u0161noj medijskoj konferenciji:<\/p>\n<p><strong>\u201eKao nikada do sada medijski prostor je bio pokriven doga\u0111anjima na 52. Vinkova\u010dkim jesenima i zbog toga zahvaljujemo novinarima kao i organizatorima, te na\u0161im gra\u0111anima i ugostiteljima jer smo pokazali da je tradicijska kultura ne\u0161to \u0161to ne damo. Vinkova\u010dkim jesenima radimo na promociji\u00a0 na\u0161ih Vinkovaca\u201c<\/strong> \u2013 rekao je na dana\u0161njoj tiskovnoj konferenciji Ivan Bosan\u010di\u0107, predsjednik Organizacijskog odbora\u00a0 52. Vinkova\u010dkih jeseni i gradona\u010delnik Vinkovaca dodaju\u0107i kako su Vinkov\u010dani i njihovi gosti deset dana u\u017eivali u bogatom programu.<\/p>\n<p><strong>\u201eRazgovarao sam s gra\u0111anima i zadovoljni su \u0161to me veseli. Vinkova\u010dke jeseni su najve\u0107a manifestacija u kontinentalnoj Hrvatskoj i malo koji grad ima ovakav doga\u0111aj. Kre\u0107emo pripemati 53. Vinkova\u010dke jeseni koje \u0107e biti jo\u0161 bolje i atraktivnije\u201c<\/strong> \u2013 poru\u010dio je Bosan\u010di\u0107 najavljuju\u0107i kako \u0107e se Organizacijski odbor 53. Vinkova\u010dkih jeseni sastati ve\u0107 za mjesec i pol dana i po\u010deti s pripremama i u narednih godinu dana \u0107e \u201eizbrusiti\u201c detalje programa.<\/p>\n<p><strong>\u201eVidimo se na 53. Vinkova\u010dkim jesenima\u201c<\/strong> \u2013 poru\u010dio je Ivan Bosan\u010di\u0107, a Stjepan \u0110urkovi\u0107, tajnik ZAKUD-a je zahvalio svima koji su doprinijeli na uspje\u0161nosti ovogodi\u0161nje manifestacije.<\/p>\n<p><strong>\u201ePoslu\u017eilo nas je vrijeme, program je bio dobar i bogat, a 53. Jeseni \u0107e biti jo\u0161 bogatije\u201c<\/strong> &#8211; rekao je \u0110urkovi\u0107.<\/p>\n<p><strong><img loading=\"lazy\" decoding=\"async\" class=\"size-medium wp-image-2617 alignleft\" src=\"http:\/\/vinkovackejeseni.hr\/wp-content\/uploads\/2017\/09\/Tiskovna_2-300x200.jpg\" alt=\"\" width=\"300\" height=\"200\" \/>\u201eVinski grad, kao novost ovogodi\u0161njih Jeseni, izazvao je jako veliko zanimanje posjetitelja, kao i na\u0161 Slavonski sokak. Bilje\u017eimo velik interes medija kao i najve\u0107i interes izlaga\u010da i zakupaca prostora do sada. Na\u0161a slu\u017ebena stranica vinkovackejeseni.hr od 1. do 17. rujna ostvarila je vi\u0161e od 6 milijuna klikova, gotovo 90 000 posjeta, a pregledano je 467 000 stranica. Prijenosi u\u017eivo (streaming) na na\u0161oj internetskoj stranici ostvarili su ukupno vi\u0161e od 120 000 konekcija. U 20 dana slu\u017ebenu Facebook stranicu Vinkova\u010dkih jeseni pregledalo je gotovo 700 000 korisnika Facebooka.\u00a0 U danim trajanja manifestacije ostvareno je u na\u0161oj \u017eupaniji 9 000 no\u0107enja od \u010dega je 2 274 stranih turista iz Njema\u010dke, Slovenije, Austrije, Turske, BiH, Srbije, Italije, Francuske, SAD, Nizozemske, Ujedinjene Kraljevine, Australije, Gr\u010dke i mnogih drugih zemalja pa \u010dak i iz Maroka<\/strong>\u201c \u2013 rekla je Mirjam Juki\u0107, direktorica tvrtke Promo Cibalae.<\/p>","protected":false},"excerpt":{"rendered":"<p>Prema ocjenama brojnih posjetitelja, ali i izlaga\u010da, ugostitelja i svih onih koji su na bilo koji na\u010din bili dio 52. Vinkova\u010dkih jeseni, ovogodi\u0161nja manifestacija najbolja je do sada. Time se sla\u017eu i sami organizatori o \u010demu su vi\u0161e rekli na zavr\u0161noj medijskoj konferenciji: \u201eKao nikada do sada medijski prostor je bio pokriven doga\u0111anjima na 52. [&hellip;]<\/p>","protected":false},"author":3,"featured_media":2616,"comment_status":"closed","ping_status":"closed","sticky":false,"template":"","format":"standard","meta":{"_et_pb_use_builder":"","_et_pb_old_content":"","_et_gb_content_width":"","footnotes":""},"categories":[80,31,6],"tags":[],"class_list":["post-2615","post","type-post","status-publish","format-standard","has-post-thumbnail","hentry","category-80","category-novosti","category-vijesti"],"_links":{"self":[{"href":"https:\/\/vinkovackejeseni.hr\/en\/wp-json\/wp\/v2\/posts\/2615","targetHints":{"allow":["GET"]}}],"collection":[{"href":"https:\/\/vinkovackejeseni.hr\/en\/wp-json\/wp\/v2\/posts"}],"about":[{"href":"https:\/\/vinkovackejeseni.hr\/en\/wp-json\/wp\/v2\/types\/post"}],"author":[{"embeddable":true,"href":"https:\/\/vinkovackejeseni.hr\/en\/wp-json\/wp\/v2\/users\/3"}],"replies":[{"embeddable":true,"href":"https:\/\/vinkovackejeseni.hr\/en\/wp-json\/wp\/v2\/comments?post=2615"}],"version-history":[{"count":0,"href":"https:\/\/vinkovackejeseni.hr\/en\/wp-json\/wp\/v2\/posts\/2615\/revisions"}],"wp:featuredmedia":[{"embeddable":true,"href":"https:\/\/vinkovackejeseni.hr\/en\/wp-json\/wp\/v2\/media\/2616"}],"wp:attachment":[{"href":"https:\/\/vinkovackejeseni.hr\/en\/wp-json\/wp\/v2\/media?parent=2615"}],"wp:term":[{"taxonomy":"category","embeddable":true,"href":"https:\/\/vinkovackejeseni.hr\/en\/wp-json\/wp\/v2\/categories?post=2615"},{"taxonomy":"post_tag","embeddable":true,"href":"https:\/\/vinkovackejeseni.hr\/en\/wp-json\/wp\/v2\/tags?post=2615"}],"curies":[{"name":"wp","href":"https:\/\/api.w.org\/{rel}","templated":true}]}}