{"id":2590,"date":"2017-09-17T12:00:58","date_gmt":"2017-09-17T10:00:58","guid":{"rendered":"http:\/\/vinkovackejeseni.hr\/?p=2590"},"modified":"2017-09-17T12:00:58","modified_gmt":"2017-09-17T10:00:58","slug":"kolinda-grabar-kitarovic-ovo-je-najveca-manifestacija-hrvatskog-folklora-u-europi","status":"publish","type":"post","link":"https:\/\/vinkovackejeseni.hr\/en\/kolinda-grabar-kitarovic-ovo-je-najveca-manifestacija-hrvatskog-folklora-u-europi\/","title":{"rendered":"Kolinda Grabar Kitarovi\u0107: Ovo je najve\u0107a manifestacija hrvatskog folklora u Europi"},"content":{"rendered":"<p>Posljednjeg dana 52. Vinkova\u010dkih jeseni odr\u017ean je prema mnogima najsve\u010daniji dio manifestacije, Veliki mimohod. Ove godine ulicama i trgovima grada pro\u0161etalo je gotovo 4000 sudionika iz Hrvatske i dijaspore. Iako ove godine prognoza vremena nije i\u0161la na ruku organizatorima i sudionicima, Mimohod je ipak odr\u017ean, a veliki broj okupljenih gledatelja znalo je pljeskom nagraditi napore sudionika, koji su se za ovaj doga\u0111aj pripremali punih godinu dana.<\/p>\n<p>U ime doma\u0107ina okupljenim sudionicima i posjetiteljjima obratio se vinkova\u010dki gradona\u010delnik i predsjednik Organizacijskog odbora 52. Vinkova\u010dkih jeseni, Ivan Bosan\u010di\u0107:<\/p>\n<p><strong>\u201eNajve\u0107i pozdrav upu\u0107ujem svima vama koji ste do\u0161li iz cijele Hrvatske, ali i iz dijaspore da uveli\u010date na\u0161e Jeseni s ciljem o\u010duvanja na\u0161e hrvatske tradicije i svega onoga \u0161to smo primili u zalog od na\u0161ih predaka. Na\u0161a obveza je da na ovaj na\u010din uputimo na\u0161e mlade kako se cijeni i voli Domovina. U\u017eivajte u Vinkovcima, osje\u0107ajte se kao kod ku\u0107e i ovu krunu na\u0161e manifestacije do\u017eivite onako kako treba, punog i ponosnog srca\u201c<\/strong><\/p>\n<p><img loading=\"lazy\" decoding=\"async\" class=\"size-medium wp-image-2597 alignright\" src=\"http:\/\/vinkovackejeseni.hr\/wp-content\/uploads\/2017\/09\/mimohod1-300x225.jpg\" alt=\"\" width=\"300\" height=\"225\" \/>I 52. Vinkova\u010dke jeseni odr\u017eavaju se pod visokim pokroviteljstvom Predsjednice Republike Hrvatske Kolinde Grabar-Kitarovi\u0107, koja je tako\u0111er nazo\u010dila Mimohodu i koja je prigodnim rije\u010dima ozna\u010dila njegov po\u010detak:<\/p>\n<p><strong>\u201ePosebna mi je \u010dast i zadovoljstvo biti danas s vama. Drago mi je da prvi puta kao Predsjednica sudjelujem u Sve\u010danom mimohodu i posebna mi je \u010dast biti pokroviteljicom Vinkova\u010dkih jeseni. Ovo je iznimna kulturna sve\u010danost, koja je toliko godina \u010duvala hrvatski jezik, kulturu i narodne obi\u010daje. Zato dr\u017eim da osmi\u0161ljenom dr\u017eavnom politikom moramo podr\u017eavati, kako Vinkova\u010dke jeseni tako i druge kulturne manifestacije koje \u010duvaju hrvatsko folklorno i nacionalno naslije\u0111e. Ovo je najve\u0107a manifestacija hrvatskog folklora ovakve vrste u Europi i nadam se da \u0107ete u godinama koje dolaze uspje\u0161no organizirati Vinkova\u010dke jeseni i nastaviti ovu tradiciju i kulturu\u201c<\/strong><\/p>\n<p>Na \u010delu mimohoda je bila vinkova\u010dka Limena glazba i ma\u017eoretkinje, slijedile su zastave i grbovi, a potom hrvatske povijesne postrojbe i udruge. Za njima su hodile 74 folklorne skupine koje su se potrudile i odjenule svoje najljep\u0161e no\u0161nje. Bilo je tu folklora\u0161a iz svih regija Hrvatske \u2013 od Srijema do Dubrova\u010dkih gornjih sela ali i folklorne skupine iz inozemstva, gdje na\u0161i ljudi njeguju naslije\u0111e iz starine svoga mjesta i zavi\u010daja. Nakon KUD-ova uslijedilo je 30 konjanika i isto toliko zaprega.<\/p>\n<p><img loading=\"lazy\" decoding=\"async\" class=\"size-medium wp-image-2596 alignleft\" src=\"http:\/\/vinkovackejeseni.hr\/wp-content\/uploads\/2017\/09\/Kolinda-u-kolu-300x225.jpg\" alt=\"\" width=\"300\" height=\"225\" \/>Nakon mimohoda, u najve\u0107e kolo uhvatilo se gotovo 4.000 folklora\u0161a i nekoliko tisu\u0107a posjetitelja, me\u0111u njima i Predsjednica Grabar-Kitarovi\u0107, koji su zaplesali du\u017e rute Sve\u010danog mimohoda, ali plesalo se i u Slavonskom sokaku. Izmije\u0161ali su se u Kolu sudionici i posjetitelji, a to je ujedno bila i najbolja slika zajedni\u0161tvo hrvatskog naroda koji zna cijeniti i \u010duvati naslije\u0111e.<\/p>\n<p>&nbsp;<\/p>\n<p>&nbsp;<\/p>\n\n\t\t<style type=\"text\/css\">\n\t\t\t#gallery-1 {\n\t\t\t\tmargin: auto;\n\t\t\t}\n\t\t\t#gallery-1 .gallery-item {\n\t\t\t\tfloat: left;\n\t\t\t\tmargin-top: 10px;\n\t\t\t\ttext-align: center;\n\t\t\t\twidth: 33%;\n\t\t\t}\n\t\t\t#gallery-1 img {\n\t\t\t\tborder: 2px solid #cfcfcf;\n\t\t\t}\n\t\t\t#gallery-1 .gallery-caption {\n\t\t\t\tmargin-left: 0;\n\t\t\t}\n\t\t\t\/* see gallery_shortcode() in wp-includes\/media.php *\/\n\t\t<\/style>\n\t\t<div id='gallery-1' class='gallery galleryid-2590 gallery-columns-3 gallery-size-thumbnail'><dl class='gallery-item'>\n\t\t\t<dt class='gallery-icon landscape'>\n\t\t\t\t<a href='https:\/\/vinkovackejeseni.hr\/en\/dcim100mediadji_0068-jpg\/'><img loading=\"lazy\" decoding=\"async\" width=\"150\" height=\"150\" src=\"https:\/\/vinkovackejeseni.hr\/wp-content\/uploads\/2017\/09\/kolo1-150x150.jpg\" class=\"attachment-thumbnail size-thumbnail\" alt=\"\" \/><\/a>\n\t\t\t<\/dt><\/dl><dl class='gallery-item'>\n\t\t\t<dt class='gallery-icon landscape'>\n\t\t\t\t<a href='https:\/\/vinkovackejeseni.hr\/en\/pretposljednji-dan-u-znaku-drzavne-smotre-izvornog-hrvatskog-folklora-i-koncerta-zvonka-bodgana\/dcim100mediadji_0072-jpg\/'><img loading=\"lazy\" decoding=\"async\" width=\"150\" height=\"150\" src=\"https:\/\/vinkovackejeseni.hr\/wp-content\/uploads\/2017\/09\/kolo2-150x150.jpg\" class=\"attachment-thumbnail size-thumbnail\" alt=\"\" \/><\/a>\n\t\t\t<\/dt><\/dl><dl class='gallery-item'>\n\t\t\t<dt class='gallery-icon landscape'>\n\t\t\t\t<a href='https:\/\/vinkovackejeseni.hr\/en\/dcim100mediadji_0082-jpg\/'><img loading=\"lazy\" decoding=\"async\" width=\"150\" height=\"150\" src=\"https:\/\/vinkovackejeseni.hr\/wp-content\/uploads\/2017\/09\/kolo3-150x150.jpg\" class=\"attachment-thumbnail size-thumbnail\" alt=\"\" \/><\/a>\n\t\t\t<\/dt><\/dl><br style=\"clear: both\" \/><dl class='gallery-item'>\n\t\t\t<dt class='gallery-icon landscape'>\n\t\t\t\t<a href='https:\/\/vinkovackejeseni.hr\/en\/dcim100mediadji_0087-jpg\/'><img loading=\"lazy\" decoding=\"async\" width=\"150\" height=\"150\" src=\"https:\/\/vinkovackejeseni.hr\/wp-content\/uploads\/2017\/09\/kolo4-150x150.jpg\" class=\"attachment-thumbnail size-thumbnail\" alt=\"\" \/><\/a>\n\t\t\t<\/dt><\/dl><dl class='gallery-item'>\n\t\t\t<dt class='gallery-icon landscape'>\n\t\t\t\t<a href='https:\/\/vinkovackejeseni.hr\/en\/dcim100mediadji_0090-jpg\/'><img loading=\"lazy\" decoding=\"async\" width=\"150\" height=\"150\" src=\"https:\/\/vinkovackejeseni.hr\/wp-content\/uploads\/2017\/09\/kolo5-150x150.jpg\" class=\"attachment-thumbnail size-thumbnail\" alt=\"\" \/><\/a>\n\t\t\t<\/dt><\/dl><dl class='gallery-item'>\n\t\t\t<dt class='gallery-icon landscape'>\n\t\t\t\t<a href='https:\/\/vinkovackejeseni.hr\/en\/dcim100mediadji_0098-jpg\/'><img loading=\"lazy\" decoding=\"async\" width=\"150\" height=\"150\" src=\"https:\/\/vinkovackejeseni.hr\/wp-content\/uploads\/2017\/09\/kolo6-150x150.jpg\" class=\"attachment-thumbnail size-thumbnail\" alt=\"\" \/><\/a>\n\t\t\t<\/dt><\/dl><br style=\"clear: both\" \/>\n\t\t<\/div>","protected":false},"excerpt":{"rendered":"<p>Posljednjeg dana 52. Vinkova\u010dkih jeseni odr\u017ean je prema mnogima najsve\u010daniji dio manifestacije, Veliki mimohod. Ove godine ulicama i trgovima grada pro\u0161etalo je gotovo 4000 sudionika iz Hrvatske i dijaspore. Iako ove godine prognoza vremena nije i\u0161la na ruku organizatorima i sudionicima, Mimohod je ipak odr\u017ean, a veliki broj okupljenih gledatelja znalo je pljeskom nagraditi napore [&hellip;]<\/p>","protected":false},"author":3,"featured_media":2610,"comment_status":"closed","ping_status":"closed","sticky":false,"template":"","format":"standard","meta":{"_et_pb_use_builder":"","_et_pb_old_content":"","_et_gb_content_width":"","footnotes":""},"categories":[80,31,6],"tags":[],"class_list":["post-2590","post","type-post","status-publish","format-standard","has-post-thumbnail","hentry","category-80","category-novosti","category-vijesti"],"_links":{"self":[{"href":"https:\/\/vinkovackejeseni.hr\/en\/wp-json\/wp\/v2\/posts\/2590","targetHints":{"allow":["GET"]}}],"collection":[{"href":"https:\/\/vinkovackejeseni.hr\/en\/wp-json\/wp\/v2\/posts"}],"about":[{"href":"https:\/\/vinkovackejeseni.hr\/en\/wp-json\/wp\/v2\/types\/post"}],"author":[{"embeddable":true,"href":"https:\/\/vinkovackejeseni.hr\/en\/wp-json\/wp\/v2\/users\/3"}],"replies":[{"embeddable":true,"href":"https:\/\/vinkovackejeseni.hr\/en\/wp-json\/wp\/v2\/comments?post=2590"}],"version-history":[{"count":0,"href":"https:\/\/vinkovackejeseni.hr\/en\/wp-json\/wp\/v2\/posts\/2590\/revisions"}],"wp:featuredmedia":[{"embeddable":true,"href":"https:\/\/vinkovackejeseni.hr\/en\/wp-json\/wp\/v2\/media\/2610"}],"wp:attachment":[{"href":"https:\/\/vinkovackejeseni.hr\/en\/wp-json\/wp\/v2\/media?parent=2590"}],"wp:term":[{"taxonomy":"category","embeddable":true,"href":"https:\/\/vinkovackejeseni.hr\/en\/wp-json\/wp\/v2\/categories?post=2590"},{"taxonomy":"post_tag","embeddable":true,"href":"https:\/\/vinkovackejeseni.hr\/en\/wp-json\/wp\/v2\/tags?post=2590"}],"curies":[{"name":"wp","href":"https:\/\/api.w.org\/{rel}","templated":true}]}}