{"id":2583,"date":"2017-09-16T01:01:54","date_gmt":"2017-09-15T23:01:54","guid":{"rendered":"http:\/\/vinkovackejeseni.hr\/?p=2583"},"modified":"2017-09-16T01:01:54","modified_gmt":"2017-09-15T23:01:54","slug":"najava-devetog-dana-52-vinkovackih-jeseni-u-subotu-16-rujna","status":"publish","type":"post","link":"https:\/\/vinkovackejeseni.hr\/en\/najava-devetog-dana-52-vinkovackih-jeseni-u-subotu-16-rujna\/","title":{"rendered":"Najava devetog dana 52. Vinkova\u010dkih jeseni, u subotu 16. rujna"},"content":{"rendered":"<p>Danas, pretposljednjeg dana 52. Vinkova\u010dkih jeseni, subota 16. rujna bogata je doga\u0111anjima. Kao svakog dana, u Slavonskom sokaku od 10 do 23 sata je Sajam gospodarstva, tradicijskih obrta i rukotvorina, a od 17 do 1 sat iza pono\u0107i na Trgu bana \u0160ok\u010devi\u0107a je Vinski grad gdje ljubitelji vina mogu ku\u0161ati vina 20-ak vinara iz Hrvatske i Ma\u0111arske. Od 12 do 17 sati u Slavonskom sokaku\u00a0izra\u0111uje se skulptura Feniksa od slame, a 17 do 18,30 sati u sredi\u0161tu grada \u0107e Kulturni centar Gatalinka predstaviti etno frizure svijeta. Od 18,30 do 19 sati je mimohod La\u0161ko ma\u017eoretkinja od sredi\u0161ta grada do Slavonskog sokaka, gdje od 19 do 19,30 sati majstori pivari iz La\u0161kog otvaraju pivsku ba\u010dvu. Na Koncertu u sokaku od 18 do 22 sata nastupa Korzo Trupa, a na pozornici na Trgu bana \u0160ok\u010devi\u0107a od 19 do 21 sat je prvi dio Dr\u017eavne smotre izvornog hrvatskog folklora\u00a0na kojoj \u0107e nastupiti 13 KUD-ova iz hrvatskih \u017eupanija, ali i iz dijaspore. Na ovoj smotri nastupaju pobjednici \u017eupanijskih i regionalnih smotri folklora\u0161a.<\/p>\n<p>Na Malim divanima u \u0161atoru Vinkova\u010dkih jeseni ulaz je besplatan i uz promotivne cijene \u010dobanca i pi\u0107a, posjetitelji \u0107e mo\u0107i u\u017eivati u tambura\u0161koj glazbi TS Slavonski suton od 20 sati, TS Bege\u0161 od 21,30 i Ivana Stapi\u0107a od 23 sata nadalje.<\/p>\n<p>Od popratnih priredbi, u Pje\u0161a\u010dkoj zoni od 10 do 13 sati je predavanje Etno frizure svijeta u organizaciji KC Gatalinka, a od 19 do 21,30 sati na Bosutu u mini maratonu la\u0111a nastupa 16 la\u0111arskih ekipa s 350 sudionika iz Hrvatske, Slovenije i Srbije.<\/p>","protected":false},"excerpt":{"rendered":"<p>Danas, pretposljednjeg dana 52. Vinkova\u010dkih jeseni, subota 16. rujna bogata je doga\u0111anjima. Kao svakog dana, u Slavonskom sokaku od 10 do 23 sata je Sajam gospodarstva, tradicijskih obrta i rukotvorina, a od 17 do 1 sat iza pono\u0107i na Trgu bana \u0160ok\u010devi\u0107a je Vinski grad gdje ljubitelji vina mogu ku\u0161ati vina 20-ak vinara iz Hrvatske [&hellip;]<\/p>","protected":false},"author":3,"featured_media":2286,"comment_status":"closed","ping_status":"closed","sticky":false,"template":"","format":"standard","meta":{"_et_pb_use_builder":"","_et_pb_old_content":"","_et_gb_content_width":"","footnotes":""},"categories":[80,34],"tags":[],"class_list":["post-2583","post","type-post","status-publish","format-standard","has-post-thumbnail","hentry","category-80","category-najave"],"_links":{"self":[{"href":"https:\/\/vinkovackejeseni.hr\/en\/wp-json\/wp\/v2\/posts\/2583","targetHints":{"allow":["GET"]}}],"collection":[{"href":"https:\/\/vinkovackejeseni.hr\/en\/wp-json\/wp\/v2\/posts"}],"about":[{"href":"https:\/\/vinkovackejeseni.hr\/en\/wp-json\/wp\/v2\/types\/post"}],"author":[{"embeddable":true,"href":"https:\/\/vinkovackejeseni.hr\/en\/wp-json\/wp\/v2\/users\/3"}],"replies":[{"embeddable":true,"href":"https:\/\/vinkovackejeseni.hr\/en\/wp-json\/wp\/v2\/comments?post=2583"}],"version-history":[{"count":0,"href":"https:\/\/vinkovackejeseni.hr\/en\/wp-json\/wp\/v2\/posts\/2583\/revisions"}],"wp:featuredmedia":[{"embeddable":true,"href":"https:\/\/vinkovackejeseni.hr\/en\/wp-json\/wp\/v2\/media\/2286"}],"wp:attachment":[{"href":"https:\/\/vinkovackejeseni.hr\/en\/wp-json\/wp\/v2\/media?parent=2583"}],"wp:term":[{"taxonomy":"category","embeddable":true,"href":"https:\/\/vinkovackejeseni.hr\/en\/wp-json\/wp\/v2\/categories?post=2583"},{"taxonomy":"post_tag","embeddable":true,"href":"https:\/\/vinkovackejeseni.hr\/en\/wp-json\/wp\/v2\/tags?post=2583"}],"curies":[{"name":"wp","href":"https:\/\/api.w.org\/{rel}","templated":true}]}}