{"id":2580,"date":"2017-09-15T21:35:39","date_gmt":"2017-09-15T19:35:39","guid":{"rendered":"http:\/\/vinkovackejeseni.hr\/?p=2580"},"modified":"2017-09-15T21:35:39","modified_gmt":"2017-09-15T19:35:39","slug":"uz-bogat-glazbeno-scenski-program-svecano-otvorene-52-vinkovacke-jeseni","status":"publish","type":"post","link":"https:\/\/vinkovackejeseni.hr\/en\/uz-bogat-glazbeno-scenski-program-svecano-otvorene-52-vinkovacke-jeseni\/","title":{"rendered":"Uz bogat glazbeno-scenski program Sve\u010dano otvorene 52. Vinkova\u010dke jeseni"},"content":{"rendered":"<p>Na velikoj pozornici na Trgu bana \u0160ok\u010devi\u0107a odr\u017ean je program naslovljen &#8220;Ex Slavonia&#8221; ili &#8220;Iz Slavonije&#8221; kojim su sve\u010dano otvorene \u00a052. Vinkova\u010dke jeseni \u0161to se od 8. do 17. rujna odr\u017eavaju pod visokim pokroviteljstvom hrvatske predsjednice Kolinde Grabar Kitarovi\u0107.<\/p>\n<p><strong>\u201eDobro do\u0161li u grad koji njeguje hrvatsku tradicijsku pri\u010du vi\u0161e od pola stolje\u0107a. Pozivam vas da ovog vikenda, koji je kruna na\u0161e manifestacije, zajedno zavirimo u bogatu riznicu hrvatske tradicijske kulture i ba\u0161tine, te da u na\u0161em gradu do\u017eivite svu ljepotu obi\u010daja Domovine, a na na\u0161im ulicama i trgovima mo\u017eete okusiti Slavoniju svim \u010dulima. \u200bLjepotu na\u0161e pitome slavonske ravnice okrunila je ova manifestacija koja svojim optimizmom i nenadma\u0161nom ljepotom uvijek iznova donese radost u srca, kako sudionika, kojih je ove godine gotovo 10.000, tako vjerujem i vas koji ste ve\u010deras ovdje. \u200bSlavonija je svijetu pru\u017eila sjajnu plejadu ljudi koji su svojom rije\u010dju i vizijom oplemenili svoj zavi\u010daj, obogatili \u010dovjekov \u017eivot potakli njegove misli i zatitrali njegovim osje\u0107ajima. Uvjeren sam da su Vinkova\u010dke jeseni kroz svojih pola stolje\u0107a uspjele do\u010darati pro\u0161lost u njenim izvornim oblicima, uspje\u0161no pokazati sada\u0161njost, a istodobno usmjeriti u budu\u0107nost mnoge mlade nara\u0161taje koji \u0107e njegovati obi\u010daje svojih predaka i ljubav prema hrvatskoj zemlji. Nadaju\u0107i se da \u0107emo ovom manifestacijom u hrvatskom narodu izazvati osje\u0107aj zajedni\u0161tva, ljubav prema tradiciji i optimizam koji nam nedostaje, \u017eelim vam dobrodo\u0161licu na 52. Vinkova\u010dke jeseni\u201c<\/strong> \u2013 rekao je vinkova\u010dki \u00a0gradona\u010delnik i predsjednik Organizacijskog odbora 52. Vinkova\u010dkih jeseni Ivan Bosan\u010di\u0107, a potom je manifestaciju otvorio predsjednik sabora Goran Jandrokovi\u0107, koji je naglasio kako je ovaj tradicionalni hrvatski folklorni festival postao jedan od najva\u017enijih manifestacija ove vrste u Hrvatskoj, ali i u ovom dijelu Europe.<\/p>\n<p>Glumci, pjeva\u010di, solisti na tradicijskim glazbalima, tambura\u0161ki sastavi, kulturno-umjetni\u010dka dru\u0161tva, pjeva\u010dke skupine i mnogi drugi, bili su dio scensko-glazbene priredbe, koju je i ove godine zamislila autorica Ana Cveni\u0107, prema \u010dijim rije\u010dima strukturu scenarija \u010dini ditiramb ljepota slavonske ravnice iskazan pjesmom vinkova\u010dkog pjesnika Vladimira Kova\u010di\u0107a \u201eEx Slavonia\u201c i niz fragmenata kroz koje se pri\u010da o Slavoniji. To je i pri\u010da o mladima, kojima je na prvom mjestu po va\u017enosti ljubav i ljepota, poja\u0161njava Ana Cveni\u0107.<\/p>\n<p>U bogatom programu sudjelovalo je 14 profesionalnih i \u010detvero amaterskih glumaca, zatim KUD \u0160umari, HKUD Osijek 1862., KUD \u0160okadija iz Starih Mikanovaca, tambura\u0161ki sastavi Dike, Slavonske lole, Caprio, \u0110eram, Slavonski dukati, pjeva\u010dke skupine Sinovi atara, \u017denska pjeva\u010dka skupina Andrija\u0161evci, pjeva\u010dka grupa Lipe, \u0160ima Jovanovac, Stanko \u0160ari\u0107&#8230;<\/p>","protected":false},"excerpt":{"rendered":"<p>Na velikoj pozornici na Trgu bana \u0160ok\u010devi\u0107a odr\u017ean je program naslovljen &#8220;Ex Slavonia&#8221; ili &#8220;Iz Slavonije&#8221; kojim su sve\u010dano otvorene \u00a052. Vinkova\u010dke jeseni \u0161to se od 8. do 17. rujna odr\u017eavaju pod visokim pokroviteljstvom hrvatske predsjednice Kolinde Grabar Kitarovi\u0107. \u201eDobro do\u0161li u grad koji njeguje hrvatsku tradicijsku pri\u010du vi\u0161e od pola stolje\u0107a. Pozivam vas da [&hellip;]<\/p>","protected":false},"author":3,"featured_media":2581,"comment_status":"closed","ping_status":"closed","sticky":false,"template":"","format":"standard","meta":{"_et_pb_use_builder":"","_et_pb_old_content":"","_et_gb_content_width":"","footnotes":""},"categories":[80,31,6],"tags":[],"class_list":["post-2580","post","type-post","status-publish","format-standard","has-post-thumbnail","hentry","category-80","category-novosti","category-vijesti"],"_links":{"self":[{"href":"https:\/\/vinkovackejeseni.hr\/en\/wp-json\/wp\/v2\/posts\/2580","targetHints":{"allow":["GET"]}}],"collection":[{"href":"https:\/\/vinkovackejeseni.hr\/en\/wp-json\/wp\/v2\/posts"}],"about":[{"href":"https:\/\/vinkovackejeseni.hr\/en\/wp-json\/wp\/v2\/types\/post"}],"author":[{"embeddable":true,"href":"https:\/\/vinkovackejeseni.hr\/en\/wp-json\/wp\/v2\/users\/3"}],"replies":[{"embeddable":true,"href":"https:\/\/vinkovackejeseni.hr\/en\/wp-json\/wp\/v2\/comments?post=2580"}],"version-history":[{"count":0,"href":"https:\/\/vinkovackejeseni.hr\/en\/wp-json\/wp\/v2\/posts\/2580\/revisions"}],"wp:featuredmedia":[{"embeddable":true,"href":"https:\/\/vinkovackejeseni.hr\/en\/wp-json\/wp\/v2\/media\/2581"}],"wp:attachment":[{"href":"https:\/\/vinkovackejeseni.hr\/en\/wp-json\/wp\/v2\/media?parent=2580"}],"wp:term":[{"taxonomy":"category","embeddable":true,"href":"https:\/\/vinkovackejeseni.hr\/en\/wp-json\/wp\/v2\/categories?post=2580"},{"taxonomy":"post_tag","embeddable":true,"href":"https:\/\/vinkovackejeseni.hr\/en\/wp-json\/wp\/v2\/tags?post=2580"}],"curies":[{"name":"wp","href":"https:\/\/api.w.org\/{rel}","templated":true}]}}