{"id":2578,"date":"2017-09-15T13:09:14","date_gmt":"2017-09-15T11:09:14","guid":{"rendered":"http:\/\/vinkovackejeseni.hr\/?p=2578"},"modified":"2017-09-15T13:09:14","modified_gmt":"2017-09-15T11:09:14","slug":"na-malim-divanima-i-tamburaskom-maratonu-ce-biti-veselo","status":"publish","type":"post","link":"https:\/\/vinkovackejeseni.hr\/en\/na-malim-divanima-i-tamburaskom-maratonu-ce-biti-veselo\/","title":{"rendered":"Na Malim divanima i Tambura\u0161kom maratonu \u0107e biti veselo"},"content":{"rendered":"<p>Kako bi \u0161to ve\u0107em broju ljudi koji vole tambura\u0161ku pjesmu, slavonska kola i \u0161oka\u010dke obi\u010daje, bilo omogu\u0107eno da u\u017eivaju u onome \u0161to vole, u Velikom \u0161atoru Vinkova\u010dkih jeseni u subotu \u0107e se odr\u017eati <strong>Mali divani<\/strong>. Naime, organizatori su svjesni kako ne mogu svi nazo\u010diti programu \u0160oka\u010dkih divana koji se odr\u017eavaju u petak, 15. rujna odmah nakon sve\u010danosti otvorenja 52. Vinkova\u010dkih jeseni, zbog ograni\u010denog prostora pa su se dosjetili kako omogu\u0107iti ve\u0107em broju ljudi u\u017eivanje u divanima i \u0161to sve uz njih ide.<\/p>\n<p>Program po\u010dinje u subotu u \u0161atoru Vinkova\u010dkih jeseni ve\u0107 u 20 sati kada nastupa TS Slavonski suton. U 21,30 sati po\u010dinje nastup TS Bege\u0161, a u 23 sata na pozornicu izlazi Ivan Stapi\u0107.<\/p>\n<p>Uz porciju prvoklasnog \u010dobanca po promotivnoj cijeni od 25 kuna i uz veliki izbor pi\u0107a, gosti \u0107e sigurno u\u017eivati.<\/p>\n<p>U nedjelju, u istom prostoru, tako\u0111er uz ponudu \u010dobanca po istoj cijeni, je <strong>Tambura\u0161ki maraton<\/strong>. Od 12 sati nastupa Tambura\u0161ki sastav Slavonski suton, a od 15 do 18 sati\u00a0TS Endemi.<\/p>","protected":false},"excerpt":{"rendered":"<p>Kako bi \u0161to ve\u0107em broju ljudi koji vole tambura\u0161ku pjesmu, slavonska kola i \u0161oka\u010dke obi\u010daje, bilo omogu\u0107eno da u\u017eivaju u onome \u0161to vole, u Velikom \u0161atoru Vinkova\u010dkih jeseni u subotu \u0107e se odr\u017eati Mali divani. Naime, organizatori su svjesni kako ne mogu svi nazo\u010diti programu \u0160oka\u010dkih divana koji se odr\u017eavaju u petak, 15. rujna odmah [&hellip;]<\/p>","protected":false},"author":3,"featured_media":2296,"comment_status":"closed","ping_status":"closed","sticky":false,"template":"","format":"standard","meta":{"_et_pb_use_builder":"","_et_pb_old_content":"","_et_gb_content_width":"","footnotes":""},"categories":[80,34],"tags":[],"class_list":["post-2578","post","type-post","status-publish","format-standard","has-post-thumbnail","hentry","category-80","category-najave"],"_links":{"self":[{"href":"https:\/\/vinkovackejeseni.hr\/en\/wp-json\/wp\/v2\/posts\/2578","targetHints":{"allow":["GET"]}}],"collection":[{"href":"https:\/\/vinkovackejeseni.hr\/en\/wp-json\/wp\/v2\/posts"}],"about":[{"href":"https:\/\/vinkovackejeseni.hr\/en\/wp-json\/wp\/v2\/types\/post"}],"author":[{"embeddable":true,"href":"https:\/\/vinkovackejeseni.hr\/en\/wp-json\/wp\/v2\/users\/3"}],"replies":[{"embeddable":true,"href":"https:\/\/vinkovackejeseni.hr\/en\/wp-json\/wp\/v2\/comments?post=2578"}],"version-history":[{"count":0,"href":"https:\/\/vinkovackejeseni.hr\/en\/wp-json\/wp\/v2\/posts\/2578\/revisions"}],"wp:featuredmedia":[{"embeddable":true,"href":"https:\/\/vinkovackejeseni.hr\/en\/wp-json\/wp\/v2\/media\/2296"}],"wp:attachment":[{"href":"https:\/\/vinkovackejeseni.hr\/en\/wp-json\/wp\/v2\/media?parent=2578"}],"wp:term":[{"taxonomy":"category","embeddable":true,"href":"https:\/\/vinkovackejeseni.hr\/en\/wp-json\/wp\/v2\/categories?post=2578"},{"taxonomy":"post_tag","embeddable":true,"href":"https:\/\/vinkovackejeseni.hr\/en\/wp-json\/wp\/v2\/tags?post=2578"}],"curies":[{"name":"wp","href":"https:\/\/api.w.org\/{rel}","templated":true}]}}