{"id":2576,"date":"2017-09-15T09:34:18","date_gmt":"2017-09-15T07:34:18","guid":{"rendered":"http:\/\/vinkovackejeseni.hr\/?p=2576"},"modified":"2017-09-15T09:34:18","modified_gmt":"2017-09-15T07:34:18","slug":"najava-osmog-dana-52-vinkovackih-jeseni-u-petak-15-rujna","status":"publish","type":"post","link":"https:\/\/vinkovackejeseni.hr\/en\/najava-osmog-dana-52-vinkovackih-jeseni-u-petak-15-rujna\/","title":{"rendered":"Najava osmog dana 52. Vinkova\u010dkih jeseni, u petak 15. rujna"},"content":{"rendered":"<p>Drugi petak ozna\u010dava po\u010detak vikenda kada se doga\u0111aju, po mnogima, najatraktivnije priredbe i vrhunac 52. Vinkova\u010dkih jeseni. Sredi\u0161nji doga\u0111aj je, naravno, sve\u010danost otvorenja 52. Vinkova\u010dkih jeseni \u0161to se odr\u017eavaju od 8. do 17. rujna pod visokim pokroviteljstvom hrvatske predsjednice Kolinde Grabar Kitarovi\u0107, ali petak donosi jo\u0161 nekoliko zanimljivih doga\u0111anja.<\/p>\n<p>Kao i svih dana trajanja vinkova\u010dke manifestacije, i danas u Slavonskom sokaku od 10 do 23 sata je Sajam gospodarstva, tradicijskih obrta i rukotvorina i na Trgu bana \u0160ok\u010devi\u0107a od 17 sati do sat iza pono\u0107i \u0161mekeri mogu ku\u0161ati vina u Vinskom gradu.<\/p>\n<p>Na pozornici u Slavonskom sokaku od 16,30 do 19 sati muziciraju momci iz TS Slavonski suton, a od 19,30 do 21,30 sati za ljubitelje urbane glazbe, Orion Full Band.<\/p>\n<p>Sve\u010danost otvorenja 52. Vinkova\u010dkih jeseni\u00a0\u00a0po\u010dinje u 20,30 sati i traje do 22 sata na velikoj pozornici na Trgu bana \u0160ok\u010devi\u0107a, a cijelu sve\u010danost \u0107e prenositi HRT. Ako \u017eele doznati detalje o programu sve\u010danog otvorenja, kao i o drugim priredbama, zainteresirani mogu na\u00a0\u00a0<a href=\"http:\/\/www.vinkovackejeseni.hr\/\">www.vinkovackejeseni.hr<\/a>\u00a0prona\u0107i detaljnije informacije. Nakon otvorenja, na istoj pozornici od 22 do 23 sata je Etno revija, a na sala\u0161u Tena odr\u017eat \u0107e se \u0160oka\u010dki divani. U \u0161atoru Vinkova\u010dkih jeseni od 22,30 sati do jedan sat iza pono\u0107i, du\u0161e mu\u0161ke populacije na Vinkova\u010dkim jesenima, razgalit \u0107e Lidija Ba\u010di\u0107.<\/p>","protected":false},"excerpt":{"rendered":"<p>Drugi petak ozna\u010dava po\u010detak vikenda kada se doga\u0111aju, po mnogima, najatraktivnije priredbe i vrhunac 52. Vinkova\u010dkih jeseni. Sredi\u0161nji doga\u0111aj je, naravno, sve\u010danost otvorenja 52. Vinkova\u010dkih jeseni \u0161to se odr\u017eavaju od 8. do 17. rujna pod visokim pokroviteljstvom hrvatske predsjednice Kolinde Grabar Kitarovi\u0107, ali petak donosi jo\u0161 nekoliko zanimljivih doga\u0111anja. Kao i svih dana trajanja vinkova\u010dke [&hellip;]<\/p>","protected":false},"author":3,"featured_media":2258,"comment_status":"closed","ping_status":"closed","sticky":false,"template":"","format":"standard","meta":{"_et_pb_use_builder":"","_et_pb_old_content":"","_et_gb_content_width":"","footnotes":""},"categories":[80,34],"tags":[],"class_list":["post-2576","post","type-post","status-publish","format-standard","has-post-thumbnail","hentry","category-80","category-najave"],"_links":{"self":[{"href":"https:\/\/vinkovackejeseni.hr\/en\/wp-json\/wp\/v2\/posts\/2576","targetHints":{"allow":["GET"]}}],"collection":[{"href":"https:\/\/vinkovackejeseni.hr\/en\/wp-json\/wp\/v2\/posts"}],"about":[{"href":"https:\/\/vinkovackejeseni.hr\/en\/wp-json\/wp\/v2\/types\/post"}],"author":[{"embeddable":true,"href":"https:\/\/vinkovackejeseni.hr\/en\/wp-json\/wp\/v2\/users\/3"}],"replies":[{"embeddable":true,"href":"https:\/\/vinkovackejeseni.hr\/en\/wp-json\/wp\/v2\/comments?post=2576"}],"version-history":[{"count":0,"href":"https:\/\/vinkovackejeseni.hr\/en\/wp-json\/wp\/v2\/posts\/2576\/revisions"}],"wp:featuredmedia":[{"embeddable":true,"href":"https:\/\/vinkovackejeseni.hr\/en\/wp-json\/wp\/v2\/media\/2258"}],"wp:attachment":[{"href":"https:\/\/vinkovackejeseni.hr\/en\/wp-json\/wp\/v2\/media?parent=2576"}],"wp:term":[{"taxonomy":"category","embeddable":true,"href":"https:\/\/vinkovackejeseni.hr\/en\/wp-json\/wp\/v2\/categories?post=2576"},{"taxonomy":"post_tag","embeddable":true,"href":"https:\/\/vinkovackejeseni.hr\/en\/wp-json\/wp\/v2\/tags?post=2576"}],"curies":[{"name":"wp","href":"https:\/\/api.w.org\/{rel}","templated":true}]}}