{"id":2574,"date":"2017-09-14T15:27:58","date_gmt":"2017-09-14T13:27:58","guid":{"rendered":"http:\/\/vinkovackejeseni.hr\/?p=2574"},"modified":"2017-09-14T15:27:58","modified_gmt":"2017-09-14T13:27:58","slug":"najbolji-kud-ovogodisnjih-folklornih-veceri-seljacka-sloga-iz-gradista","status":"publish","type":"post","link":"https:\/\/vinkovackejeseni.hr\/en\/najbolji-kud-ovogodisnjih-folklornih-veceri-seljacka-sloga-iz-gradista\/","title":{"rendered":"Najbolji KUD ovogodi\u0161njih Folklornih ve\u010deri \u201eSelja\u010dka sloga\u201c iz Gradi\u0161ta"},"content":{"rendered":"<p>Posebno stru\u010dno povjerenstvo koje je pratilo nastupe svih sudionika Folklornih ve\u010deri na ovogodi\u0161njim 52. Vinkova\u010dkim jesenima gdje je u pet ve\u010deri na pozornici u \u0161atoru Vinkova\u010dkih jeseni nastupilo 60-ak KUD-ova iz Vukovarsko-srijemske pa je to ujedno i \u017dupanijska smotra izvornog folklora, najboljom folklornom skupinom je ocijenilo KUD \u201eSelja\u010dka sloga\u201c iz Gradi\u0161ta. Ova folklorna skupina \u0107e predstavljati Vukovarsko-srijemsku \u017eupaniju na Dr\u017eavnoj smotri izvornog hrvatskog folklora sljede\u0107e godine na 53. Vinkova\u010dkim jesenima,\u00a0a drugoplasirani KUD \u201eSlavko Jankovi\u0107\u201c iz Rokovaca-Andrija\u0161evaca i tre\u0107eplasirani KUD \u201eBranimir\u201c iz Bo\u0161njaka predstavljat \u0107e najisto\u010dniju \u017eupaniju na smotrama folklora u Zagrebu i Metkovi\u0107u.<\/p>\n<p>\u010cetvrti je KUD \u201eOgranak selja\u010dke sloge\u201c iz Drenovaca, peta je \u201eGran\u010dica\u201c iz \u0110eletovaca, \u0161esti \u201eMatija Gubec\u201c iz Sotina, sedma je \u201eSelja\u010dka sloga\u201c Nu\u0161tar, osma \u201e\u0160okadija\u201c iz Lipovca, deveti su \u201eJankovci\u201c iz Starih Jankovaca i deseta \u201eSelja\u010dka sloga\u201c iz Bogdanovaca.<\/p>","protected":false},"excerpt":{"rendered":"<p>Posebno stru\u010dno povjerenstvo koje je pratilo nastupe svih sudionika Folklornih ve\u010deri na ovogodi\u0161njim 52. Vinkova\u010dkim jesenima gdje je u pet ve\u010deri na pozornici u \u0161atoru Vinkova\u010dkih jeseni nastupilo 60-ak KUD-ova iz Vukovarsko-srijemske pa je to ujedno i \u017dupanijska smotra izvornog folklora, najboljom folklornom skupinom je ocijenilo KUD \u201eSelja\u010dka sloga\u201c iz Gradi\u0161ta. Ova folklorna skupina \u0107e [&hellip;]<\/p>","protected":false},"author":3,"featured_media":2501,"comment_status":"closed","ping_status":"closed","sticky":false,"template":"","format":"standard","meta":{"_et_pb_use_builder":"","_et_pb_old_content":"","_et_gb_content_width":"","footnotes":""},"categories":[80,31,6],"tags":[],"class_list":["post-2574","post","type-post","status-publish","format-standard","has-post-thumbnail","hentry","category-80","category-novosti","category-vijesti"],"_links":{"self":[{"href":"https:\/\/vinkovackejeseni.hr\/en\/wp-json\/wp\/v2\/posts\/2574","targetHints":{"allow":["GET"]}}],"collection":[{"href":"https:\/\/vinkovackejeseni.hr\/en\/wp-json\/wp\/v2\/posts"}],"about":[{"href":"https:\/\/vinkovackejeseni.hr\/en\/wp-json\/wp\/v2\/types\/post"}],"author":[{"embeddable":true,"href":"https:\/\/vinkovackejeseni.hr\/en\/wp-json\/wp\/v2\/users\/3"}],"replies":[{"embeddable":true,"href":"https:\/\/vinkovackejeseni.hr\/en\/wp-json\/wp\/v2\/comments?post=2574"}],"version-history":[{"count":0,"href":"https:\/\/vinkovackejeseni.hr\/en\/wp-json\/wp\/v2\/posts\/2574\/revisions"}],"wp:featuredmedia":[{"embeddable":true,"href":"https:\/\/vinkovackejeseni.hr\/en\/wp-json\/wp\/v2\/media\/2501"}],"wp:attachment":[{"href":"https:\/\/vinkovackejeseni.hr\/en\/wp-json\/wp\/v2\/media?parent=2574"}],"wp:term":[{"taxonomy":"category","embeddable":true,"href":"https:\/\/vinkovackejeseni.hr\/en\/wp-json\/wp\/v2\/categories?post=2574"},{"taxonomy":"post_tag","embeddable":true,"href":"https:\/\/vinkovackejeseni.hr\/en\/wp-json\/wp\/v2\/tags?post=2574"}],"curies":[{"name":"wp","href":"https:\/\/api.w.org\/{rel}","templated":true}]}}