{"id":2547,"date":"2017-09-11T02:12:37","date_gmt":"2017-09-11T00:12:37","guid":{"rendered":"http:\/\/vinkovackejeseni.hr\/?p=2547"},"modified":"2017-09-11T02:12:37","modified_gmt":"2017-09-11T00:12:37","slug":"najava-cetvrtog-dana-52-vinkovackih-jeseni-ponedjeljak-11-rujna","status":"publish","type":"post","link":"https:\/\/vinkovackejeseni.hr\/en\/najava-cetvrtog-dana-52-vinkovackih-jeseni-ponedjeljak-11-rujna\/","title":{"rendered":"Najava \u010detvrtog dana 52. Vinkova\u010dkih jeseni &#8211; ponedjeljak 11. rujna"},"content":{"rendered":"<p>Osim Sajma gospodarstva, tradicijskih obrta i rukotvorina u Slavonskom sokaku od 10 do 23 sata i Vinskog grada na Trgu bana \u0160ok\u010devi\u0107a\u00a0\u00a0od 17 sati do sat iza pono\u0107i, na maloj pozornici u Slavonskom sokaku u sklopu Tamburice na sokaku, od 18 do 22 sata posjetitelje \u0107e zabavljati Tambura\u0161ki sastav Endemi. Dobar zalogaj se mo\u017ee pojesti u nekoj od ku\u0107ica Sokaka ili u restoranu uz Bosut.<br \/>\nLjubitelji folklora sigurno ne\u0107e izostati na Folklornim ve\u010derima \u0161to traju od 19 do 21 sat u \u0161atoru Vinkova\u010dkih jeseni\u00a0\u00a0i gdje \u0107e dio svoje tradicije pokazati KUD-ovi iz Gunje, Vukovara, Lipovca, dva iz Vinkovaca, Komletinaca, Ila\u010de, Bo\u0161njaka, Petrovaca, Prkovaca, Otoka i Drenovaca. Nakon Folklornih ve\u010deri\u00a0\u00a0u istom prostoru \u0107e od 21,30 do 23,30 sati odr\u017eati modna revija Loreena.<br \/>\nU O\u0160 Antuna Gustava Mato\u0161a odr\u017eava se Sajam sporta. Prije podne, na temu Zajedno protiv govora mr\u017enje, u\u010denici osmih razreda sudjelovat \u0107e na interaktivnoj radionici koja po\u010dine u 11,30 sati i od 12,15 sati na multimedijalnom kutku. U 13 sati je prezentacija sportova, a u 14 sati predstavljanje u izlo\u017ebenom prostoru.<br \/>\nU potkrovlju Gradskog muzeja, od 10 do 19 sati posjetitelji mogu besplatno razgledati multimedijalni postav Etnologija Vinkovaca i okolice.<\/p>","protected":false},"excerpt":{"rendered":"<p>Osim Sajma gospodarstva, tradicijskih obrta i rukotvorina u Slavonskom sokaku od 10 do 23 sata i Vinskog grada na Trgu bana \u0160ok\u010devi\u0107a\u00a0\u00a0od 17 sati do sat iza pono\u0107i, na maloj pozornici u Slavonskom sokaku u sklopu Tamburice na sokaku, od 18 do 22 sata posjetitelje \u0107e zabavljati Tambura\u0161ki sastav Endemi. Dobar zalogaj se mo\u017ee pojesti [&hellip;]<\/p>","protected":false},"author":3,"featured_media":2549,"comment_status":"closed","ping_status":"closed","sticky":false,"template":"","format":"standard","meta":{"_et_pb_use_builder":"","_et_pb_old_content":"","_et_gb_content_width":"","footnotes":""},"categories":[80,34],"tags":[],"class_list":["post-2547","post","type-post","status-publish","format-standard","has-post-thumbnail","hentry","category-80","category-najave"],"_links":{"self":[{"href":"https:\/\/vinkovackejeseni.hr\/en\/wp-json\/wp\/v2\/posts\/2547","targetHints":{"allow":["GET"]}}],"collection":[{"href":"https:\/\/vinkovackejeseni.hr\/en\/wp-json\/wp\/v2\/posts"}],"about":[{"href":"https:\/\/vinkovackejeseni.hr\/en\/wp-json\/wp\/v2\/types\/post"}],"author":[{"embeddable":true,"href":"https:\/\/vinkovackejeseni.hr\/en\/wp-json\/wp\/v2\/users\/3"}],"replies":[{"embeddable":true,"href":"https:\/\/vinkovackejeseni.hr\/en\/wp-json\/wp\/v2\/comments?post=2547"}],"version-history":[{"count":0,"href":"https:\/\/vinkovackejeseni.hr\/en\/wp-json\/wp\/v2\/posts\/2547\/revisions"}],"wp:featuredmedia":[{"embeddable":true,"href":"https:\/\/vinkovackejeseni.hr\/en\/wp-json\/wp\/v2\/media\/2549"}],"wp:attachment":[{"href":"https:\/\/vinkovackejeseni.hr\/en\/wp-json\/wp\/v2\/media?parent=2547"}],"wp:term":[{"taxonomy":"category","embeddable":true,"href":"https:\/\/vinkovackejeseni.hr\/en\/wp-json\/wp\/v2\/categories?post=2547"},{"taxonomy":"post_tag","embeddable":true,"href":"https:\/\/vinkovackejeseni.hr\/en\/wp-json\/wp\/v2\/tags?post=2547"}],"curies":[{"name":"wp","href":"https:\/\/api.w.org\/{rel}","templated":true}]}}