{"id":2533,"date":"2017-09-10T13:33:29","date_gmt":"2017-09-10T11:33:29","guid":{"rendered":"http:\/\/vinkovackejeseni.hr\/?p=2533"},"modified":"2017-09-10T13:33:29","modified_gmt":"2017-09-10T11:33:29","slug":"mali-folklorasi-u-mimohodu-pokazali-da-su-dostojni-cuvari-bastine-svojih-starih","status":"publish","type":"post","link":"https:\/\/vinkovackejeseni.hr\/en\/mali-folklorasi-u-mimohodu-pokazali-da-su-dostojni-cuvari-bastine-svojih-starih\/","title":{"rendered":"Mali folklora\u0161i u mimohodu pokazali da su dostojni \u010duvari ba\u0161tine svojih starih"},"content":{"rendered":"<p class=\"western\"><span style=\"font-family: Univers LT Cn Lt,sans-serif;\"><span style=\"font-size: large;\">Preko 2500 mali\u0161ana iz 58 dje\u010djih folklornih skupina iz svih hrvatskih \u017eupanija prodefiliralo je danas vinkova\u010dkim ulicama i trgovima i bio je to vrhunac ovogodi\u0161njih Dje\u010djih vinkova\u010dkih jeseni, jedne od najatraktivnijih priredbi 52. Vinkova\u010dkih jeseni \u0161to se odr\u017eavaju od 8. do 17. rujna. U mimohodu su sudjelovali mali folklora\u0161i sudionici me\u0111u\u017eupanijske smotre dje\u010djeg folklora \u0161to se ju\u010der i danas odr\u017eavaju u sklopu 52. Vinkova\u010dkih jeseni i sve dje\u010dje folklorne skupine iz Vukovarsko-srijemske \u017eupanije \u010diji KUD-ovi imaju dje\u010dje skupine. Mali folklora\u0161i odjeveni u sve\u010dane no\u0161nje svoga mjesta i kraja prodefilirali su Zvonimirovom ulicom, pro\u0161li Pje\u0161a\u010dkom zonom, Trgom bana \u0160ok\u010devi\u0107a, Dugom ulicom, Trgom Franje Tu\u0111mana i Slavonskim sokakom do \u0161atora Vinkova\u010dkih jeseni gdje je odr\u017ean poseban program i drugi dio me\u0111u\u017eupanijske smotre dje\u010djih folklornih skupina. Prolaze\u0107i u mimohodu, mali folklora\u0161i su izvodili dijelove svog programa, a ispred gimnazije u Pje\u0161a\u010dkoj zoni, svaka je skupina zastala i izvela jedan ples, neku igru, zapjevali koju dje\u010dju posko\u010dicu, brojalicu ili obi\u010daj i tako se predstavila publici koja ih je pljeskom nagra\u0111ivala cijelim putem mimohoda. Neki od sudionika su bili tako mali da su ih mame ili tate nosili u naru\u010dju, a neki su i zaspali umorni uljuljani u toplinu roditelja.<\/span><\/span><\/p>\n<p class=\"western\"><span style=\"font-family: Univers LT Cn Lt,sans-serif;\"><span style=\"font-size: large;\">Na \u010delu mimohoda su bili konjanici, zaprege, ma\u017eoretkinje i limena glazba i bila je to, u neku ruku, najava Sve\u010danog mimohoda sudionika 52. Vinkova\u010dkih jeseni \u0161to \u0107e se odr\u017eati sljede\u0107e nedjelje samo \u0161to dana\u0161nja mala zapre\u017ena kola voze mali \u0160okci s nakrivljenom \u0161oka\u010dkom kapom, konjanici su mali, ma\u017eoretkinje su male, a u narodnim no\u0161njama su djevoj\u010dice i dje\u010daci.<br \/>\nPonosno nose\u0107i narodnu no\u0161nju svoga mjesta i kraja, mali\u0161ani su pokazali da su marljivi i ponosni \u010duvari ba\u0161tine koju su naslijedili o svojih predaka, a to su brojni gledatelji znali nagraditi dugim pljeskom. <\/span><\/span><\/p>","protected":false},"excerpt":{"rendered":"<p>Preko 2500 mali\u0161ana iz 58 dje\u010djih folklornih skupina iz svih hrvatskih \u017eupanija prodefiliralo je danas vinkova\u010dkim ulicama i trgovima i bio je to vrhunac ovogodi\u0161njih Dje\u010djih vinkova\u010dkih jeseni, jedne od najatraktivnijih priredbi 52. Vinkova\u010dkih jeseni \u0161to se odr\u017eavaju od 8. do 17. rujna. U mimohodu su sudjelovali mali folklora\u0161i sudionici me\u0111u\u017eupanijske smotre dje\u010djeg folklora \u0161to [&hellip;]<\/p>","protected":false},"author":3,"featured_media":2535,"comment_status":"closed","ping_status":"closed","sticky":false,"template":"","format":"standard","meta":{"_et_pb_use_builder":"","_et_pb_old_content":"","_et_gb_content_width":"","footnotes":""},"categories":[80,31],"tags":[],"class_list":["post-2533","post","type-post","status-publish","format-standard","has-post-thumbnail","hentry","category-80","category-novosti"],"_links":{"self":[{"href":"https:\/\/vinkovackejeseni.hr\/en\/wp-json\/wp\/v2\/posts\/2533","targetHints":{"allow":["GET"]}}],"collection":[{"href":"https:\/\/vinkovackejeseni.hr\/en\/wp-json\/wp\/v2\/posts"}],"about":[{"href":"https:\/\/vinkovackejeseni.hr\/en\/wp-json\/wp\/v2\/types\/post"}],"author":[{"embeddable":true,"href":"https:\/\/vinkovackejeseni.hr\/en\/wp-json\/wp\/v2\/users\/3"}],"replies":[{"embeddable":true,"href":"https:\/\/vinkovackejeseni.hr\/en\/wp-json\/wp\/v2\/comments?post=2533"}],"version-history":[{"count":0,"href":"https:\/\/vinkovackejeseni.hr\/en\/wp-json\/wp\/v2\/posts\/2533\/revisions"}],"wp:featuredmedia":[{"embeddable":true,"href":"https:\/\/vinkovackejeseni.hr\/en\/wp-json\/wp\/v2\/media\/2535"}],"wp:attachment":[{"href":"https:\/\/vinkovackejeseni.hr\/en\/wp-json\/wp\/v2\/media?parent=2533"}],"wp:term":[{"taxonomy":"category","embeddable":true,"href":"https:\/\/vinkovackejeseni.hr\/en\/wp-json\/wp\/v2\/categories?post=2533"},{"taxonomy":"post_tag","embeddable":true,"href":"https:\/\/vinkovackejeseni.hr\/en\/wp-json\/wp\/v2\/tags?post=2533"}],"curies":[{"name":"wp","href":"https:\/\/api.w.org\/{rel}","templated":true}]}}