{"id":2495,"date":"2017-09-09T09:14:14","date_gmt":"2017-09-09T07:14:14","guid":{"rendered":"http:\/\/vinkovackejeseni.hr\/?p=2495"},"modified":"2017-09-09T09:14:14","modified_gmt":"2017-09-09T07:14:14","slug":"gradonacelnik-ivan-bosancic-proglasio-otvorenim-folklorne-veceri","status":"publish","type":"post","link":"https:\/\/vinkovackejeseni.hr\/en\/gradonacelnik-ivan-bosancic-proglasio-otvorenim-folklorne-veceri\/","title":{"rendered":"Gradona\u010delnik Ivan Bosan\u010di\u0107 proglasio otvorenim Folklorne ve\u010deri"},"content":{"rendered":"<p><strong>\u201ePosjetitelji na\u0161eg grada, gosti, osje\u0107ajte se ugodno u na\u0161em gradu narednih deset dana jer mi \u017eivimo ovaj kraj i obi\u010daje. Na na\u0161im 52. Vinkova\u010dkim jesenima imamo\u00a0 priliku vidjeti sve najbolje iz na\u0161e bogate tradicijske kulture. Vinkovci su ovih deset dana centar tradicijske kulture\u201c<\/strong> \u2013 rekao je vinkova\u010dki gradona\u010delnik Ivan Bosan\u010di\u0107 u prepunom \u0161atoru Vinkova\u010dkih jeseni progla\u0161avaju\u0107i otvorenim Folklorne ve\u010deri, jednu od uvodnih priredbi kojom su po\u010dele 52. Vinkova\u010dke jeseni. Na Folklornim ve\u010derima, jednoj od najposje\u0107enijih priredbi, u pet ve\u010deri nastupit \u0107e 60-ak folklornih skupina i KUD-ova iz Vukovarsko-srijemske \u017eupanije i \u00a0pokazat \u0107e ono najbolje \u0161to su naslijedili od svojih starih i po \u010demu je njihovo selo prepoznatljivo.<\/p>\n<p>Vukovarsko-srijemski \u017eupan Bo\u017eo Gali\u0107 je \u010destitao organizatorima na uspje\u0161noj organizaciji svih priredbi 52. Vinkova\u010dkih jeseni i po\u017eelio gostima da se ugodno osje\u0107aju i u\u017eivaju u najboljem \u0161to postoji u hrvatskom folkloru. Ivan Bosan\u010di\u0107, Bo\u017eo Gali\u0107, Mladen Karli\u0107, predsjednik Gradskog vije\u0107a i Luka Burilovi\u0107, predsjednik Hrvatske gospodarske komore, dovezli su se svatovskim zapregama do ulaza u Slavonski sokak gdje su ih do\u010dekali brojni folklora\u0161i.<\/p>\n<p><img loading=\"lazy\" decoding=\"async\" class=\"size-medium wp-image-2497 alignleft\" src=\"http:\/\/vinkovackejeseni.hr\/wp-content\/uploads\/2017\/09\/folkveceri2-300x200.jpg\" alt=\"\" width=\"300\" height=\"200\" \/>Sve\u010danost otvaranja Folklornih ve\u010deri, uveli\u010dalo i 19 hrvatskih ljepotica, kandidatkinja za Miss Hrvatske, pobjednica na regionalnim natjecanjima ljepote. One se pripremaju za natjecanje u Vinkovcima pa su za ovu prigodu \u00a0odjenule narodnu no\u0161nju kraja iz kojeg dolaze i rekle nekoliko rije\u010di o svom kraju.<\/p>\n<p>Prve ve\u010deri nastupilo je 12 KUD-ova \u00a0iz Rokovaca-Andrija\u0161evaca, Soljana, Bogdanovaca, Vinkovaca, Tovarnika, Ivankova, Jarmine, Nu\u0161tra, Babine Grede, Cerne, Ceri\u0107a i Starih Jankovaca.<\/p>\n\n\t\t<style type=\"text\/css\">\n\t\t\t#gallery-1 {\n\t\t\t\tmargin: auto;\n\t\t\t}\n\t\t\t#gallery-1 .gallery-item {\n\t\t\t\tfloat: left;\n\t\t\t\tmargin-top: 10px;\n\t\t\t\ttext-align: center;\n\t\t\t\twidth: 33%;\n\t\t\t}\n\t\t\t#gallery-1 img {\n\t\t\t\tborder: 2px solid #cfcfcf;\n\t\t\t}\n\t\t\t#gallery-1 .gallery-caption {\n\t\t\t\tmargin-left: 0;\n\t\t\t}\n\t\t\t\/* see gallery_shortcode() in wp-includes\/media.php *\/\n\t\t<\/style>\n\t\t<div id='gallery-1' class='gallery galleryid-2495 gallery-columns-3 gallery-size-thumbnail'><dl class='gallery-item'>\n\t\t\t<dt class='gallery-icon landscape'>\n\t\t\t\t<a href='https:\/\/vinkovackejeseni.hr\/en\/folkveceri6\/'><img loading=\"lazy\" decoding=\"async\" width=\"150\" height=\"150\" src=\"https:\/\/vinkovackejeseni.hr\/wp-content\/uploads\/2017\/09\/folkveceri6-150x150.jpg\" class=\"attachment-thumbnail size-thumbnail\" alt=\"\" \/><\/a>\n\t\t\t<\/dt><\/dl><dl class='gallery-item'>\n\t\t\t<dt class='gallery-icon landscape'>\n\t\t\t\t<a href='https:\/\/vinkovackejeseni.hr\/en\/folkveceri7\/'><img loading=\"lazy\" decoding=\"async\" width=\"150\" height=\"150\" src=\"https:\/\/vinkovackejeseni.hr\/wp-content\/uploads\/2017\/09\/folkveceri7-150x150.jpg\" class=\"attachment-thumbnail size-thumbnail\" alt=\"\" \/><\/a>\n\t\t\t<\/dt><\/dl><dl class='gallery-item'>\n\t\t\t<dt class='gallery-icon landscape'>\n\t\t\t\t<a href='https:\/\/vinkovackejeseni.hr\/en\/folkveceri8\/'><img loading=\"lazy\" decoding=\"async\" width=\"150\" height=\"150\" src=\"https:\/\/vinkovackejeseni.hr\/wp-content\/uploads\/2017\/09\/folkveceri8-150x150.jpg\" class=\"attachment-thumbnail size-thumbnail\" alt=\"\" \/><\/a>\n\t\t\t<\/dt><\/dl><br style=\"clear: both\" \/>\n\t\t<\/div>\n\n<p>&nbsp;<\/p>\n\n\t\t<style type=\"text\/css\">\n\t\t\t#gallery-2 {\n\t\t\t\tmargin: auto;\n\t\t\t}\n\t\t\t#gallery-2 .gallery-item {\n\t\t\t\tfloat: left;\n\t\t\t\tmargin-top: 10px;\n\t\t\t\ttext-align: center;\n\t\t\t\twidth: 33%;\n\t\t\t}\n\t\t\t#gallery-2 img {\n\t\t\t\tborder: 2px solid #cfcfcf;\n\t\t\t}\n\t\t\t#gallery-2 .gallery-caption {\n\t\t\t\tmargin-left: 0;\n\t\t\t}\n\t\t\t\/* see gallery_shortcode() in wp-includes\/media.php *\/\n\t\t<\/style>\n\t\t<div id='gallery-2' class='gallery galleryid-2495 gallery-columns-3 gallery-size-thumbnail'><dl class='gallery-item'>\n\t\t\t<dt class='gallery-icon landscape'>\n\t\t\t\t<a href='https:\/\/vinkovackejeseni.hr\/en\/folkveceri3\/'><img loading=\"lazy\" decoding=\"async\" width=\"150\" height=\"150\" src=\"https:\/\/vinkovackejeseni.hr\/wp-content\/uploads\/2017\/09\/folkveceri3-150x150.jpg\" class=\"attachment-thumbnail size-thumbnail\" alt=\"\" \/><\/a>\n\t\t\t<\/dt><\/dl><dl class='gallery-item'>\n\t\t\t<dt class='gallery-icon landscape'>\n\t\t\t\t<a href='https:\/\/vinkovackejeseni.hr\/en\/folkveceri4\/'><img loading=\"lazy\" decoding=\"async\" width=\"150\" height=\"150\" src=\"https:\/\/vinkovackejeseni.hr\/wp-content\/uploads\/2017\/09\/folkveceri4-150x150.jpg\" class=\"attachment-thumbnail size-thumbnail\" alt=\"\" \/><\/a>\n\t\t\t<\/dt><\/dl><dl class='gallery-item'>\n\t\t\t<dt class='gallery-icon landscape'>\n\t\t\t\t<a href='https:\/\/vinkovackejeseni.hr\/en\/folkveceri5\/'><img loading=\"lazy\" decoding=\"async\" width=\"150\" height=\"150\" src=\"https:\/\/vinkovackejeseni.hr\/wp-content\/uploads\/2017\/09\/folkveceri5-150x150.jpg\" class=\"attachment-thumbnail size-thumbnail\" alt=\"\" \/><\/a>\n\t\t\t<\/dt><\/dl><br style=\"clear: both\" \/>\n\t\t<\/div>\n\n<p>&nbsp;<\/p>","protected":false},"excerpt":{"rendered":"<p>\u201ePosjetitelji na\u0161eg grada, gosti, osje\u0107ajte se ugodno u na\u0161em gradu narednih deset dana jer mi \u017eivimo ovaj kraj i obi\u010daje. Na na\u0161im 52. Vinkova\u010dkim jesenima imamo\u00a0 priliku vidjeti sve najbolje iz na\u0161e bogate tradicijske kulture. Vinkovci su ovih deset dana centar tradicijske kulture\u201c \u2013 rekao je vinkova\u010dki gradona\u010delnik Ivan Bosan\u010di\u0107 u prepunom \u0161atoru Vinkova\u010dkih jeseni [&hellip;]<\/p>","protected":false},"author":3,"featured_media":2496,"comment_status":"closed","ping_status":"closed","sticky":false,"template":"","format":"standard","meta":{"_et_pb_use_builder":"","_et_pb_old_content":"","_et_gb_content_width":"","footnotes":""},"categories":[80],"tags":[],"class_list":["post-2495","post","type-post","status-publish","format-standard","has-post-thumbnail","hentry","category-80"],"_links":{"self":[{"href":"https:\/\/vinkovackejeseni.hr\/en\/wp-json\/wp\/v2\/posts\/2495","targetHints":{"allow":["GET"]}}],"collection":[{"href":"https:\/\/vinkovackejeseni.hr\/en\/wp-json\/wp\/v2\/posts"}],"about":[{"href":"https:\/\/vinkovackejeseni.hr\/en\/wp-json\/wp\/v2\/types\/post"}],"author":[{"embeddable":true,"href":"https:\/\/vinkovackejeseni.hr\/en\/wp-json\/wp\/v2\/users\/3"}],"replies":[{"embeddable":true,"href":"https:\/\/vinkovackejeseni.hr\/en\/wp-json\/wp\/v2\/comments?post=2495"}],"version-history":[{"count":0,"href":"https:\/\/vinkovackejeseni.hr\/en\/wp-json\/wp\/v2\/posts\/2495\/revisions"}],"wp:featuredmedia":[{"embeddable":true,"href":"https:\/\/vinkovackejeseni.hr\/en\/wp-json\/wp\/v2\/media\/2496"}],"wp:attachment":[{"href":"https:\/\/vinkovackejeseni.hr\/en\/wp-json\/wp\/v2\/media?parent=2495"}],"wp:term":[{"taxonomy":"category","embeddable":true,"href":"https:\/\/vinkovackejeseni.hr\/en\/wp-json\/wp\/v2\/categories?post=2495"},{"taxonomy":"post_tag","embeddable":true,"href":"https:\/\/vinkovackejeseni.hr\/en\/wp-json\/wp\/v2\/tags?post=2495"}],"curies":[{"name":"wp","href":"https:\/\/api.w.org\/{rel}","templated":true}]}}