{"id":2487,"date":"2017-09-08T16:40:37","date_gmt":"2017-09-08T14:40:37","guid":{"rendered":"http:\/\/vinkovackejeseni.hr\/?p=2487"},"modified":"2017-09-08T16:40:37","modified_gmt":"2017-09-08T14:40:37","slug":"gospodarska-konferencija-business-day-savjetuje-mlade-poduzetnike","status":"publish","type":"post","link":"https:\/\/vinkovackejeseni.hr\/en\/gospodarska-konferencija-business-day-savjetuje-mlade-poduzetnike\/","title":{"rendered":"Gospodarska konferencija Business Day savjetuje mlade poduzetnike"},"content":{"rendered":"<p>Gospodarska konferencija Business Day koja se u organizaciji Upravnog odjela gospodarstva Grada Vinkovaca, tvrtke Promo Cibalae i agencije za razvoj i investicije Vinkovaca VIA, odr\u017eala u Hotelu Villa Lenije, okupila je mlade poduzetnike, ali i ministre, vladine \u00a0du\u017enosnike i du\u017enosnike gospodarskih institucija koji su mogli neposredno poduzetnicima odgovoriti na njihova pitanja.<\/p>\n<p>Doma\u0107in, vinkova\u010dki gradona\u010delnik Ivan Bosan\u010di\u0107 je podsjetio kako u Vinkovcima postoji Poduzetni\u010dki inkubator, a uskoro \u0107e biti otvoren novi te da \u00a0gradska uprava provodi brojne mjere osna\u017eivanja gospodarstva:<\/p>\n<p><strong>\u201eLijepim rije\u010dima i \u0161irenjem optimizma mo\u017ee se pomo\u0107i gospodarstvu\u00a0 kao i \u0161irenjem glasa kako je ovdje povoljna poduzetni\u010dka klima. Koristit \u0107emo sve ljude u institucijama i u vlasti koji mogu pomo\u0107i\u201c<\/strong> \u2013 rekao je Bosan\u010di\u0107.<\/p>\n<p>Gabrijela \u017dalac, ministrica regionalnog razvoja i fondova EU, izrazila je zadovoljstvo \u0161to je gospodarstvo zauzelo va\u017eno mjestu u gradskoj vlasti. Podsjetila je da je hrvatska vlada 2017. godinu proglasila godinom poduzetni\u0161tva te je govorila o projektu Slavonija, Baranja i Srijem \u201ete\u017eak\u201c 2,5 milijardi eura.<\/p>\n<p><strong><img loading=\"lazy\" decoding=\"async\" class=\"size-medium wp-image-2489 alignleft\" src=\"http:\/\/vinkovackejeseni.hr\/wp-content\/uploads\/2017\/09\/BUSINESS2-300x200.jpg\" alt=\"\" width=\"300\" height=\"200\" \/>\u201eRadimo na ugovorima i ugovoreno je\u00a0preko 1,6 milijardi eura za malo poduzetni\u0161tvo. U tom projektu nije nam cilj samo potro\u0161iti sredstva ve\u0107 da \u0161to prije izradimo projekte i zato dobijemo novac. Po\u010detkom srpnja provedeni su svi projekti koji su stigli. Nikada nije bilo vi\u0161e novca na tr\u017ei\u0161tu nego sada i uspjeli smo osigurati dodatnih 6 posto sredstava, pa smo sada prema\u0161ili 12 posto ugovorenog novca. Pet slavonskih \u017eupanija zajedno su dogovorile poslove u proizvodnji hrane, poljoprivredi i prera\u0111iva\u010dkoj industriji. Ne smije biti nepovezanih projekata me\u0111u \u017eupanijama. Kao ministrica regionalnog razvoja i fondova EU bavim se nerazvijenim krajevima kako bi postigli razvijenost ostatka Hrvatske. Dogovoreno je da ovda\u0161nji poduzetnici dobiju dodatne bodove, poti\u010dimo otvaranje poduze\u0107a, posebice mladih poduzetnika\u201c<\/strong> \u2013 rekla je ministrica \u017dalac dodaju\u0107i kako se promijenila i klima u Vladi pa se dva puta godi\u0161nje odr\u017eavaju sastanci sa \u017eupanima i gradona\u010delnicima.<\/p>\n<p>Na panel raspravi bilo je govora o mogu\u0107nostima poduzetni\u0161tva koje valja iskoristiti, VIA je predstavila programe podr\u0161ke poduzetnicima, bilo je govora o mobilnom poslovanju, predstavljeni su primjeri dobre prakse vinkova\u010dki start up-ova, a mladi vinkova\u010dki poduzetnici su iznijeli svoja iskustva u pokretanju poduze\u0107a.<\/p>","protected":false},"excerpt":{"rendered":"<p>Gospodarska konferencija Business Day koja se u organizaciji Upravnog odjela gospodarstva Grada Vinkovaca, tvrtke Promo Cibalae i agencije za razvoj i investicije Vinkovaca VIA, odr\u017eala u Hotelu Villa Lenije, okupila je mlade poduzetnike, ali i ministre, vladine \u00a0du\u017enosnike i du\u017enosnike gospodarskih institucija koji su mogli neposredno poduzetnicima odgovoriti na njihova pitanja. Doma\u0107in, vinkova\u010dki gradona\u010delnik Ivan [&hellip;]<\/p>","protected":false},"author":3,"featured_media":2488,"comment_status":"closed","ping_status":"closed","sticky":false,"template":"","format":"standard","meta":{"_et_pb_use_builder":"","_et_pb_old_content":"","_et_gb_content_width":"","footnotes":""},"categories":[80],"tags":[],"class_list":["post-2487","post","type-post","status-publish","format-standard","has-post-thumbnail","hentry","category-80"],"_links":{"self":[{"href":"https:\/\/vinkovackejeseni.hr\/en\/wp-json\/wp\/v2\/posts\/2487","targetHints":{"allow":["GET"]}}],"collection":[{"href":"https:\/\/vinkovackejeseni.hr\/en\/wp-json\/wp\/v2\/posts"}],"about":[{"href":"https:\/\/vinkovackejeseni.hr\/en\/wp-json\/wp\/v2\/types\/post"}],"author":[{"embeddable":true,"href":"https:\/\/vinkovackejeseni.hr\/en\/wp-json\/wp\/v2\/users\/3"}],"replies":[{"embeddable":true,"href":"https:\/\/vinkovackejeseni.hr\/en\/wp-json\/wp\/v2\/comments?post=2487"}],"version-history":[{"count":0,"href":"https:\/\/vinkovackejeseni.hr\/en\/wp-json\/wp\/v2\/posts\/2487\/revisions"}],"wp:featuredmedia":[{"embeddable":true,"href":"https:\/\/vinkovackejeseni.hr\/en\/wp-json\/wp\/v2\/media\/2488"}],"wp:attachment":[{"href":"https:\/\/vinkovackejeseni.hr\/en\/wp-json\/wp\/v2\/media?parent=2487"}],"wp:term":[{"taxonomy":"category","embeddable":true,"href":"https:\/\/vinkovackejeseni.hr\/en\/wp-json\/wp\/v2\/categories?post=2487"},{"taxonomy":"post_tag","embeddable":true,"href":"https:\/\/vinkovackejeseni.hr\/en\/wp-json\/wp\/v2\/tags?post=2487"}],"curies":[{"name":"wp","href":"https:\/\/api.w.org\/{rel}","templated":true}]}}