{"id":2472,"date":"2017-09-08T07:59:05","date_gmt":"2017-09-08T05:59:05","guid":{"rendered":"http:\/\/vinkovackejeseni.hr\/?p=2472"},"modified":"2017-09-08T07:59:05","modified_gmt":"2017-09-08T05:59:05","slug":"danas-na-52-vinkovackim-jesenima-u-petak-8-rujna","status":"publish","type":"post","link":"https:\/\/vinkovackejeseni.hr\/en\/danas-na-52-vinkovackim-jesenima-u-petak-8-rujna\/","title":{"rendered":"Danas na 52. Vinkova\u010dkim jesenima, petak 8. rujna"},"content":{"rendered":"<p>Prvog dana 52. Vinkova\u010dkih jeseni zaista je bogat program. Danas ve\u0107 u 10 sati otvara se Slavonski sokak i Sajam gospodarstva, tradicijskih obrta i rukotvorina koji \u0107e biti otvoren svih dana ovogodi\u0161njih Vinkova\u010dkih jeseni do 23 sata (vikendom do pono\u0107i). Na Sajmu \u0107e poduzetnici i obrtnici na 36 \u0161tandova i 20 ku\u0107ica pokazati dio onoga \u0161to proizvode. Predstavit \u0107e se proizvo\u0111a\u010di tradicijskih proizvoda, pletenih ko\u0161ara, \u0161pencli, \u0161oka\u010dkih kapa, rukotvorina, mirisnih sapuna, u ku\u0107icama \u0107e biti ugostitelji, medari, proizvo\u0111a\u010di suhomesnatih delicija, rakije i vina, opreme za p\u010delarenje, drvene igra\u010dke, a predstavit \u0107e se i velike hrvatske tvrtke \u00a0poput Borova, Croatia Recordsa, Eurogrupe\u2026<\/p>\n<p>Od 11 do 15 sati u hotelu Villa Lenije odr\u017eava se Gospodarska konferencija Business day gdje nakon pozdravnih rije\u010di vinkova\u010dkog gradona\u010delnika Ivana Bosan\u010di\u0107a i ministrice regionalnog razvoja i fondova EU, Gabrijele \u017dalac, po\u010dinje panel rasprava o mogu\u0107nostima razvoja poduzetni\u0161tva. Vinkova\u010dka agencija VIA \u0107e iznijeti programe podr\u0161ke poduzetnicima, bit \u0107e rije\u010di o mobilnom poslovanju City Hub, predstavit \u0107e se vinkova\u010dki start up i primjeri dobre prakse, a o iskustvima u pokretanju poduze\u0107a govorit \u0107e mladi uspje\u0161ni poduzetnici.<\/p>\n<p>Danas u \u0161atoru Vinkova\u010dkih jeseni nakon polusatnog sve\u010danog otvorenja od 18,30 do 19 sati i kada ih gradona\u010delnik Ivan Bosan\u010di\u0107 proglasi otvorenim, po\u010dinju Folklorne ve\u010deri\u00a0 na kojima \u0107e svake ve\u010deri od danas do srijede (osim subote) nastupiti 60-ak folklornih skupina iz Vukovarsko-srijemske \u017eupanije, pa je to ujedno i \u017dupanijska smotra KUD-ova s koje najbolje ocijenjene skupine predstavljaju \u017dupaniju na dr\u017eavnoj i regionalnim smotrama. Prve ve\u010deri nastupa 12 KUD-ova iz: Rokovaca-Andrija\u0161evaca, Soljana, Bogdanovaca, Vinkovaca, Tovarnika, Ivankova, Jarmine, Nu\u0161tra, Babine Grede, Cerne, Ceri\u0107a i Starih Jankovaca.<\/p>\n<p>Danas je i nekoliko zanimljivih popratnih, ali ni\u0161ta manje va\u017enih, doga\u0111anja. U 17 sati, uz park preko puta Crvenog kri\u017ea, otvara se Vinski grad \u00a0gdje \u0107e Vinkov\u010dani i njihovi gosti mo\u0107i ku\u0161ati i po promotivnim cijenama kupiti, vina 20-tak doma\u0107ih i stranih vinarija. Vinski grad \u0107e biti otvoren od 17 do jedan sat iza pono\u0107i svih dana trajanja 52. Vinkova\u010dkih jeseni. \u00a0Uz dobro vino ide i dobar zalogaj, a za to \u0107e se pobrinuti Vindija s ponudom sireva i zagreba\u010dki ugostitelj Cheesebar s narescima, dnevno kuhanima jelima, grahom, raznim pa\u0161tama s morskim plodovima\u2026<\/p>\n<p>Na pozornici u Sokaku, redovito \u0107e se odr\u017eavati tambura\u0161ki koncerti najpopularnijih tambura\u0161kih sastava. Prvi \u0107e ve\u010deras u sklopu Tamburice na Sokaku od 18 do 20,30 sati nastupiti TS Slavonski suton.<\/p>\n<p>I ljubitelji piva \u0107e do\u0107i na svoje. U 20,30 sati u Slavonskom sokaku, majstori pivari, \u010dlanovi Udruge pivara La\u0161ko otvorit \u0107e tradicionalnim na\u010dinom pivsku ba\u010dvu La\u0161kog piva. Odmah potom, u 20,45 sati na pozornici uz pivnicu, po\u010dinje Koncert na Sokaku. Do 22,30 sati goste Sokaka \u0107e zabavljati Korzo trupa.<\/p>\n<p>Potom je u \u0161atoru Vinkova\u010dkih jeseni s po\u010detkom u 22,30 koncert popularnog Petra Gra\u0161e koji \u0107e publiku zabavljati do sat iza pono\u0107i.<\/p>\n<p>Od popratnih priredbi posjetitelji mogu svakog dana od 8. do 17. rujna od 10 do 19 sati razgledati u Gradskom muzeju izlo\u017ebu \u201eEtnologija Vinkovaca i okolice\u201c.<\/p>","protected":false},"excerpt":{"rendered":"<p>Prvog dana 52. Vinkova\u010dkih jeseni zaista je bogat program. Danas ve\u0107 u 10 sati otvara se Slavonski sokak i Sajam gospodarstva, tradicijskih obrta i rukotvorina koji \u0107e biti otvoren svih dana ovogodi\u0161njih Vinkova\u010dkih jeseni do 23 sata (vikendom do pono\u0107i). Na Sajmu \u0107e poduzetnici i obrtnici na 36 \u0161tandova i 20 ku\u0107ica pokazati dio onoga [&hellip;]<\/p>","protected":false},"author":3,"featured_media":2119,"comment_status":"closed","ping_status":"closed","sticky":false,"template":"","format":"standard","meta":{"_et_pb_use_builder":"","_et_pb_old_content":"","_et_gb_content_width":"","footnotes":""},"categories":[80],"tags":[],"class_list":["post-2472","post","type-post","status-publish","format-standard","has-post-thumbnail","hentry","category-80"],"_links":{"self":[{"href":"https:\/\/vinkovackejeseni.hr\/en\/wp-json\/wp\/v2\/posts\/2472","targetHints":{"allow":["GET"]}}],"collection":[{"href":"https:\/\/vinkovackejeseni.hr\/en\/wp-json\/wp\/v2\/posts"}],"about":[{"href":"https:\/\/vinkovackejeseni.hr\/en\/wp-json\/wp\/v2\/types\/post"}],"author":[{"embeddable":true,"href":"https:\/\/vinkovackejeseni.hr\/en\/wp-json\/wp\/v2\/users\/3"}],"replies":[{"embeddable":true,"href":"https:\/\/vinkovackejeseni.hr\/en\/wp-json\/wp\/v2\/comments?post=2472"}],"version-history":[{"count":0,"href":"https:\/\/vinkovackejeseni.hr\/en\/wp-json\/wp\/v2\/posts\/2472\/revisions"}],"wp:featuredmedia":[{"embeddable":true,"href":"https:\/\/vinkovackejeseni.hr\/en\/wp-json\/wp\/v2\/media\/2119"}],"wp:attachment":[{"href":"https:\/\/vinkovackejeseni.hr\/en\/wp-json\/wp\/v2\/media?parent=2472"}],"wp:term":[{"taxonomy":"category","embeddable":true,"href":"https:\/\/vinkovackejeseni.hr\/en\/wp-json\/wp\/v2\/categories?post=2472"},{"taxonomy":"post_tag","embeddable":true,"href":"https:\/\/vinkovackejeseni.hr\/en\/wp-json\/wp\/v2\/tags?post=2472"}],"curies":[{"name":"wp","href":"https:\/\/api.w.org\/{rel}","templated":true}]}}