{"id":2467,"date":"2017-09-07T13:36:08","date_gmt":"2017-09-07T11:36:08","guid":{"rendered":"http:\/\/vinkovackejeseni.hr\/?p=2467"},"modified":"2017-09-07T13:36:08","modified_gmt":"2017-09-07T11:36:08","slug":"prvi-maraton-lada-za-osobe-s-invaliditetom-i-kajakasku-regatu","status":"publish","type":"post","link":"https:\/\/vinkovackejeseni.hr\/en\/prvi-maraton-lada-za-osobe-s-invaliditetom-i-kajakasku-regatu\/","title":{"rendered":"Prvi maraton la\u0111a za osobe s invaliditetom i kajaka\u0161ka regata"},"content":{"rendered":"<p><span class=\"_3oh- _58nk\">Udruga Vinkova\u010dki la\u0111ari organizira prvi maraton la\u0111a za osobe s invaliditetom i kajaka\u0161ku regatu koja \u0107e se odr\u017eati dana 10. rujna 2017.g. s po\u010detkom u 12:00h na Bosutu. Program \u0107e sadr\u017eavati vo\u017enju \u010damcima i gliserima specijalno izgra\u0111enim za osobe s invaliditetom te natjecanje u \u010dikljama. Organizator ove kulturno sportske manifestacije su Vinkova\u010dki la\u0111ari, a uklju\u010deni su centri i \u0161kole za osobe s invaliditetom te kajaka\u0161ki klubovi. Do\u0111ite i podr\u017eite ovu lijepu sportsku pri\u010du.<\/span><\/p>\n<p><a href=\"http:\/\/vinkovackejeseni.hr\/wp-content\/uploads\/2017\/09\/21441556_10210197358226009_2470572_o.jpg\"><img loading=\"lazy\" decoding=\"async\" class=\"wp-image-2470 aligncenter\" src=\"http:\/\/vinkovackejeseni.hr\/wp-content\/uploads\/2017\/09\/21441556_10210197358226009_2470572_o.jpg\" alt=\"\" width=\"432\" height=\"243\" \/><\/a><a href=\"http:\/\/vinkovackejeseni.hr\/wp-content\/uploads\/2017\/09\/21469782_10210197357705996_686002045_n.jpg\"><img loading=\"lazy\" decoding=\"async\" class=\"wp-image-2469 aligncenter\" src=\"http:\/\/vinkovackejeseni.hr\/wp-content\/uploads\/2017\/09\/21469782_10210197357705996_686002045_n.jpg\" alt=\"\" width=\"430\" height=\"242\" \/><\/a><\/p>","protected":false},"excerpt":{"rendered":"<p>Udruga Vinkova\u010dki la\u0111ari organizira prvi maraton la\u0111a za osobe s invaliditetom i kajaka\u0161ku regatu koja \u0107e se odr\u017eati dana 10. rujna 2017.g. s po\u010detkom u 12:00h na Bosutu. Program \u0107e sadr\u017eavati vo\u017enju \u010damcima i gliserima specijalno izgra\u0111enim za osobe s invaliditetom te natjecanje u \u010dikljama. Organizator ove kulturno sportske manifestacije su Vinkova\u010dki la\u0111ari, a uklju\u010deni [&hellip;]<\/p>","protected":false},"author":2,"featured_media":2468,"comment_status":"closed","ping_status":"closed","sticky":false,"template":"","format":"standard","meta":{"_et_pb_use_builder":"","_et_pb_old_content":"","_et_gb_content_width":"","footnotes":""},"categories":[80,6],"tags":[],"class_list":["post-2467","post","type-post","status-publish","format-standard","has-post-thumbnail","hentry","category-80","category-vijesti"],"_links":{"self":[{"href":"https:\/\/vinkovackejeseni.hr\/en\/wp-json\/wp\/v2\/posts\/2467","targetHints":{"allow":["GET"]}}],"collection":[{"href":"https:\/\/vinkovackejeseni.hr\/en\/wp-json\/wp\/v2\/posts"}],"about":[{"href":"https:\/\/vinkovackejeseni.hr\/en\/wp-json\/wp\/v2\/types\/post"}],"author":[{"embeddable":true,"href":"https:\/\/vinkovackejeseni.hr\/en\/wp-json\/wp\/v2\/users\/2"}],"replies":[{"embeddable":true,"href":"https:\/\/vinkovackejeseni.hr\/en\/wp-json\/wp\/v2\/comments?post=2467"}],"version-history":[{"count":0,"href":"https:\/\/vinkovackejeseni.hr\/en\/wp-json\/wp\/v2\/posts\/2467\/revisions"}],"wp:featuredmedia":[{"embeddable":true,"href":"https:\/\/vinkovackejeseni.hr\/en\/wp-json\/wp\/v2\/media\/2468"}],"wp:attachment":[{"href":"https:\/\/vinkovackejeseni.hr\/en\/wp-json\/wp\/v2\/media?parent=2467"}],"wp:term":[{"taxonomy":"category","embeddable":true,"href":"https:\/\/vinkovackejeseni.hr\/en\/wp-json\/wp\/v2\/categories?post=2467"},{"taxonomy":"post_tag","embeddable":true,"href":"https:\/\/vinkovackejeseni.hr\/en\/wp-json\/wp\/v2\/tags?post=2467"}],"curies":[{"name":"wp","href":"https:\/\/api.w.org\/{rel}","templated":true}]}}