{"id":2460,"date":"2017-09-07T12:55:42","date_gmt":"2017-09-07T10:55:42","guid":{"rendered":"http:\/\/vinkovackejeseni.hr\/?p=2460"},"modified":"2017-09-07T12:55:42","modified_gmt":"2017-09-07T10:55:42","slug":"konferencija-business-day-promovira-vinkovacko-poduzetnistvo","status":"publish","type":"post","link":"https:\/\/vinkovackejeseni.hr\/en\/konferencija-business-day-promovira-vinkovacko-poduzetnistvo\/","title":{"rendered":"Konferencija Business day promovira vinkova\u010dko poduzetni\u0161tvo"},"content":{"rendered":"<p>Od 11 do 15 sati u hotelu Villa Lenije odr\u017eava se Gospodarska konferencija Business day na kojoj \u0107e se odr\u017eati panel rasprava o mogu\u0107nostima razvoja poduzetni\u0161tva. Vinkova\u010dka agencija VIA \u0107e iznijeti programe podr\u0161ke poduzetnicima, bit \u0107e rije\u010di o mobilnom poslovanju City Hub, predstavit \u0107e se vinkova\u010dki start up i primjeri dobre prakse, a o iskustvima u pokretanju poduze\u0107a govorit \u0107e mladi uspje\u0161ni poduzetnici.<\/p>\n<p><strong>\u201eDrago mi je da smo se ovom prigodom sastali po pitanju gospodarstva. Vinkova\u010dke jeseni prerastaju okvire grada Vinkovaca i na\u0161eg gospodarstva, jer koristi u promociji poduzetni\u0161tva i u cijelom gradu imamo prostor za izlaganje. Odlu\u010dili smo da ubudu\u0107e promoviramo na\u0161e tvrtke i mlade poduzetnike i drago nam je \u0161to mo\u017eemo pomo\u0107i poduzetnicima da prika\u017eu \u0161to rade. Moj rad je ina\u010de poglavito orijentiran ka stvaranju boljih uvjeta za na\u0161e gospodarstvenike i poduzetnike. U na\u0161em gradu ima poduzetni\u010dkih ideja, a Grad mora stati iza svojih poduzetnika, biti im partner, pru\u017eiti im prijateljski suport koji im treba posebice u po\u010detku. Oni su ti koji \u0107e potaknuti zapo\u0161ljavanje i koji \u0107e vratiti optimizam na\u0161im gra\u0111anima koji itekako zaslu\u017euju bolje. Manifestacija poput Vinkova\u010dkih jeseni daju priliku svima da prezentiraju svoje robe i usluge. Ova na\u0161a manifestacija mora se jo\u0161 vi\u0161e koristiti za promociju poput gospodarske konferencije Business Day\u201c <\/strong>\u2013 rekao je da dana\u0161njoj medijskoj konferenciji\u00a0Ivan Bosan\u010di\u0107, gradona\u010delnik Vinkovaca i predsjednik Organizacijskog odbora 52. Vinkova\u010dkih jeseni,\u00a0povodom gospodarske konferencije Business Day koja \u0107e se odr\u017eati sutra, u petak, 8. rujna.<\/p>\n<p><strong><img loading=\"lazy\" decoding=\"async\" class=\"size-medium wp-image-2462 alignleft\" src=\"http:\/\/vinkovackejeseni.hr\/wp-content\/uploads\/2017\/09\/Tiskovna_bd2-300x199.jpg\" alt=\"\" width=\"300\" height=\"199\" \/><\/strong>Vedran \u010culjak, pro\u010delnik Upravnog odjela gospodarstva Grada Vinkovaca, koji je uz agenciju VIA i Promo Cibalae organizator gospodarske konferencije, podsjetio je kako \u0107e na konferenciji biti rije\u010di o mogu\u0107nostima razvoja poduzetni\u0161tva:<\/p>\n<p><strong>\u201ePoduzetnici \u0107e dobiti upute kako povla\u010diti novac iz fondova EU, o mobilnom poslovanju, a vinkova\u010dki uspje\u0161ni poduzetnici \u0107e iznijeti primjere dobre prakse i svoja iskustva u pokretanju poduze\u0107a.\u201c \u2013 <\/strong>naglasio je \u010culjak.<\/p>\n<p>Mirta \u0160trk, direktorica Agencije za razvoj i investicije Grada Vinkovaca VIA , najavila je kako \u0107e na konferenciji upoznati nazo\u010dne s programima podr\u0161ke poduzetnicima i kako se prijaviti na natje\u010daje strukturnih fondova.<\/p>\n<p><strong>\u201eStart up-ovi iz Vinkovaca \u0107e \u00a0imati priliku govoriti o svojim iskustvima i dati informacije korisne poduzetnicima\u00a0i za dobrobit cijele zajednice\u201c<\/strong> \u2013 rekla je na kraju Mirta \u0160trk.<\/p>\n<p><a href=\"http:\/\/vinkovackejeseni.hr\/pec-events\/business-day\/1504868400\/\"><span style=\"color: #0000ff;\">Program Business day<\/span><\/a><\/p>","protected":false},"excerpt":{"rendered":"<p>Od 11 do 15 sati u hotelu Villa Lenije odr\u017eava se Gospodarska konferencija Business day na kojoj \u0107e se odr\u017eati panel rasprava o mogu\u0107nostima razvoja poduzetni\u0161tva. Vinkova\u010dka agencija VIA \u0107e iznijeti programe podr\u0161ke poduzetnicima, bit \u0107e rije\u010di o mobilnom poslovanju City Hub, predstavit \u0107e se vinkova\u010dki start up i primjeri dobre prakse, a o iskustvima [&hellip;]<\/p>","protected":false},"author":3,"featured_media":2461,"comment_status":"closed","ping_status":"closed","sticky":false,"template":"","format":"standard","meta":{"_et_pb_use_builder":"","_et_pb_old_content":"","_et_gb_content_width":"","footnotes":""},"categories":[80],"tags":[],"class_list":["post-2460","post","type-post","status-publish","format-standard","has-post-thumbnail","hentry","category-80"],"_links":{"self":[{"href":"https:\/\/vinkovackejeseni.hr\/en\/wp-json\/wp\/v2\/posts\/2460","targetHints":{"allow":["GET"]}}],"collection":[{"href":"https:\/\/vinkovackejeseni.hr\/en\/wp-json\/wp\/v2\/posts"}],"about":[{"href":"https:\/\/vinkovackejeseni.hr\/en\/wp-json\/wp\/v2\/types\/post"}],"author":[{"embeddable":true,"href":"https:\/\/vinkovackejeseni.hr\/en\/wp-json\/wp\/v2\/users\/3"}],"replies":[{"embeddable":true,"href":"https:\/\/vinkovackejeseni.hr\/en\/wp-json\/wp\/v2\/comments?post=2460"}],"version-history":[{"count":0,"href":"https:\/\/vinkovackejeseni.hr\/en\/wp-json\/wp\/v2\/posts\/2460\/revisions"}],"wp:featuredmedia":[{"embeddable":true,"href":"https:\/\/vinkovackejeseni.hr\/en\/wp-json\/wp\/v2\/media\/2461"}],"wp:attachment":[{"href":"https:\/\/vinkovackejeseni.hr\/en\/wp-json\/wp\/v2\/media?parent=2460"}],"wp:term":[{"taxonomy":"category","embeddable":true,"href":"https:\/\/vinkovackejeseni.hr\/en\/wp-json\/wp\/v2\/categories?post=2460"},{"taxonomy":"post_tag","embeddable":true,"href":"https:\/\/vinkovackejeseni.hr\/en\/wp-json\/wp\/v2\/tags?post=2460"}],"curies":[{"name":"wp","href":"https:\/\/api.w.org\/{rel}","templated":true}]}}